{"id":1128,"date":"2021-11-22T19:39:28","date_gmt":"2021-11-22T18:39:28","guid":{"rendered":"https:\/\/monblogeur.tech\/index.php\/2021\/11\/22\/joris-chougrani-a-le-coeur-sang-et-or-ladepeche-fr\/"},"modified":"2021-11-22T19:39:28","modified_gmt":"2021-11-22T18:39:28","slug":"joris-chougrani-a-le-coeur-sang-et-or-ladepeche-fr","status":"publish","type":"post","link":"https:\/\/monblogeur.tech\/index.php\/2021\/11\/22\/joris-chougrani-a-le-coeur-sang-et-or-ladepeche-fr\/","title":{"rendered":"Joris Chougrani a le c\u0153ur &quot;sang et or&quot; &#8211; ladepeche.fr"},"content":{"rendered":"<div class=\"cfbc967f0983488262956e73eca9483a\" data-index=\"1\" style=\"float: none; margin:10px 0 10px 0; text-align:center;\">\n<script async src=\"https:\/\/pagead2.googlesyndication.com\/pagead\/js\/adsbygoogle.js?client=ca-pub-3859091246952232\" crossorigin=\"anonymous\"><\/script>\r\n<!-- blok -->\r\n<ins class=\"adsbygoogle\" data-ad-client=\"ca-pub-3859091246952232\" data-ad-slot=\"1334354390\"><\/ins>\r\n<script>\r\n     (adsbygoogle = window.adsbygoogle || []).push({});\r\n<\/script>\r\n\n<\/div>\n<p>                                                                     <span class=\"article-full__chapo-label hide-on-small-only\">l&rsquo;essentiel<\/span>                                                                 Joris Chougrani joue en \u00e9quipe fanion de Rodez depuis onze saisons avec une r\u00e9gularit\u00e9 et une fid\u00e9lit\u00e9 au club rare dans le monde professionnel                             <br \/>Au moment de rencontrer Joris Chougrani et de l\u2019interviewer, il a fallu plonger dans les archives pour se rappeler de la date de ses d\u00e9buts en \u00e9quipe fanion du RAF. Pourquoi ? Car Joris est l\u00e0 depuis si longtemps qu\u2019on a le sentiment qu\u2019il a toujours port\u00e9 le maillot &quot;sang et or&quot;. On va encore plus loin dans cette id\u00e9e de continuit\u00e9 au point qu\u2019on l\u2019imagine en une belle ligne droite sans faille.<br \/>Une erreur ! &quot;J\u2019ai d\u00e9but\u00e9 en championnat National par un match \u00e0 Niort, le 6 ao\u00fbt 2010.<br \/>Ce fut une saison difficile, j\u2019\u00e9tais jeune, je descendais souvent en r\u00e9serve o\u00f9 je n\u2019occupais pas le m\u00eame poste qu\u2019en premi\u00e8re.<br \/>Ensuite, la saison suivante, on a chang\u00e9 d\u2019entra\u00eeneur avec la venue de Rui Pataca. Au d\u00e9but, ce ne fut pas facile avec lui car on ne s\u2019\u00e9tait pas compris lors d\u2019un match amical \u00e0 Vichy contre l\u2019UNFP. J\u2019ai alors fait le choix de terminer une formation professionnelle (BPJEPS), de donner moins de place au football dans ma vie et de travailler.<br \/>J\u2019\u00e9tais employ\u00e9 au centre a\u00e9r\u00e9 de Bozouls. J\u2019\u00e9tais \u00e9panoui de pouvoir d\u00e9couvrir une vie diff\u00e9rente et de jouer au football pour le plaisir. Ma saison s\u2019est achev\u00e9e de la meilleure des fa\u00e7ons. Quand on est un joueur professionnel, on vit dans une bulle, c\u2019est \u00e9vident. Nous sommes des privil\u00e9gi\u00e9s. Nous jouons sur des belles pelouses, dans de beaux stades. Nous nous d\u00e9pla\u00e7ons en avion. Quand nous \u00e9tions en National, nous prenions le bus pour aller \u00e0 Concarneau ou \u00e0 Avranches et on partait le jeudi. L\u00e0, en avion, on d\u00e9colle le matin pour rentrer chez soi le soir sans subir la fatigue d\u2019un long voyage&quot;.<br \/><span class=\"txt-int\">Des blessures<\/span><br \/>&quot;Plus tard, je me suis bless\u00e9 \u00e0 un cartilage de la hanche et suis rest\u00e9 2 mois sans marcher et ensuite 2 mois sans courir. D\u2019ennui, d\u2019\u00eatre inactif alors que je suis toujours en mouvement, je me suis mis \u00e0 manger et il a fallu perdre beaucoup de kilos superflus&quot;.<br \/>Joris en sourit aujourd\u2019hui. Les blessures l\u2019ont aussi aid\u00e9 \u00e0 relativiser. &quot;J\u2019ai aussi \u00e9t\u00e9 bless\u00e9 \u00e0 une jambe et je suis all\u00e9 en r\u00e9\u00e9ducation \u00e0 Capbtreton o\u00f9 j\u2019ai rencontr\u00e9 des gens beaucoup plus amoindris que moi\u2026&quot;<br \/>Le joueur en tire une force mentale qu\u2019il d\u00e9veloppe sur le terrain. &quot;On est pass\u00e9 du CFA au National puis \u00e0 la L2&quot;. Joris a \u00e9t\u00e9 \u00e9lu dans l\u2019\u00e9quipe type du National \u00e0 son poste de lat\u00e9ral.<br \/>Bien install\u00e9 dans le sch\u00e9ma en 3-5-2 de l\u2019entra\u00eeneur Laurent Peyrelade, il s\u2019est de nouveau en faveur du RAF, il y a quelques mois. &quot;Cela s\u2019est fait naturellement. Je me sens bien cette saison. C\u2019est plus simple. L\u2019an dernier, l\u2019arriv\u00e9e d\u2019un second enfant dans notre foyer a provoqu\u00e9 quelques nuits au sommeil difficile. Maintenant, cette \u00e9poque est franchie, tout va bien. Je me sens \u00e9panoui&quot;.<br \/>&quot;Il y a eu beaucoup de travail de r\u00e9alis\u00e9 afin d\u2019\u00eatre l\u00e0 o\u00f9 l\u2019on est en L2&quot;, expertise Joris Chougrani fort de ses 11 saisons de joueur en \u00e9quipe fanion. &quot;On a failli descendre en CFA2 et nous sommes en Ligue 2 avec le plus petit budget. Pourtant, cela fait trois ann\u00e9es que nous y sommes. Combien de fois j\u2019ai entendu des gens qui nous enterraient, je ne le sais plus ? L\u2019an dernier, on nous voyait descendre quand nous \u00e9tions derniers au classement. Mais, nous en interne, nous avons toujours cru en notre maintien. On est rest\u00e9 solidaire dans le groupe. Nous avons travaill\u00e9 avec un psychologue du sport qui nous a aid\u00e9s \u00e0 parler de ce qui n\u2019allait pas, \u00e0 mettre des mots, des sensations sur nos questions personnelles. Cela a \u00e9t\u00e9 b\u00e9n\u00e9fique pour avancer, r\u00e9agir sur le terrain, nous maintenir. C\u2019est d\u2019ailleurs une fiert\u00e9 que ce maintien l\u2019an dernier. Il n\u2019\u00e9tait vraiment pas \u00e9vident \u00e0 obtenir notamment quand on me rapportait toutes les critiques lues sur les r\u00e9seaux sociaux. Je ne suis pas branch\u00e9 r\u00e9seaux sociaux. Un jour, c\u2019est noir ; le lendemain, c\u2019est blanc. Le sport ne fonctionne pas de cette fa\u00e7on. On s\u2019attache \u00e0 \u00eatre exigeant \u00e0 l\u2019entra\u00eenement, \u00e0 respecter un plan, une m\u00e9thode de travail que l\u2019on ne peut pas remettre en cause suivant chaque r\u00e9sultat de match. D\u2019ailleurs, j\u2019aime sortir du monde du football avec mes proches, ma famille. Je ne vais pas leur faire la gueule parce qu\u2019on a perdu un match. Ils n\u2019y sont pour rien et n\u2019ont pas \u00e0 subir cette d\u00e9ception momentan\u00e9e. D\u2019ailleurs, quand je reviens au football, cette coupure m\u2019a fait du bien&quot;.<br \/>J&rsquo;ai d\u00e9j\u00e0 un compte<br \/>Je n&rsquo;ai pas de compte<br \/>Souhaitez-vous recevoir une notification lors de la r\u00e9ponse d\u2019un(e) internaute \u00e0 votre commentaire ?<\/p>\n<p><a href=\"https:\/\/www.ladepeche.fr\/2021\/11\/22\/joris-chougrani-a-le-coeur-sang-et-or-9942891.php\">source<\/a><\/p>\n<!--CusAds0-->\n<div style=\"font-size: 0px; height: 0px; line-height: 0px; margin: 0; padding: 0; clear: both;\"><\/div>","protected":false},"excerpt":{"rendered":"<p>l&rsquo;essentiel Joris Chougrani joue en \u00e9quipe fanion de Rodez depuis onze saisons avec une r\u00e9gularit\u00e9 et une fid\u00e9lit\u00e9 au club rare dans le monde professionnel Au moment de rencontrer Joris Chougrani et de l\u2019interviewer, il a fallu plonger dans les archives pour se rappeler de la date de ses d\u00e9buts en \u00e9quipe fanion du RAF. [&hellip;]<\/p>\n","protected":false},"author":1,"featured_media":0,"comment_status":"open","ping_status":"open","sticky":false,"template":"","format":"standard","meta":{"googlesitekit_rrm_CAow1sXXCw:productID":"","_jetpack_memberships_contains_paid_content":false,"footnotes":"","jetpack_publicize_message":"","jetpack_publicize_feature_enabled":true,"jetpack_social_post_already_shared":false,"jetpack_social_options":{"image_generator_settings":{"template":"highway","default_image_id":0,"font":"","enabled":false},"version":2}},"categories":[1],"tags":[],"class_list":["post-1128","post","type-post","status-publish","format-standard","hentry","category-non-classe"],"jetpack_publicize_connections":[],"jetpack_featured_media_url":"","jetpack_sharing_enabled":true,"_links":{"self":[{"href":"https:\/\/monblogeur.tech\/index.php\/wp-json\/wp\/v2\/posts\/1128","targetHints":{"allow":["GET"]}}],"collection":[{"href":"https:\/\/monblogeur.tech\/index.php\/wp-json\/wp\/v2\/posts"}],"about":[{"href":"https:\/\/monblogeur.tech\/index.php\/wp-json\/wp\/v2\/types\/post"}],"author":[{"embeddable":true,"href":"https:\/\/monblogeur.tech\/index.php\/wp-json\/wp\/v2\/users\/1"}],"replies":[{"embeddable":true,"href":"https:\/\/monblogeur.tech\/index.php\/wp-json\/wp\/v2\/comments?post=1128"}],"version-history":[{"count":0,"href":"https:\/\/monblogeur.tech\/index.php\/wp-json\/wp\/v2\/posts\/1128\/revisions"}],"wp:attachment":[{"href":"https:\/\/monblogeur.tech\/index.php\/wp-json\/wp\/v2\/media?parent=1128"}],"wp:term":[{"taxonomy":"category","embeddable":true,"href":"https:\/\/monblogeur.tech\/index.php\/wp-json\/wp\/v2\/categories?post=1128"},{"taxonomy":"post_tag","embeddable":true,"href":"https:\/\/monblogeur.tech\/index.php\/wp-json\/wp\/v2\/tags?post=1128"}],"curies":[{"name":"wp","href":"https:\/\/api.w.org\/{rel}","templated":true}]}}