{"id":1130,"date":"2021-11-22T19:55:40","date_gmt":"2021-11-22T18:55:40","guid":{"rendered":"https:\/\/monblogeur.tech\/index.php\/2021\/11\/22\/le-deploiement-de-la-valorisation-des-acquis-de-lexperience-de-lenseignement-technique-de-la-formation-professionnelle-et-lapprentissage-evalue-abidjan-net-news-abidjan-net\/"},"modified":"2021-11-22T19:55:40","modified_gmt":"2021-11-22T18:55:40","slug":"le-deploiement-de-la-valorisation-des-acquis-de-lexperience-de-lenseignement-technique-de-la-formation-professionnelle-et-lapprentissage-evalue-abidjan-net-news-abidjan-net","status":"publish","type":"post","link":"https:\/\/monblogeur.tech\/index.php\/2021\/11\/22\/le-deploiement-de-la-valorisation-des-acquis-de-lexperience-de-lenseignement-technique-de-la-formation-professionnelle-et-lapprentissage-evalue-abidjan-net-news-abidjan-net\/","title":{"rendered":"Le D\u00e9ploiement de la valorisation des acquis de l&#039;exp\u00e9rience de l&#039;Enseignement technique, de la Formation professionnelle et l&#039;Apprentissage \u00e9valu\u00e9 &#8211; Abidjan.net News &#8211; Abidjan.net"},"content":{"rendered":"<div class=\"cfbc967f0983488262956e73eca9483a\" data-index=\"1\" style=\"float: none; margin:10px 0 10px 0; text-align:center;\">\n<script async src=\"https:\/\/pagead2.googlesyndication.com\/pagead\/js\/adsbygoogle.js?client=ca-pub-3859091246952232\" crossorigin=\"anonymous\"><\/script>\r\n<!-- blok -->\r\n<ins class=\"adsbygoogle\" data-ad-client=\"ca-pub-3859091246952232\" data-ad-slot=\"1334354390\"><\/ins>\r\n<script>\r\n     (adsbygoogle = window.adsbygoogle || []).push({});\r\n<\/script>\r\n\n<\/div>\n<p>                         <input type=\"hidden\" name=\"cx\" value=\"004748131455301746118:434f-ulwnp4\" \/>                         <input type=\"hidden\" name=\"ie\" value=\"UTF-8\" \/>                         <input type=\"text\" placeholder=\"Rechercher...\" value=\"\" name=\"q\" id=\"q\" autocomplete=\"off\" \/>                         <input type=\"submit\" value=\"valider\">                     <br \/>                 <a href=\"https:\/\/news.abidjan.net\/articles\/societe\" class=\"cat\">Soci\u00e9t\u00e9<\/a>                 <span class=\"date\">Publi\u00e9 le lundi 15 novembre 2021  |  AIP<\/span>             <br \/><span class=\"sharethis-inline-share-buttons\"><\/span><br \/>Les acteurs et partenaires du secteur \u00c9ducation-Formation se sont r\u00e9unis du 8 au 11 novembre 2021 \u00e0 Grand-Bassam pour valider les diff\u00e9rents textes de mise en \u0153uvre du d\u00e9ploiement de l\u2019Apprentissage et de la Validation des Acquis de l\u2019Exp\u00e9rience (VAE), une initiative du minist\u00e8re de l\u2019Enseignement technique, de la Formation professionnelle et de l\u2019Apprentissage, \u00e0 travers la Direction de l&rsquo;Apprentissage et de l&rsquo;Insertion professionnelle (DAIP).<\/p>\n<p>Selon le minist\u00e8re, ces r\u00e9flexions ont b\u00e9n\u00e9fici\u00e9 de l\u2019appui de la phase 2 du Contrat de D\u00e9sendettement et de D\u00e9veloppement (C2D 2) pour \u00ab valider les textes juridiques relatifs \u00e0 la VAE, s&rsquo;accorder sur les diff\u00e9rents outils de mise en \u0153uvre des exp\u00e9riences pilotes de certifications, adopter les outils de management de l\u2019Apprentissage et convenir des travaux de mise \u00e0 niveau des plateaux techniques des ateliers dans dix \u00e9tablissements choisis \u00e0 cet effet.<\/p>\n<p>\u00c0 l\u2019issue des quatre jours de r\u00e9flexions, 63 livrables ont \u00e9t\u00e9 valid\u00e9s. Ils ont \u00e9t\u00e9 transmis, jeudi 11 novembre 2021, \u00e0 la cl\u00f4ture des travaux, \u00e0 Jean-Arnaud Kouakou, directeur de cabinet adjoint repr\u00e9sentant le ministre de l\u2019Enseignement technique, de la Formation professionnelle et de l&rsquo;Apprentissage, Dr N&rsquo;Guessan Koffi.<\/p>\n<p>\u00c0 cette tribune de cl\u00f4ture, le directeur de l\u2019Apprentissage et l\u2019Insertion professionnelle (DAIP), Nangalourou Tuo, pr\u00e9sident du Comit\u00e9 d&rsquo;organisation de l&rsquo;atelier a remerci\u00e9 et salu\u00e9 l&rsquo;ensemble des partenaires pour leur appui constant depuis le lancement des reformes de l\u2019Apprentissage.<\/p>\n<p>Au nom du ministre N\u2019Guessan Koffi, le directeur de cabinet adjoint a d\u00e9clar\u00e9 que le s\u00e9minaire constituait un jalon important de la r\u00e9forme de la formation par apprentissage.<\/p>\n<p>Il a affirm\u00e9 qu\u2019\u00e0 terme, l\u2019objectif est de doter la C\u00f4te d\u2019Ivoire d\u2019outils fiables et pertinents pour le d\u00e9ploiement d\u2019un dispositif d\u2019apprentissage de qualit\u00e9 dans tous les \u00e9tablissements de formation professionnelle.<\/p>\n<p>Il a enfin f\u00e9licit\u00e9 tous les participants pour la d\u00e9marche participative et a dit prendre bonne note des r\u00e9sultats et recommandations issus des travaux qui seront transmis et analys\u00e9s \u00e0 bonne fin par leurs destinataires.<\/p>\n<p>Pour pr\u00e9parer et valider ces outils, deux autres s\u00e9minaires ont \u00e9t\u00e9 organis\u00e9 par la Direction de l&rsquo;Apprentissage et de l&rsquo;Insertion professionnelle (DAIP) le premier du 19 au 22 et le second du 25 au 29 octobre 2021, rappelle-t-on.<\/p>\n<p>(AIP)<\/p>\n<p>aaa\/kam<br \/><span class=\"sharethis-inline-share-buttons\"><\/span><br \/><a href=\"\/dossier\/2122-activites-des-organisations-de-la-societe-civile\/articles\"                                            class=\"cta\">Plus d&rsquo;articles<\/a><br \/><em>Abidjan.net Mobile<\/em>D\u00e9couvrez nos applications mobile pour iPhone ou Android et nos services SMS<\/p>\n<p><a href=\"https:\/\/news.abidjan.net\/articles\/700339\/le-deploiement-de-la-valorisation-des-acquis-de-lexperience-de-lenseignement-technique-de-la-formation-professionnelle-et-lapprentissage-evalue\">source<\/a><\/p>\n<!--CusAds0-->\n<div style=\"font-size: 0px; height: 0px; line-height: 0px; margin: 0; padding: 0; clear: both;\"><\/div>","protected":false},"excerpt":{"rendered":"<p>Soci\u00e9t\u00e9 Publi\u00e9 le lundi 15 novembre 2021 | AIP Les acteurs et partenaires du secteur \u00c9ducation-Formation se sont r\u00e9unis du 8 au 11 novembre 2021 \u00e0 Grand-Bassam pour valider les diff\u00e9rents textes de mise en \u0153uvre du d\u00e9ploiement de l\u2019Apprentissage et de la Validation des Acquis de l\u2019Exp\u00e9rience (VAE), une initiative du minist\u00e8re de l\u2019Enseignement [&hellip;]<\/p>\n","protected":false},"author":1,"featured_media":0,"comment_status":"open","ping_status":"open","sticky":false,"template":"","format":"standard","meta":{"googlesitekit_rrm_CAow1sXXCw:productID":"","_jetpack_memberships_contains_paid_content":false,"footnotes":"","jetpack_publicize_message":"","jetpack_publicize_feature_enabled":true,"jetpack_social_post_already_shared":false,"jetpack_social_options":{"image_generator_settings":{"template":"highway","default_image_id":0,"font":"","enabled":false},"version":2}},"categories":[1],"tags":[],"class_list":["post-1130","post","type-post","status-publish","format-standard","hentry","category-non-classe"],"jetpack_publicize_connections":[],"jetpack_featured_media_url":"","jetpack_sharing_enabled":true,"_links":{"self":[{"href":"https:\/\/monblogeur.tech\/index.php\/wp-json\/wp\/v2\/posts\/1130","targetHints":{"allow":["GET"]}}],"collection":[{"href":"https:\/\/monblogeur.tech\/index.php\/wp-json\/wp\/v2\/posts"}],"about":[{"href":"https:\/\/monblogeur.tech\/index.php\/wp-json\/wp\/v2\/types\/post"}],"author":[{"embeddable":true,"href":"https:\/\/monblogeur.tech\/index.php\/wp-json\/wp\/v2\/users\/1"}],"replies":[{"embeddable":true,"href":"https:\/\/monblogeur.tech\/index.php\/wp-json\/wp\/v2\/comments?post=1130"}],"version-history":[{"count":0,"href":"https:\/\/monblogeur.tech\/index.php\/wp-json\/wp\/v2\/posts\/1130\/revisions"}],"wp:attachment":[{"href":"https:\/\/monblogeur.tech\/index.php\/wp-json\/wp\/v2\/media?parent=1130"}],"wp:term":[{"taxonomy":"category","embeddable":true,"href":"https:\/\/monblogeur.tech\/index.php\/wp-json\/wp\/v2\/categories?post=1130"},{"taxonomy":"post_tag","embeddable":true,"href":"https:\/\/monblogeur.tech\/index.php\/wp-json\/wp\/v2\/tags?post=1130"}],"curies":[{"name":"wp","href":"https:\/\/api.w.org\/{rel}","templated":true}]}}