{"id":1143,"date":"2021-11-22T22:43:30","date_gmt":"2021-11-22T21:43:30","guid":{"rendered":"https:\/\/monblogeur.tech\/index.php\/2021\/11\/22\/les-assises-de-lorientation-scolaire-se-tiennent-ce-jeudi-quel-est-lobjectif-de-ces-sessions-lalibre-be\/"},"modified":"2021-11-22T22:43:30","modified_gmt":"2021-11-22T21:43:30","slug":"les-assises-de-lorientation-scolaire-se-tiennent-ce-jeudi-quel-est-lobjectif-de-ces-sessions-lalibre-be","status":"publish","type":"post","link":"https:\/\/monblogeur.tech\/index.php\/2021\/11\/22\/les-assises-de-lorientation-scolaire-se-tiennent-ce-jeudi-quel-est-lobjectif-de-ces-sessions-lalibre-be\/","title":{"rendered":"Les Assises de l\u2019orientation scolaire se tiennent ce jeudi: quel est l&#039;objectif de ces sessions? &#8211; lalibre.be"},"content":{"rendered":"<div class=\"cfbc967f0983488262956e73eca9483a\" data-index=\"1\" style=\"float: none; margin:10px 0 10px 0; text-align:center;\">\n<script async src=\"https:\/\/pagead2.googlesyndication.com\/pagead\/js\/adsbygoogle.js?client=ca-pub-3859091246952232\" crossorigin=\"anonymous\"><\/script>\r\n<!-- blok -->\r\n<ins class=\"adsbygoogle\" data-ad-client=\"ca-pub-3859091246952232\" data-ad-slot=\"1334354390\"><\/ins>\r\n<script>\r\n     (adsbygoogle = window.adsbygoogle || []).push({});\r\n<\/script>\r\n\n<\/div>\n<p>Publi\u00e9 le <!-- -->22-11-2021 \u00e0 12h16<br \/>Profitez de notre <span class=\"uppercase font-bold\">offre du moment<\/span> et acc\u00e9dez \u00e0 tous nos articles en illimit\u00e9<br \/>ou<br \/>D\u00e9j\u00e0 abonn\u00e9 ?<a href=\"\/profil\/login\/\" target=\"_self\" class=\"ap-Restricted-link ml-2 mb-2\" data-optimize-paywall_connect_btn=\"web\" rel=\"noopener\">Connectez-vous<\/a><br \/>La ministre explique le choix du Codeco de ne pas imposer le masque dans les espaces publics aux enfants de moins de 10 ans.<br \/>Les ministres de l&#x27;Education et de la Sant\u00e9 en F\u00e9d\u00e9ration Wallonie-Bruxelles ne voient pas pourquoi on prendrait cette mesure aujourd&#x27;hui alors qu&#x27;on ne l&#x27;a jamais fait, m\u00eame en plein confinement et quand on ne parlait pas encore de vaccination de masse, d&#x27;autant que les \u00e9coles sont d\u00e9j\u00e0 tr\u00e8s surveill\u00e9es.<br \/>Le sup\u00e9rieur et la promotion sociale doivent aussi placer des d\u00e9tecteurs de CO2, comme l\u2019enseignement obligatoire.<br \/>Pas de masque pour les \u00e9l\u00e8ves avant la premi\u00e8re secondaire mais, face au virus, une grande attention reste port\u00e9e sur les gestes sanitaires. L\u2019a\u00e9ration en particulier.<br \/>Les autres sites IPM<br \/>Contactez-nous<br \/>Mention l\u00e9gales<br \/>Copyright \u00a9 La Libre.be 1996-2021 Ipm sa &#8211; IPM | Ce site est   prot\u00e9g\u00e9 par le droit d&#x27;auteur<\/p>\n<p><a href=\"https:\/\/www.lalibre.be\/belgique\/enseignement\/2021\/11\/22\/les-assises-de-lorientation-scolaire-se-tiennent-ce-jeudi-quel-est-lobjectif-de-ces-sessions-6YDQBBSIINB2JOU2YI6TLYWAA4\/\">source<\/a><\/p>\n<!--CusAds0-->\n<div style=\"font-size: 0px; height: 0px; line-height: 0px; margin: 0; padding: 0; clear: both;\"><\/div>","protected":false},"excerpt":{"rendered":"<p>Publi\u00e9 le 22-11-2021 \u00e0 12h16Profitez de notre offre du moment et acc\u00e9dez \u00e0 tous nos articles en illimit\u00e9ouD\u00e9j\u00e0 abonn\u00e9 ?Connectez-vousLa ministre explique le choix du Codeco de ne pas imposer le masque dans les espaces publics aux enfants de moins de 10 ans.Les ministres de l&#x27;Education et de la Sant\u00e9 en F\u00e9d\u00e9ration Wallonie-Bruxelles ne voient [&hellip;]<\/p>\n","protected":false},"author":1,"featured_media":0,"comment_status":"open","ping_status":"open","sticky":false,"template":"","format":"standard","meta":{"googlesitekit_rrm_CAow1sXXCw:productID":"","_jetpack_memberships_contains_paid_content":false,"footnotes":"","jetpack_publicize_message":"","jetpack_publicize_feature_enabled":true,"jetpack_social_post_already_shared":false,"jetpack_social_options":{"image_generator_settings":{"template":"highway","default_image_id":0,"font":"","enabled":false},"version":2}},"categories":[1],"tags":[],"class_list":["post-1143","post","type-post","status-publish","format-standard","hentry","category-non-classe"],"jetpack_publicize_connections":[],"jetpack_featured_media_url":"","jetpack_sharing_enabled":true,"_links":{"self":[{"href":"https:\/\/monblogeur.tech\/index.php\/wp-json\/wp\/v2\/posts\/1143","targetHints":{"allow":["GET"]}}],"collection":[{"href":"https:\/\/monblogeur.tech\/index.php\/wp-json\/wp\/v2\/posts"}],"about":[{"href":"https:\/\/monblogeur.tech\/index.php\/wp-json\/wp\/v2\/types\/post"}],"author":[{"embeddable":true,"href":"https:\/\/monblogeur.tech\/index.php\/wp-json\/wp\/v2\/users\/1"}],"replies":[{"embeddable":true,"href":"https:\/\/monblogeur.tech\/index.php\/wp-json\/wp\/v2\/comments?post=1143"}],"version-history":[{"count":0,"href":"https:\/\/monblogeur.tech\/index.php\/wp-json\/wp\/v2\/posts\/1143\/revisions"}],"wp:attachment":[{"href":"https:\/\/monblogeur.tech\/index.php\/wp-json\/wp\/v2\/media?parent=1143"}],"wp:term":[{"taxonomy":"category","embeddable":true,"href":"https:\/\/monblogeur.tech\/index.php\/wp-json\/wp\/v2\/categories?post=1143"},{"taxonomy":"post_tag","embeddable":true,"href":"https:\/\/monblogeur.tech\/index.php\/wp-json\/wp\/v2\/tags?post=1143"}],"curies":[{"name":"wp","href":"https:\/\/api.w.org\/{rel}","templated":true}]}}