{"id":1166,"date":"2021-11-23T00:44:25","date_gmt":"2021-11-22T23:44:25","guid":{"rendered":"https:\/\/monblogeur.tech\/index.php\/2021\/11\/23\/pour-les-jeunes-enseignants-le-choc-a-toujours-lieu-entre-lideal-du-metier-et-le-reel-le-monde\/"},"modified":"2021-11-23T00:44:25","modified_gmt":"2021-11-22T23:44:25","slug":"pour-les-jeunes-enseignants-le-choc-a-toujours-lieu-entre-lideal-du-metier-et-le-reel-le-monde","status":"publish","type":"post","link":"https:\/\/monblogeur.tech\/index.php\/2021\/11\/23\/pour-les-jeunes-enseignants-le-choc-a-toujours-lieu-entre-lideal-du-metier-et-le-reel-le-monde\/","title":{"rendered":"Pour les jeunes enseignants, \u00ab le choc a toujours lieu entre l&#039;id\u00e9al du m\u00e9tier et le r\u00e9el \u00bb &#8211; Le Monde"},"content":{"rendered":"<div class=\"cfbc967f0983488262956e73eca9483a\" data-index=\"1\" style=\"float: none; margin:10px 0 10px 0; text-align:center;\">\n<script async src=\"https:\/\/pagead2.googlesyndication.com\/pagead\/js\/adsbygoogle.js?client=ca-pub-3859091246952232\" crossorigin=\"anonymous\"><\/script>\r\n<!-- blok -->\r\n<ins class=\"adsbygoogle\" data-ad-client=\"ca-pub-3859091246952232\" data-ad-slot=\"1334354390\"><\/ins>\r\n<script>\r\n     (adsbygoogle = window.adsbygoogle || []).push({});\r\n<\/script>\r\n\n<\/div>\n<p>Consulter<br \/>le journal<br \/>Yannick Jadot veut rassembler la gauche \u00e0 la pr\u00e9sidentielle, Anne Hidalgo r\u00e9pond que seule \u00ab\u00a0la social-d\u00e9mocratie\u00a0\u00bb peut y parvenir<br \/>Pr\u00e9sidentielle 2022\u00a0: LRM d\u00e9j\u00e0 en qu\u00eate des parrainages pour Emmanuel Macron<br \/>\u00ab\u00a0Loin d\u2019\u00eatre une course de petits chevaux, la \u201cprimaire populaire\u201d pourrait permettre un rassemblement autour des sujets de fond\u00a0\u00bb<br \/>Fabien Roussel lance sa campagne sur la valeur travail<br \/>Dans les entreprises, la tension monte sur les salaires<br \/>Droits des travailleurs des plates-formes\u00a0: comment ub\u00e9riser sans pr\u00e9cariser<br \/>\u00ab\u00a0La bitcoinmania de Nayib Bukele d\u00e9pla\u00eet aux trois quarts des Salvadoriens\u00a0\u00bb<br \/>Emmanuel Combe\u00a0: \u00ab\u00a0L\u2019Europe ne doit pas d\u00e9sarmer sa politique de concurrence\u00a0\u00bb<br \/>Jane Goodall et les singes : l\u2019envers d\u2019un clich\u00e9 &#8211; Flashback #6<br \/>Avoir 20\u00a0ans en\u00a02020\u00a0: des \u00e9tudiants racontent leur pr\u00e9carit\u00e9 face au Covid-19<br \/>Ce que les vid\u00e9os de djihadistes au Sahel r\u00e9v\u00e8lent de leurs armes et de leurs m\u00e9thodes<br \/>La d\u00e9sob\u00e9issance civile non violente est-elle efficace\u00a0?<br \/>L\u2019Ethiopie, une nation en danger<br \/>Jean Pisani-Ferry\u00a0: \u00ab\u00a0Dans l\u2019optique de la pr\u00e9sidentielle 2022, la clart\u00e9 sur les choix est une condition de la l\u00e9gitimit\u00e9 de l\u2019action \u00e0 venir\u00a0\u00bb<br \/>\u00ab\u00a0La lutte contre le d\u00e9r\u00e8glement climatique et l\u2019int\u00e9gration des jeunes dans notre soci\u00e9t\u00e9 sont deux d\u00e9fis \u00e9troitement li\u00e9s\u00a0\u00bb<br \/>JO de P\u00e9kin\u00a0: l\u2019in\u00e9vitable question des droits de l\u2019homme<br \/>\u00ab\u00a0Passing\u00a0\u00bb, sur Netflix\u00a0: les clairs-obscurs de la \u00ab\u00a0Harlem Renaissance\u00a0\u00bb<br \/>Antonio Dikele Distefano, prendre sa place<br \/>Quatre s\u00e9ries coup de poing et une com\u00e9die pour changer du t\u00e9l\u00e9film de No\u00ebl<br \/>Au campus Condorcet, la mati\u00e8re grise, c\u2019est du b\u00e9ton<br \/>Le kidnappeur d\u2019enfant qui jouait \u00e0 la poup\u00e9e<br \/>Comment Vincent Bollor\u00e9 mobilise son empire m\u00e9diatique pour peser sur la pr\u00e9sidentielle<br \/>S\u2019aimer comme on se quitte\u00a0: \u00ab\u00a0Jusqu\u2019\u00e0 4 heures du matin, on se rappelle les bons souvenirs\u00a0\u00bb<br \/>Les arancinis : la recette d\u2019Elisabeth Debourse<br \/>Services Le Monde<br \/>Services partenaires<br \/>Suppl\u00e9ments partenaires<br \/>    Selon la sociologue Fran\u00e7oise Lantheaume, les conditions d\u2019entr\u00e9e dans le m\u00e9tier sont tr\u00e8s difficiles pour nombre de jeunes enseignants, qui mettent du temps \u00e0 s\u2019acclimater \u00e0 la r\u00e9alit\u00e9 de la profession. <br \/>    <span class=\"meta__author meta__author--header\" id=\"js-authors-list\">  Propos recueillis par <a class=\"article__author-link\" href=\"\/signataires\/mattea-battaglia\/\">Mattea Battaglia<\/a>   <\/span>    <br \/> <span class=\"icon__reading-time\"><\/span> <span class=\"sr-only\">Temps de <\/span>Lecture 5 min. <br \/><span class=\"icon__premium\"><\/span>Article r\u00e9serv\u00e9 aux abonn\u00e9s<br \/>Fran\u00e7oise Lantheaume, sociologue, chercheuse en sciences de l\u2019\u00e9ducation \u00e0 l\u2019universit\u00e9 Lyon-II, est la co-auteure de <em>Durer dans le m\u00e9tier<\/em> <em>d\u2019enseignant <\/em>(Academia-L\u2019Harmattan, 2019). Elle rappelle que le mouvement de d\u00e9missions \u00e0 l\u2019\u00e9cole n\u2019est pas <em>\u00ab\u00a0propre \u00e0 la France\u00a0\u00bb, <\/em>avant d\u2019en analyser les raisons et l\u2019impact au sein d\u2019un secteur de plus en plus <em>\u00ab\u00a0h\u00e9t\u00e9rog\u00e8ne\u00a0\u00bb.<\/em><br \/>C\u2019est un ph\u00e9nom\u00e8ne nouveau, \u00e0 relativiser rapport\u00e9 au volume global d\u2019enseignants, mais qui commence \u00e0 \u00eatre document\u00e9\u00a0: le service statistique du minist\u00e8re de l\u2019\u00e9ducation <em>[la<\/em> <em>direction de l\u2019\u00e9valuation, de la prospective et de la performance, DEPP]<\/em> a compt\u00e9 0,2\u00a0% de d\u00e9missionnaires en\u00a02020, contre 0,08\u00a0% durant l\u2019ann\u00e9e scolaire 2012-2013. Les d\u00e9parts de stagiaires expliquent en grande partie cette \u00e9volution, nous dit la DEPP, \u00e9volution amplifi\u00e9e par l\u2019augmentation des postes aux concours sur les ann\u00e9es de l\u2019enqu\u00eate. Seulement 0,1\u00a0% des titulaires qui enseignent depuis au moins cinq ans d\u00e9missionnent, contre 2,6\u00a0% des stagiaires.<br \/>Au-del\u00e0 du tableau statistique g\u00e9n\u00e9ral, des in\u00e9galit\u00e9s territoriales fortes se dessinent. D\u2019une acad\u00e9mie \u00e0 l\u2019autre, on peut avoir des publics d\u2019enseignants et des conditions d\u2019exercice tr\u00e8s diff\u00e9rents qui ont des cons\u00e9quences sur les d\u00e9missions\u2026 ou sur la pers\u00e9v\u00e9rance.<br \/>Non seulement elles ne sont pas propres \u00e0 la France, mais elles peuvent \u00eatre bien plus importantes ailleurs. Aux Etats-Unis, on compte entre 30\u00a0% et 50\u00a0% de d\u00e9missionnaires sur les cinq premi\u00e8res ann\u00e9es d\u2019exercice. Au Royaume-Uni, sur les trois premi\u00e8res ann\u00e9es, 40\u00a0% des enseignants d\u00e9missionnent. C\u2019est vrai qu\u2019il n\u2019y a pas, l\u00e0-bas, de fonctionnaires. En Allemagne, on atteint un taux de 5\u00a0%, au Portugal, 4\u00a0%.<br \/>L\u2019acclimatation au m\u00e9tier se fait tardivement pour beaucoup d\u2019enseignants. La formation est d\u2019un haut niveau disciplinaire, mais le lien avec la pratique est dilu\u00e9. Il y a aussi une fausse id\u00e9e partag\u00e9e par les enseignants novices qui voudrait que la formation r\u00e9ponde \u00e0 toutes les situations de la vie de la classe. Or le choc a toujours lieu \u2013 et a toujours eu lieu \u2013 entre l\u2019id\u00e9al <em>[du m\u00e9tier]<\/em> et le r\u00e9el. La r\u00e9alit\u00e9 du travail est toujours pleine d\u2019impr\u00e9vus.<br \/><strong>Il vous reste 61.34% de cet article \u00e0 lire. La suite est r\u00e9serv\u00e9e aux abonn\u00e9s.<\/strong><br \/>Lecture du <i>Monde<\/i> en cours sur un autre appareil.<br \/>Vous pouvez lire <i>Le Monde<\/i> sur un seul appareil \u00e0 la fois<br \/>Ce message s\u2019affichera sur l\u2019autre appareil.<br \/>Parce qu\u2019une autre personne (ou vous) est en train de lire <i>Le Monde<\/i> avec ce compte sur un autre appareil.<br \/>Vous ne pouvez lire <i>Le Monde<\/i> que sur <strong>un seul appareil<\/strong> \u00e0 la fois (ordinateur, t\u00e9l\u00e9phone ou tablette).<br \/>Comment ne plus voir ce message ?<br \/>En cliquant sur \u00ab\u00a0<button type=\"button\" class=\"capping__link js-capping-close js-capping-close-extended\">Continuer \u00e0 lire ici<\/button>\u00a0\u00bb et en vous assurant que vous \u00eates la seule personne \u00e0 consulter <i>Le Monde<\/i> avec ce compte.<br \/>Que se passera-t-il si vous continuez \u00e0 lire ici ?<br \/>Ce message s\u2019affichera sur l\u2019autre appareil. Ce dernier restera connect\u00e9 avec ce compte.<br \/>Y a-t-il d\u2019autres limites ?<br \/>Non. Vous pouvez vous connecter avec votre compte sur autant d\u2019appareils que vous le souhaitez, mais en les utilisant \u00e0 des moments diff\u00e9rents.<br \/>Vous ignorez qui est l\u2019autre personne ?<br \/>Nous vous conseillons de <a href=\"https:\/\/secure.lemonde.fr\/sfuser\/password\/lost\" class=\"capping__link js-capping-password\">modifier votre mot de passe<\/a>.<br \/>Acc\u00e9dez \u00e0 <strong>tous les contenus du Monde<\/strong> en illimit\u00e9.<br \/>Soutenez <strong>le journalisme d\u2019investigation et une r\u00e9daction ind\u00e9pendante<\/strong>.<br \/>Consultez le <strong>journal num\u00e9rique <span class=\"paywall__option-quickfix\">et ses suppl\u00e9ments, <\/span>chaque jour avant 13h<\/strong>.<br \/>Pour soutenir le travail de toute une r\u00e9daction, nous vous proposons de vous abonner.<br \/>Vous avez choisi <button type=\"button\" class=\"gdpr-cs-parameters-link message__cmp-link js-register-banner-cookies\">de refuser le d\u00e9p\u00f4t de cookies<\/button> lors de votre navigation sur notre site, notamment des cookies de publicit\u00e9 personnalis\u00e9e.<br \/>Le contenu de ce site est le fruit du travail de 500 journalistes qui vous apportent chaque jour une information de qualit\u00e9, fiable, compl\u00e8te, et des services en ligne innovants. Ce travail s\u2019appuie sur les revenus compl\u00e9mentaires de la publicit\u00e9 et de l\u2019abonnement.<br \/>D\u00e9j\u00e0 abonn\u00e9? <a href=\"https:\/\/secure.lemonde.fr\/sfuser\/connexion\" class=\"message__link js-register-banner-login\">Connectez-vous<\/a><br \/>Newsletters du monde<br \/>Applications Mobiles<br \/>Abonnement<br \/>Suivez Le Monde<\/p>\n<p><a href=\"https:\/\/www.lemonde.fr\/societe\/article\/2021\/11\/22\/pour-les-jeunes-enseignants-le-choc-a-toujours-lieu-entre-l-ideal-du-metier-et-le-reel_6103132_3224.html\">source<\/a><\/p>\n<!--CusAds0-->\n<div style=\"font-size: 0px; height: 0px; line-height: 0px; margin: 0; padding: 0; clear: both;\"><\/div>","protected":false},"excerpt":{"rendered":"<p>Consulterle journalYannick Jadot veut rassembler la gauche \u00e0 la pr\u00e9sidentielle, Anne Hidalgo r\u00e9pond que seule \u00ab\u00a0la social-d\u00e9mocratie\u00a0\u00bb peut y parvenirPr\u00e9sidentielle 2022\u00a0: LRM d\u00e9j\u00e0 en qu\u00eate des parrainages pour Emmanuel Macron\u00ab\u00a0Loin d\u2019\u00eatre une course de petits chevaux, la \u201cprimaire populaire\u201d pourrait permettre un rassemblement autour des sujets de fond\u00a0\u00bbFabien Roussel lance sa campagne sur la valeur [&hellip;]<\/p>\n","protected":false},"author":1,"featured_media":0,"comment_status":"open","ping_status":"open","sticky":false,"template":"","format":"standard","meta":{"googlesitekit_rrm_CAow1sXXCw:productID":"","_jetpack_memberships_contains_paid_content":false,"footnotes":"","jetpack_publicize_message":"","jetpack_publicize_feature_enabled":true,"jetpack_social_post_already_shared":false,"jetpack_social_options":{"image_generator_settings":{"template":"highway","default_image_id":0,"font":"","enabled":false},"version":2}},"categories":[1],"tags":[],"class_list":["post-1166","post","type-post","status-publish","format-standard","hentry","category-non-classe"],"jetpack_publicize_connections":[],"jetpack_featured_media_url":"","jetpack_sharing_enabled":true,"_links":{"self":[{"href":"https:\/\/monblogeur.tech\/index.php\/wp-json\/wp\/v2\/posts\/1166","targetHints":{"allow":["GET"]}}],"collection":[{"href":"https:\/\/monblogeur.tech\/index.php\/wp-json\/wp\/v2\/posts"}],"about":[{"href":"https:\/\/monblogeur.tech\/index.php\/wp-json\/wp\/v2\/types\/post"}],"author":[{"embeddable":true,"href":"https:\/\/monblogeur.tech\/index.php\/wp-json\/wp\/v2\/users\/1"}],"replies":[{"embeddable":true,"href":"https:\/\/monblogeur.tech\/index.php\/wp-json\/wp\/v2\/comments?post=1166"}],"version-history":[{"count":0,"href":"https:\/\/monblogeur.tech\/index.php\/wp-json\/wp\/v2\/posts\/1166\/revisions"}],"wp:attachment":[{"href":"https:\/\/monblogeur.tech\/index.php\/wp-json\/wp\/v2\/media?parent=1166"}],"wp:term":[{"taxonomy":"category","embeddable":true,"href":"https:\/\/monblogeur.tech\/index.php\/wp-json\/wp\/v2\/categories?post=1166"},{"taxonomy":"post_tag","embeddable":true,"href":"https:\/\/monblogeur.tech\/index.php\/wp-json\/wp\/v2\/tags?post=1166"}],"curies":[{"name":"wp","href":"https:\/\/api.w.org\/{rel}","templated":true}]}}