{"id":1184,"date":"2021-11-23T02:51:46","date_gmt":"2021-11-23T01:51:46","guid":{"rendered":"https:\/\/monblogeur.tech\/index.php\/2021\/11\/23\/strasbourg-un-etudiant-ingenieur-sacre-prodige-de-la-republique-pour-son-association-ecologique-ouest-france\/"},"modified":"2021-11-23T02:51:46","modified_gmt":"2021-11-23T01:51:46","slug":"strasbourg-un-etudiant-ingenieur-sacre-prodige-de-la-republique-pour-son-association-ecologique-ouest-france","status":"publish","type":"post","link":"https:\/\/monblogeur.tech\/index.php\/2021\/11\/23\/strasbourg-un-etudiant-ingenieur-sacre-prodige-de-la-republique-pour-son-association-ecologique-ouest-france\/","title":{"rendered":"Strasbourg. Un \u00e9tudiant ing\u00e9nieur sacr\u00e9 \u00ab Prodige de la R\u00e9publique \u00bb pour son association \u00e9cologique &#8211; Ouest-France"},"content":{"rendered":"<div class=\"cfbc967f0983488262956e73eca9483a\" data-index=\"1\" style=\"float: none; margin:10px 0 10px 0; text-align:center;\">\n<script async src=\"https:\/\/pagead2.googlesyndication.com\/pagead\/js\/adsbygoogle.js?client=ca-pub-3859091246952232\" crossorigin=\"anonymous\"><\/script>\r\n<!-- blok -->\r\n<ins class=\"adsbygoogle\" data-ad-client=\"ca-pub-3859091246952232\" data-ad-slot=\"1334354390\"><\/ins>\r\n<script>\r\n     (adsbygoogle = window.adsbygoogle || []).push({});\r\n<\/script>\r\n\n<\/div>\n<p><a href=\"https:\/\/www.ouest-france.fr\/grand-est\/strasbourg-67000\/strasbourg-un-etudiant-ingenieur-sacre-prodige-de-la-republique-pour-son-association-ecologique-7522797\" target=\"_blank\" rel=\"noopener\">Strasbourg. Un \u00e9tudiant ing\u00e9nieur sacr\u00e9 \u00ab Prodige de la R\u00e9publique \u00bb pour son association \u00e9cologique<\/a>&nbsp;&nbsp;<font color=\"#6f6f6f\">Ouest-France<\/font><br \/><a href=\"https:\/\/www.ouest-france.fr\/grand-est\/strasbourg-67000\/strasbourg-un-etudiant-ingenieur-sacre-prodige-de-la-republique-pour-son-association-ecologique-7522797\">source<\/a><\/p>\n<!--CusAds0-->\n<div style=\"font-size: 0px; height: 0px; line-height: 0px; margin: 0; padding: 0; clear: both;\"><\/div>","protected":false},"excerpt":{"rendered":"<p>Strasbourg. Un \u00e9tudiant ing\u00e9nieur sacr\u00e9 \u00ab Prodige de la R\u00e9publique \u00bb pour son association \u00e9cologique&nbsp;&nbsp;Ouest-Francesource<\/p>\n","protected":false},"author":1,"featured_media":0,"comment_status":"open","ping_status":"open","sticky":false,"template":"","format":"standard","meta":{"googlesitekit_rrm_CAow1sXXCw:productID":"","_jetpack_memberships_contains_paid_content":false,"footnotes":"","jetpack_publicize_message":"","jetpack_publicize_feature_enabled":true,"jetpack_social_post_already_shared":false,"jetpack_social_options":{"image_generator_settings":{"template":"highway","default_image_id":0,"font":"","enabled":false},"version":2}},"categories":[1],"tags":[],"class_list":["post-1184","post","type-post","status-publish","format-standard","hentry","category-non-classe"],"jetpack_publicize_connections":[],"jetpack_featured_media_url":"","jetpack_sharing_enabled":true,"_links":{"self":[{"href":"https:\/\/monblogeur.tech\/index.php\/wp-json\/wp\/v2\/posts\/1184","targetHints":{"allow":["GET"]}}],"collection":[{"href":"https:\/\/monblogeur.tech\/index.php\/wp-json\/wp\/v2\/posts"}],"about":[{"href":"https:\/\/monblogeur.tech\/index.php\/wp-json\/wp\/v2\/types\/post"}],"author":[{"embeddable":true,"href":"https:\/\/monblogeur.tech\/index.php\/wp-json\/wp\/v2\/users\/1"}],"replies":[{"embeddable":true,"href":"https:\/\/monblogeur.tech\/index.php\/wp-json\/wp\/v2\/comments?post=1184"}],"version-history":[{"count":0,"href":"https:\/\/monblogeur.tech\/index.php\/wp-json\/wp\/v2\/posts\/1184\/revisions"}],"wp:attachment":[{"href":"https:\/\/monblogeur.tech\/index.php\/wp-json\/wp\/v2\/media?parent=1184"}],"wp:term":[{"taxonomy":"category","embeddable":true,"href":"https:\/\/monblogeur.tech\/index.php\/wp-json\/wp\/v2\/categories?post=1184"},{"taxonomy":"post_tag","embeddable":true,"href":"https:\/\/monblogeur.tech\/index.php\/wp-json\/wp\/v2\/tags?post=1184"}],"curies":[{"name":"wp","href":"https:\/\/api.w.org\/{rel}","templated":true}]}}