{"id":1334,"date":"2021-11-24T07:25:03","date_gmt":"2021-11-24T06:25:03","guid":{"rendered":"https:\/\/monblogeur.tech\/index.php\/2021\/11\/24\/paris-formation-rh-sup-des-rh-casse-les-codes-la-lettre-economique-et-politique-de-paca-presse-agence\/"},"modified":"2021-11-24T07:25:03","modified_gmt":"2021-11-24T06:25:03","slug":"paris-formation-rh-sup-des-rh-casse-les-codes-la-lettre-economique-et-politique-de-paca-presse-agence","status":"publish","type":"post","link":"https:\/\/monblogeur.tech\/index.php\/2021\/11\/24\/paris-formation-rh-sup-des-rh-casse-les-codes-la-lettre-economique-et-politique-de-paca-presse-agence\/","title":{"rendered":"PARIS : Formation RH, SUP des RH casse les codes ! &#8211; La lettre \u00e9conomique et politique de PACA &#8211; Presse Agence"},"content":{"rendered":"<div class=\"cfbc967f0983488262956e73eca9483a\" data-index=\"1\" style=\"float: none; margin:10px 0 10px 0; text-align:center;\">\n<script async src=\"https:\/\/pagead2.googlesyndication.com\/pagead\/js\/adsbygoogle.js?client=ca-pub-3859091246952232\" crossorigin=\"anonymous\"><\/script>\r\n<!-- blok -->\r\n<ins class=\"adsbygoogle\" data-ad-client=\"ca-pub-3859091246952232\" data-ad-slot=\"1334354390\"><\/ins>\r\n<script>\r\n     (adsbygoogle = window.adsbygoogle || []).push({});\r\n<\/script>\r\n\n<\/div>\n<p>Marie Trellu-Kane a cofond\u00e9 il y a 15 ans, l\u2019association Unis-Cit\u00e9 qui est \u00e0 l\u2019origine du service civique en France.<br \/>D\u00e8s le 4 d\u00e9cembre \u00e0 la Sainte-Barbe, on s\u00e8me le bl\u00e9 de la prosp\u00e9rit\u00e9 et on s\u2019embarque pour la p\u00eache aux emplettes chez les artisans [&hellip;]<br \/>La Valette fait place aux illuminations et \u00e0 la magie de No\u00ebl. Venez profiter des espaces d\u00e9di\u00e9s aux spectacles, avec man\u00e8ges, ateliers, piste de raquettes [&hellip;]<br \/>Depuis 10 ans, MOUVEMENT UP d\u00e9crypte les probl\u00e8mes, investigue sur la diversit\u00e9 des solutions possibles pour y r\u00e9pondre, et propose \u00e0 chacun de s\u2019en saisir [&hellip;]<br \/>L\u2019\u00e9bauche est pr\u00eate, approuv\u00e9e par la partie fran\u00e7aise, en cours d\u2019examen par l\u2019Italie pour les derni\u00e8res corrections.<br \/>A l&rsquo;occasion de la Journ\u00e9e internationale pour l&rsquo;\u00e9limination de la violence \u00e0 l&rsquo;\u00e9gard des femmes, la cour de l&rsquo;H\u00f4tel BEAUVAU du minist\u00e8re de l&rsquo;Int\u00e9rieur sera [&hellip;]<br \/>Comment accompagner les associations, les citoyens et les acteurs de l&rsquo;\u00e9conomie sociale et solidaire ?<br \/>La Fondation Louis Vuitton accueille les chefs-d\u2019\u0153uvre de l&rsquo;incroyable collection des fr\u00e8res Morozov, \u00e9minents collectionneurs qui domin\u00e8rent l\u2019\u00e9mulation culturelle moscovite au tournant des XIXe et [&hellip;]<br \/>Remise du label \u00abVille engag\u00e9e contre le sida\u00bb par Jean-Luc ROMERO-MICHEL, pr\u00e9sident d\u2019\u00c9lus Locaux Contre le Sida, et adjoint \u00e0 la maire de Paris, aux [&hellip;]<br \/>Ce nouveau salon propose des prestations de partenaires locaux prim\u00e9s, notamment de Samantha Jameson (Soapsmith) et du chef \u00e9toil\u00e9 Assaf Granit.<br \/><a href=\"http:\/\/lagazetteduvar.fr\/\" target=\"_blank\" rel=\"noopener noreferrer\"><img loading=\"lazy\" decoding=\"async\" class=\"aligncenter wp-image-368016 size-full\" src=\"http:\/\/www.presseagence.fr\/lettre-economique-politique-paca\/files\/2019\/02\/encart_GDV_presseagence.jpg\" alt=\"\" width=\"270\" height=\"250\" \/><\/a><br \/><a href=\"http:\/\/www.pa-sport.fr\" target=\"_blank\" rel=\"noopener noreferrer\"><img loading=\"lazy\" decoding=\"async\" class=\"aligncenter size-full wp-image-367061\" src=\"http:\/\/www.presseagence.fr\/lettre-economique-politique-paca\/files\/2019\/01\/pa-sport_bloc_wp.jpg\" alt=\"\" width=\"270\" height=\"250\" \/><\/a><br \/>                 Written by <a href=\"http:\/\/www.presseagence.fr\/lettre-economique-politique-paca\/author\/gilles\/\" title=\"La r\u00e9daction\">La r\u00e9daction<\/a>. Posted in <a href=\"http:\/\/www.presseagence.fr\/lettre-economique-politique-paca\/category\/infos-nationales\/\" rel=\"category tag\">INFOS NATIONALES<\/a>            <br \/><strong><font color=\"blue\">L&rsquo;\u00e9cole r\u00e9invente les supports d&rsquo;apprentissage pour un parcours p\u00e9dagogique en immersion professionnelle.<\/font><\/strong><br \/><img loading=\"lazy\" decoding=\"async\" alt=\"Formation RH SUP des RH casse les codes !\" src=\"http:\/\/www.presseagence.fr\/lettre-economique-politique-paca\/files\/2021\/11\/formationrhsupdesrhcasselescodes.png\" width=\"950\" height=\"695\" \/><br \/>SUP des RH, \u00e9tablissement d&rsquo;enseignement sup\u00e9rieur d\u00e9di\u00e9 aux ressources humaines, propose depuis la rentr\u00e9e \u00e0 ses apprenants un tout nouveau parcours p\u00e9dagogique. Un enseignement original enti\u00e8rement repens\u00e9 qui met l&rsquo;apprenant \u00a0\u00bb in situ \u00a0\u00bb au c\u0153ur du monde professionnel.<br \/><strong>Une rentr\u00e9e sous le signe de l&rsquo;innovation<\/strong><br \/>Comment pendant les p\u00e9riodes en formation cr\u00e9er de l&rsquo;engagement, donner du sens aux apprentissages, faire acqu\u00e9rir des r\u00e9flexes professionnels ? Autant de questions auxquelles, Sabine de Villoutreys, directrice de SUP des RH, a tent\u00e9 de r\u00e9pondre par la cr\u00e9ation de la web-s\u00e9rie p\u00e9dagogique &lsquo;Fais pas ta RH&rsquo;, associ\u00e9e \u00e0 la refonte compl\u00e8te des outils d&rsquo;apprentissage et d&rsquo;un nouveau parcours p\u00e9dagogique.<br \/><em><font color=\"blue\">\u00ab\u00a0La cr\u00e9ation de la web-s\u00e9rie &lsquo;Fais pas ta RH&rsquo; a pour objectif de r\u00e9ellement plonger l&rsquo;apprenant, du titre Bachelor \u00a0\u00bb charg\u00e9 de ressources humaines (CRH \u00ab\u00a0), dans l&rsquo;univers professionnels et de l&rsquo;aider \u00e0 gagner en autonomie afin qu&rsquo;il soit acteur de sa propre formation\u00a0\u00bb<\/font><\/em> <strong>commente Sabine de Villoutreys, directrice de SUP des RH.<\/strong><br \/><strong>En immersion professionnelle dans l&rsquo;entreprise Kened<\/strong><br \/>Cette formation RH, nouvelle g\u00e9n\u00e9ration, est construite autour de l&rsquo;innovation digitale associ\u00e9e \u00e0 un apprentissage par l&rsquo;action. Dans un environnement professionnel : l&rsquo;entreprise Kened, reconstitu\u00e9 et anim\u00e9e de fa\u00e7on ludique par la web-s\u00e9rie \u00a0\u00bb Fais pas ta RH \u00a0\u00bb l&rsquo;ensemble des enseignements propos\u00e9s a \u00e9t\u00e9 r\u00e9vis\u00e9 pour partir des probl\u00e9matiques RH abord\u00e9s par la s\u00e9rie.<br \/> L&rsquo;\u00e9quipe de 7 intervenants professionnels associ\u00e9s au projet sont partis du postulat suivant : On apprend mieux en faisant, on retient mieux par ses propres erreurs et surtout on s&rsquo;ennuie moins \u00e0 l&rsquo;\u00e9cole quand celle-ci est une entreprise, et que l&rsquo;on est mis en situation professionnelle. Avec comme fil conducteur, l&rsquo;entreprise Kened, tous les enseignements sont d\u00e9sormais li\u00e9s entre-eux par la construction d&rsquo;un parcours apprenant. Ainsi, comme Alexia Laporte, la jeune charg\u00e9e RH de la web-s\u00e9rie, au fil des cours, les apprenants auront par exemple, \u00e0 recruter un collaborateur (personnage de la s\u00e9rie) apr\u00e8s avoir \u00e9tabli la fiche de poste, puis apr\u00e8s l&rsquo;int\u00e9gration devront \u00e9tablir les documents li\u00e9s au contrat de travail (CDI, DUER\u2026) avant de lui remettre son 1er bulletin de paie. Toutes les mati\u00e8res RH sont ainsi \u00e9tudi\u00e9es de fa\u00e7on pratique au plus pr\u00e8s de la r\u00e9alit\u00e9. Toujours dans une logique d&rsquo;innovation de l&rsquo;apprentissage, l&rsquo;\u00e9cole SUP des RH s&rsquo;affranchie \u00e9galement du syst\u00e8me ancestral de notes pour passer \u00e0 une \u00e9valuation en pourcentage, donnant acc\u00e8s \u00e0 des r\u00e9compenses (par exemple une r\u00e9ussite de 70% \u00e0 un module de formation permet d&rsquo;acc\u00e9der \u00e0 un \u00e9pisode de la web-s\u00e9rie). Enfin, l&rsquo;apprenant doit avant chaque cours se connecter \u00e0 une plateforme digitale pour appr\u00e9hender de fa\u00e7on ludique et num\u00e9rique les notions de base. Ainsi, en cours, l&rsquo;intervenant peut les mettre directement \u00e0 r\u00e9soudre un cas pratique dans l&rsquo;univers Kened gr\u00e2ce \u00e0 la m\u00e9thode in situ.<br \/>L&rsquo;\u00e9cole sup\u00e9rieure de r\u00e9f\u00e9rences en ressources humaines ne compte pas s&rsquo;arr\u00eater l\u00e0, et travaille d\u00e9j\u00e0 \u00e0 la continuit\u00e9 de ce projet p\u00e9dagogique pour son titre Mast\u00e8re pour la rentr\u00e9e 2022.<br \/><strong>A propos de Sup des RH<\/strong><br \/>Depuis sa cr\u00e9ation en 1998, la vocation de SUP des RH est de former les professionnels des Ressources Humaines en ne n\u00e9gligeant aucun savoir, en r\u00e9visant r\u00e9guli\u00e8rement ses r\u00e9f\u00e9rentiels de comp\u00e9tences et en impliquant les RRH et DRH dans la formation et l&rsquo;\u00e9valuation de ses apprenants. Dans un monde de plus en plus connect\u00e9, SUP des RH a construit un projet p\u00e9dagogique focalis\u00e9 sur l&rsquo;innovation, l&rsquo;accompagnement personnalis\u00e9, la recherche de l&rsquo;excellence et l&#8217;employabilit\u00e9 de ses stagiaires.<br \/> Reconnue pour son savoir-faire en apprentissage depuis 20 ans, l&rsquo;\u00e9cole s&rsquo;adapte \u00e9galement aux nouvelles attentes de la formation continue en proposant ses 5 titres en validation partielle ou totale en VAE, \u00e0 distance, et en CPF.<br \/> SUP des RH est la seule \u00e9cole avec 5 titres RH certifi\u00e9s RNCP. Elle compte environ 800 apprenants par an et b\u00e9n\u00e9fice d&rsquo;un r\u00e9seau de plus de 160 intervenants, tous professionnels RH en poste.<br \/> Plus d&rsquo;informations : <a href=\"https:\/\/www.supdesrh.com\/\">https:\/\/www.supdesrh.com\/<\/a><br \/><b>Directeur de la Publication<\/b> :<br \/>  Gilles Carvoyeur redaction@presseagence.fr<br \/><b>R\u00e9dacteurs<\/b> :<br \/> Julien Azoulai, Bernard Bertucco Van Damme, Thierry Cari, Pascal Jolliet,<br \/> Nicolas Tudort, Greg Vuylsteker, Francine Marie<br \/><b>Photographes<\/b> :<br \/> Pascal Azoulai, Olivier Lalanne, Philippe Olivier, Julien Azoulai, Alain Blanchot<br \/><b>Administrateur Web<\/b> :<br \/> Pascal Jolliet<br \/><b>R\u00e9dactrices Web<\/b> :<br \/> Shirley Corrado, Floriane Dumont<br \/><b>Secr\u00e9taire de r\u00e9daction<\/b> :<br \/> Marie Bruel redactionlalonde@presseagence.fr<br \/><b>Consultant Juridique<\/b> :<br \/> Morgan Maginot, avocat au barreau de Toulon  contact@mdmaginot-avocat.fr<br \/>Code APE : 913 E &#8211; N\u00b0 SIREN : 439 801 523<br \/>Pour nous \u00e9crire : <a href=\"mailto:redaction@presseagence.fr\">redaction@presseagence.fr<\/a><br \/>Fr\u00e9quentation mensuelle moyenne : 75 000 visites uniques<br \/><i>Copyright ADIM : Toute reproduction interdite<\/i><\/p>\n<p><a href=\"http:\/\/www.presseagence.fr\/lettre-economique-politique-paca\/2021\/11\/23\/paris-formation-rh-sup-des-rh-casse-les-codes\/\">source<\/a><\/p>\n<!--CusAds0-->\n<div style=\"font-size: 0px; height: 0px; line-height: 0px; margin: 0; padding: 0; clear: both;\"><\/div>","protected":false},"excerpt":{"rendered":"<p>Marie Trellu-Kane a cofond\u00e9 il y a 15 ans, l\u2019association Unis-Cit\u00e9 qui est \u00e0 l\u2019origine du service civique en France.D\u00e8s le 4 d\u00e9cembre \u00e0 la Sainte-Barbe, on s\u00e8me le bl\u00e9 de la prosp\u00e9rit\u00e9 et on s\u2019embarque pour la p\u00eache aux emplettes chez les artisans [&hellip;]La Valette fait place aux illuminations et \u00e0 la magie de [&hellip;]<\/p>\n","protected":false},"author":1,"featured_media":0,"comment_status":"open","ping_status":"open","sticky":false,"template":"","format":"standard","meta":{"googlesitekit_rrm_CAow1sXXCw:productID":"","_jetpack_memberships_contains_paid_content":false,"footnotes":"","jetpack_publicize_message":"","jetpack_publicize_feature_enabled":true,"jetpack_social_post_already_shared":false,"jetpack_social_options":{"image_generator_settings":{"template":"highway","default_image_id":0,"font":"","enabled":false},"version":2}},"categories":[1],"tags":[],"class_list":["post-1334","post","type-post","status-publish","format-standard","hentry","category-non-classe"],"jetpack_publicize_connections":[],"jetpack_featured_media_url":"","jetpack_sharing_enabled":true,"_links":{"self":[{"href":"https:\/\/monblogeur.tech\/index.php\/wp-json\/wp\/v2\/posts\/1334","targetHints":{"allow":["GET"]}}],"collection":[{"href":"https:\/\/monblogeur.tech\/index.php\/wp-json\/wp\/v2\/posts"}],"about":[{"href":"https:\/\/monblogeur.tech\/index.php\/wp-json\/wp\/v2\/types\/post"}],"author":[{"embeddable":true,"href":"https:\/\/monblogeur.tech\/index.php\/wp-json\/wp\/v2\/users\/1"}],"replies":[{"embeddable":true,"href":"https:\/\/monblogeur.tech\/index.php\/wp-json\/wp\/v2\/comments?post=1334"}],"version-history":[{"count":0,"href":"https:\/\/monblogeur.tech\/index.php\/wp-json\/wp\/v2\/posts\/1334\/revisions"}],"wp:attachment":[{"href":"https:\/\/monblogeur.tech\/index.php\/wp-json\/wp\/v2\/media?parent=1334"}],"wp:term":[{"taxonomy":"category","embeddable":true,"href":"https:\/\/monblogeur.tech\/index.php\/wp-json\/wp\/v2\/categories?post=1334"},{"taxonomy":"post_tag","embeddable":true,"href":"https:\/\/monblogeur.tech\/index.php\/wp-json\/wp\/v2\/tags?post=1334"}],"curies":[{"name":"wp","href":"https:\/\/api.w.org\/{rel}","templated":true}]}}