{"id":1366,"date":"2021-11-24T13:48:54","date_gmt":"2021-11-24T12:48:54","guid":{"rendered":"https:\/\/monblogeur.tech\/index.php\/2021\/11\/24\/lequipe-de-developpement-dastana-qazaqstan-presente-sa-formation-2022-velo-101\/"},"modified":"2021-11-24T13:48:54","modified_gmt":"2021-11-24T12:48:54","slug":"lequipe-de-developpement-dastana-qazaqstan-presente-sa-formation-2022-velo-101","status":"publish","type":"post","link":"https:\/\/monblogeur.tech\/index.php\/2021\/11\/24\/lequipe-de-developpement-dastana-qazaqstan-presente-sa-formation-2022-velo-101\/","title":{"rendered":"L&#039;\u00e9quipe de d\u00e9veloppement d&#039;Astana Qazaqstan pr\u00e9sente sa formation 2022 &#8211; V\u00e9lo 101"},"content":{"rendered":"<div class=\"cfbc967f0983488262956e73eca9483a\" data-index=\"1\" style=\"float: none; margin:10px 0 10px 0; text-align:center;\">\n<script async src=\"https:\/\/pagead2.googlesyndication.com\/pagead\/js\/adsbygoogle.js?client=ca-pub-3859091246952232\" crossorigin=\"anonymous\"><\/script>\r\n<!-- blok -->\r\n<ins class=\"adsbygoogle\" data-ad-client=\"ca-pub-3859091246952232\" data-ad-slot=\"1334354390\"><\/ins>\r\n<script>\r\n     (adsbygoogle = window.adsbygoogle || []).push({});\r\n<\/script>\r\n\n<\/div>\n<p>Mot de passe oubli\u00e9 ? <a href=\"\/index\/recuperation\" class=\"text-primary\"><strong>Cliquez ici<\/strong><\/a><br \/><button type=\"submit\" name=\"envoyer\" class=\"btn btn-primary\">Je me connecte<\/button> \t\t\t\t\t\t\t\t\t  <br \/><a class=\"btn btn-secondary\" href=\"\/inscription\" role=\"button\">Je m&rsquo;inscris d\u00e8s maintenant !<\/a><br \/><small><i>Publi\u00e9 le 23\/11\/2021 09:50<\/i><\/small><br \/><span style=\"font-size: 0.95rem;\">&nbsp;Cinq du Kazakhstan et cinq d&rsquo;Italie, d&rsquo;&Eacute;quateur, de Colombie, de France et de Lettonie, qui compl&egrave;teront l&rsquo;&eacute;quipe au cours de la saison &agrave; venir.<\/span><br \/><em>&laquo; Je pense que nous avons r&eacute;ussi &agrave; rassembler une liste optimale et bien &eacute;quilibr&eacute;e de jeunes coureurs, dont la plupart ont d&eacute;j&agrave; une exp&eacute;rience importante dans les courses juniors et U23 au plus haut niveau. La moiti&eacute; de l&rsquo;&eacute;quipe est compos&eacute;e de talentueux Kazakhs qui ont obtenu des r&eacute;sultats &eacute;lev&eacute;s tant au niveau national qu&rsquo;en Asie et en Europe. Ces coureurs auront notre priorit&eacute;. Cependant, positionnant cette &eacute;quipe comme la principale r&eacute;serve tactique de l&rsquo;&eacute;quipe Astana Qazaqstan, notre &eacute;quipe WorldTour, nous sommes oblig&eacute;s de penser plus largement, &agrave; la recherche de jeunes coureurs prometteurs non seulement au Kazakhstan, mais aussi dans le monde entier. Ainsi, nous poursuivons deux objectifs &agrave; la fois : cr&eacute;er une &eacute;quipe forte et comp&eacute;titive qui pourra se battre pour les meilleurs r&eacute;sultats dans des courses europ&eacute;ennes prestigieuses, et r&eacute;v&eacute;ler le potentiel des jeunes coureurs qui auront la chance d&rsquo;acc&eacute;der au Niveau WorldTour, devenant membre de la principale &eacute;quipe cycliste kazakhe. Je souhaite la bienvenue &agrave; tous les gars dans notre projet de d&eacute;veloppement et j&rsquo;esp&egrave;re que la premi&egrave;re saison sera une r&eacute;ussite <\/em>&raquo;, <strong>a d&eacute;clar&eacute; Alexandr Vinokurov, directeur g&eacute;n&eacute;ral de l&rsquo;&eacute;quipe Astana Qazaqstan<\/strong>.<br \/><span class=\"Apple-converted-space\">&nbsp;<img decoding=\"async\" class=\"img-fluid ombre d-block mb-2\" title=\"astana developpment\" src=\"https:\/\/photo.velo101.com\/2021\/grande\/astana_developpment.jpeg\" alt=\"astana developpment\" width=\"\" height=\"\" \/><em class=\"legende-photo d-block text-center\"><br \/><\/em><\/span><br \/><span class=\"Apple-converted-space\">&nbsp;<\/span><br \/><strong>Daniil Pronskiy, Kazakhstan, 21 ans<\/strong>. Champion junior de course sur route du Kazakhstan (2018), champion junior asiatique ITT (2018), vainqueur du Grand Prix Velo Alanya (2020), troisi&egrave;me &agrave; Belgrade Banjaluka (2020).<br \/><strong>Orken Slamzhanov, Kazakhstan, 20 ans<\/strong>. Troisi&egrave;me de la course sur route des Championnats d&rsquo;Asie juniors de cyclisme (2019), troisi&egrave;me de la course sur route des Championnats nationaux du Kazakhstan U23 (2021).<br \/><strong>Nicolas Vinokourov, Kazakhstan, 19 ans<\/strong>. Deuxi&egrave;me de la course sur route des Championnats nationaux juniors du Kazakhstan (2019), 8e de la course sur route des Championnats nationaux du Kazakhstan U23 (2021), vainqueur du Tour de la R&eacute;gion Sud PACA Junior (2020), deuxi&egrave;me du Tour du G&eacute;vaudan Occitanie ( 2020), deuxi&egrave;me &agrave; la Vuelta a Talavera Junior (2020).<br \/><strong>Alexander Vinokurov jr., Kazakhstan, 19 ans<\/strong>. 7e &agrave; la Vuelta a Talavera Junior (2020), 10e au contre-la-montre individuel des Championnats nationaux U23 du Kazakhstan (2021).<span style=\"font-size: 0.95rem;\">&nbsp;<\/span><br \/><strong>Andrey Remkhe, Kazakhstan, 18 ans.<\/strong> Champion junior du Kazakhstan ITT (2021), deuxi&egrave;me de la course sur route des Championnats nationaux juniors du Kazakhstan (2021), vainqueur de la Kayseri Junior Race et de la Velo Erciyes Junior Race (2021).<br \/><strong>Harold Martin Lopez, Equateur, 20 ans<\/strong>. Champion ITT de l&rsquo;&Eacute;quateur U23 (2021), deuxi&egrave;me de la course sur route des Championnats nationaux de l&rsquo;&Eacute;quateur U23 (2021), vainqueur d&rsquo;&eacute;tape &agrave; la Vuelta Ciclista Internacional a Costa Rica (2019), vainqueur d&rsquo;&eacute;tape &agrave; la Vuelta a Guatemala (2020), troisi&egrave;me &agrave; la Vuelta al &Eacute;quateur (2020).<span style=\"font-size: 0.95rem;\">&nbsp;<\/span><br \/><strong>Juan Carlos Lopez, Colombie, 20 ans<\/strong>. 8e &agrave; la Vuelta a Colombia U23 (2021), 5e &agrave; la Vuelta del Porvenir (2019).<span style=\"font-size: 0.95rem;\">&nbsp;<\/span><br \/><strong>Gianmarco Garofoli, Italie, 19 ans<\/strong>. Deuxi&egrave;me du Giro Ciclistico della Valle d&rsquo;Aosta &ndash; Mont Blanc (2021), champion d&rsquo;Italie junior de course sur route (2019), vainqueur du Trofeo Buffoni (2019).<span style=\"font-size: 0.95rem;\">&nbsp;<\/span><br \/><strong>Pablo Sanchez, France, 19 ans<\/strong>. Troisi&egrave;me au GP de la Saint-Romain (2021), troisi&egrave;me &agrave; la Vuelta a la Subbetica (2020), troisi&egrave;me au Tour du G&eacute;vaudan Occitanie (2020).<br \/><strong>Matiss Kalverss, Lettonie, 18 ans<\/strong>. Course sur route junior lettone et champion ITT (2021).<br \/><span class=\"Apple-converted-space\">&nbsp;&Agrave; partir<\/span><span style=\"font-size: 0.95rem;\">&nbsp;du 1er f&eacute;vrier, le sp&eacute;cialiste italien du cyclo-cross <strong>Davide Toneatti<\/strong> rejoindra &eacute;galement l&rsquo;&eacute;quipe.<\/span><span style=\"font-size: 0.95rem;\">&nbsp;<\/span><br \/><strong>Davide Toneatti, Italie, 20 ans<\/strong>. Deuxi&egrave;me (2020) et troisi&egrave;me (2021) aux Championnats d&rsquo;Italie de cyclo-cross U23, vainqueur de la course de cyclo-cross Brugherio (2021).<br \/><a class=\"btn btn-primary\" href=\"\/epreuves\" role=\"button\">VOIR TOUTES LES EPREUVES<\/a><br \/><a href=\"\/\"><img decoding=\"async\" src=\"\/charte\/STRUCTURE\/LOGO-footer.png\" border=\"0\" alt=\"Velo101.com\" class=\"img-fluid\"\/><\/a><br \/>Tous droits r\u00e9serv\u00e9s 2000-2021 \u00a9<br \/> \t\t\t\t\t<span class=\"text-secondary\">V\u00e9lo 101, le site officiel du V\u00e9lo \u00ae<\/span><br \/><a href=\"\/\">Accueil<\/a><br \/> \t\t\t\t\t<a href=\"\/pros\">Pros<\/a><br \/> \t\t\t\t\t<a href=\"\/amateurs\">Amateurs<\/a><br \/> \t\t\t\t\t<a href=\"\/vtt\">VTT<\/a><br \/> \t\t\t\t\t<a href=\"\/cyclosport\">Cyclosport<\/a><br \/> \t\t\t\t\t<a href=\"\/cyclo-cross\">Cyclo-Cross<\/a><br \/> \t\t\t\t\t<a href=\"\/piste\">Piste<\/a><br \/> \t\t\t\t\t<a href=\"\/feminines\">F\u00e9minines<\/a><br \/> \t\t\t\t\t<a href=\"\/magazine\">Magazine<\/a><br \/><a href=\"\/photos\">Photos<\/a><br \/> \t\t\t\t\t<a href=\"\/videos\">Vid\u00e9os<\/a><br \/> \t\t\t\t\t<a href=\"\/index\/newsletter\">Abonnement aux newsletters<\/a><br \/> \t\t\t\t\t<a href=\"\/index\/social\">Suivez-nous<\/a><br \/> \t\t\t\t\t<a href=\"#\" data-toggle=\"modal\" data-target=\"#ModalClub\">Club v\u00e9lo 101<\/a><br \/> \t\t\t\t\t<a href=\"\/epreuves\">Inscriptions en ligne<\/a><br \/> \t\t\t\t\t<a href=\"\/forum\">Forum<\/a><br \/> \t\t\t\t\t<a href=\"\/aide\">Aide \/ FAQ<\/a><br \/><a href=\"\/\">V\u00e9lo 101<\/a><\/p>\n<p><a href=\"\/publicite\">Votre publicit\u00e9<\/a><br \/> \t\t\t\t\t<a href=\"\/partenaires\">Partenariat<\/a><br \/> \t\t\t\t\t<a href=\"\/contact\">Contact<\/a><br \/> \t\t\t\t\t<a href=\"\/infos\/notice\">Mentions l\u00e9gales<\/a><br \/><a href=\"https:\/\/www.facebook.com\/pages\/V\u00e9lo-101\/285172748213639\" target=\"_blank\" title=\"Facebook Velo101\" rel=\"noopener\"><img decoding=\"async\" src=\"\/charte\/STRUCTURE\/PICTO-FB.png\" border=\"0\" alt=\"Facebook Velo101\"\/><\/a> <a ref=\"https:\/\/twitter.com\/velo101\/\" target=\"_blank\" title=\"Twitter Velo101\" rel=\"noopener\"><img decoding=\"async\" src=\"\/charte\/STRUCTURE\/PICTO-TWITTER.png\" border=\"0\" alt=\"Twitter Velo101\"\/><\/a> <a href=\"https:\/\/www.youtube.com\/channel\/UC8UL1X1KnhXQG0VkE4PoEUg\/videos\" target=\"_blank\" title=\"YouTube Velo101\" rel=\"noopener\"><img decoding=\"async\" src=\"\/charte\/STRUCTURE\/PICTO-YOUTUBE.png\" border=\"0\" alt=\"Youtube Velo101\"\/><\/a> <a href=\"https:\/\/www.instagram.com\/velo101_officiel\/\" target=\"_blank\" title=\"Instagram Velo101\" rel=\"noopener\"><img decoding=\"async\" src=\"\/charte\/STRUCTURE\/PICTO-INSTA.png\"  border=\"0\" alt=\"Instagram Velo101\"\/><\/a><\/p>\n<p><a href=\"https:\/\/www.velo101.com\/pros\/article\/lequipe-de-developpement-dastana-qazaqstan-presente-sa-formation-2022--22424\">source<\/a><\/p>\n<!--CusAds0-->\n<div style=\"font-size: 0px; height: 0px; line-height: 0px; margin: 0; padding: 0; clear: both;\"><\/div>","protected":false},"excerpt":{"rendered":"<p>Mot de passe oubli\u00e9 ? Cliquez iciJe me connecte Je m&rsquo;inscris d\u00e8s maintenant !Publi\u00e9 le 23\/11\/2021 09:50&nbsp;Cinq du Kazakhstan et cinq d&rsquo;Italie, d&rsquo;&Eacute;quateur, de Colombie, de France et de Lettonie, qui compl&egrave;teront l&rsquo;&eacute;quipe au cours de la saison &agrave; venir.&laquo; Je pense que nous avons r&eacute;ussi &agrave; rassembler une liste optimale et bien &eacute;quilibr&eacute;e de [&hellip;]<\/p>\n","protected":false},"author":1,"featured_media":0,"comment_status":"open","ping_status":"open","sticky":false,"template":"","format":"standard","meta":{"googlesitekit_rrm_CAow1sXXCw:productID":"","_jetpack_memberships_contains_paid_content":false,"footnotes":"","jetpack_publicize_message":"","jetpack_publicize_feature_enabled":true,"jetpack_social_post_already_shared":false,"jetpack_social_options":{"image_generator_settings":{"template":"highway","default_image_id":0,"font":"","enabled":false},"version":2}},"categories":[1],"tags":[],"class_list":["post-1366","post","type-post","status-publish","format-standard","hentry","category-non-classe"],"jetpack_publicize_connections":[],"jetpack_featured_media_url":"","jetpack_sharing_enabled":true,"_links":{"self":[{"href":"https:\/\/monblogeur.tech\/index.php\/wp-json\/wp\/v2\/posts\/1366","targetHints":{"allow":["GET"]}}],"collection":[{"href":"https:\/\/monblogeur.tech\/index.php\/wp-json\/wp\/v2\/posts"}],"about":[{"href":"https:\/\/monblogeur.tech\/index.php\/wp-json\/wp\/v2\/types\/post"}],"author":[{"embeddable":true,"href":"https:\/\/monblogeur.tech\/index.php\/wp-json\/wp\/v2\/users\/1"}],"replies":[{"embeddable":true,"href":"https:\/\/monblogeur.tech\/index.php\/wp-json\/wp\/v2\/comments?post=1366"}],"version-history":[{"count":0,"href":"https:\/\/monblogeur.tech\/index.php\/wp-json\/wp\/v2\/posts\/1366\/revisions"}],"wp:attachment":[{"href":"https:\/\/monblogeur.tech\/index.php\/wp-json\/wp\/v2\/media?parent=1366"}],"wp:term":[{"taxonomy":"category","embeddable":true,"href":"https:\/\/monblogeur.tech\/index.php\/wp-json\/wp\/v2\/categories?post=1366"},{"taxonomy":"post_tag","embeddable":true,"href":"https:\/\/monblogeur.tech\/index.php\/wp-json\/wp\/v2\/tags?post=1366"}],"curies":[{"name":"wp","href":"https:\/\/api.w.org\/{rel}","templated":true}]}}