{"id":1375,"date":"2021-11-24T15:49:49","date_gmt":"2021-11-24T14:49:49","guid":{"rendered":"https:\/\/monblogeur.tech\/index.php\/2021\/11\/24\/centre-de-formation-les-jeunes-simposent-la-n3-sincline-de-justesse-clermont-foot-clermont-foot\/"},"modified":"2021-11-24T15:49:49","modified_gmt":"2021-11-24T14:49:49","slug":"centre-de-formation-les-jeunes-simposent-la-n3-sincline-de-justesse-clermont-foot-clermont-foot","status":"publish","type":"post","link":"https:\/\/monblogeur.tech\/index.php\/2021\/11\/24\/centre-de-formation-les-jeunes-simposent-la-n3-sincline-de-justesse-clermont-foot-clermont-foot\/","title":{"rendered":"Centre de Formation : Les jeunes s&#039;imposent, la N3 s&#039;incline de justesse \u2013 Clermont Foot &#8211; Clermont Foot"},"content":{"rendered":"<div class=\"cfbc967f0983488262956e73eca9483a\" data-index=\"1\" style=\"float: none; margin:10px 0 10px 0; text-align:center;\">\n<script async src=\"https:\/\/pagead2.googlesyndication.com\/pagead\/js\/adsbygoogle.js?client=ca-pub-3859091246952232\" crossorigin=\"anonymous\"><\/script>\r\n<!-- blok -->\r\n<ins class=\"adsbygoogle\" data-ad-client=\"ca-pub-3859091246952232\" data-ad-slot=\"1334354390\"><\/ins>\r\n<script>\r\n     (adsbygoogle = window.adsbygoogle || []).push({});\r\n<\/script>\r\n\n<\/div>\n<p>Suivez-nous : <br \/>Lucas MARGUERON \u2013 Oliver KAMDEM, Aness TOUHAMI (75<sup>e<\/sup> Na\u00efm LAIDOUNI), Karim MOHAMED, Baptiste BOIT, Yohann MAGNIN, Aboubacar SIDIBE (62e Adrien GOUTTEFANGEAS), Na\u00ebl JABY, Mathis CLAIRICIA, Yuliwes BELLACHE, Yadaly DIABY (81<sup>e<\/sup> Gr\u00e2ce EBALE DIKUTA)<br \/>But adverse \u00e0 la 52<sup>e<\/sup><br \/><em>\u00ab\u00a0Nous manquons de ma\u00eetrise collective et de rythme sur cette rencontre. Mais aussi de r\u00e9alisme sur les quelques opportunit\u00e9s offensives qu\u2019on s\u2019est procur\u00e9e face \u00e0 une \u00e9quipe de Saint-Etienne qui nous a emp\u00each\u00e9 de ressortir nos ballons\u00a0\u00bb.<\/em><br \/><strong><span style=\"color: #000080\">Classement : 5e \/ 14<\/span><\/strong><br \/> <strong><span style=\"color: #000080\">Prochain match : 10<sup>e<\/sup> journ\u00e9e samedi 4 d\u00e9cembre \u00e0 MONTLUCON (6<sup>e<\/sup>) \u00e0 18h00.<\/span><\/strong><br \/>Eldar TAGHIZADA \u2013 Matisse DE AGUIAR, Yannis MEGY, Axel GAS, Romain DUBOSCLARD, Julien ASTIC, Malcolm ELHMIDI (60<sup>e<\/sup> Steven DUPROS), Stan BERKANI, Mahammadou DIAWARA, Ronan MATUVANGUA (72<sup>e<\/sup> Dylan JOUARD), Gr\u00e2ce EBALE DIKUTA (82<sup>e<\/sup> Axel MONNET)<br \/>But pour le CF63 : 9<sup>e<\/sup> Gr\u00e2ce EBALE DIKUTA, 22<sup>e<\/sup> Romain DUBOSCLARD, 49<sup>e<\/sup> Mahammadou DIAWARA<br \/> Buts adverses\u00a0: 60e<br \/><em>\u00ab\u00a0Apr\u00e8s une entame de match timide, c\u2019est sur l\u2019une de nos premi\u00e8res ressorties de balles propres que Gr\u00e2ce ouvre le score sur un centre cafouill\u00e9 de Matisse De Aguiar. Romain Dubosclard double la mise sur corner. D\u00e8s le d\u00e9but de la seconde p\u00e9riode, Mahammadou Diawara nous donne un peu plus d\u2019air sur une reprise du droit \u00e0 la suite d\u2019un nouveau centre de Matisse De Aguiar (3-0, 49<sup>e<\/sup>). C\u2019est sur un exploit individuel que l\u2019adversaire revient au score. La fin de match d\u00e9cousue nous donne des situations pour marquer \u00e0 nouveau alors que l\u2019adversaire tente de revenir.<br \/> Dans la lign\u00e9e du match de la semaine derni\u00e8re, nous avons su \u00eatre \u00e0 la fois dangereux mais aussi solidaires pour ne pas conc\u00e9der beaucoup d\u2019occasions. Un autre combat nous attend d\u00e8s la semaine prochaine en r\u00e9gion parisienne \u00bb.<\/em><br \/><span style=\"color: #000080\"><strong>Classement : 9e \/ 14<\/strong><\/span><br \/> <span style=\"color: #000080\"><strong>Prochain match : 13<sup>e<\/sup> journ\u00e9e dimanche 28 novembre \u00e0 TORCY (10<sup>e<\/sup>) \u00e0 14h30.<\/strong><\/span><br \/>Jordan DA SILVA \u2013 Ibrahim COULIBALY (cap), Robin PAGES, Mathys DONAVIN, Matt\u00e9o LE BOULAIRE, Mathis COHADE (75<sup>e<\/sup> Abel GARCIA), Enzo TRIBOUT, Rayane ALI NASRI (85<sup>e<\/sup> Corentin OLLIER), Ilhan FAKILI (65<sup>e<\/sup> Camil SELLAMI), Hedi AMGHAR, Amine BOUCHENNA<br \/>Buts pour le CF63\u00a0: 9<sup>e<\/sup> et 67<sup>e<\/sup> Amine BOUCHENNA<br \/><em>\u00ab\u00a0Plan de jeu respect\u00e9 \u00e0 la lettre par les joueurs confort\u00e9 par l\u2019ouverture rapide du score sur une belle action construite (d\u00e9calage d\u2019H\u00e9di Amghar, centre d\u2019Ibrahim Coulibaly et finition d\u2019Amine Bouchenna au premier poteau). Le break est fait en seconde p\u00e9riode \u00e0 la suite d\u2019un corner d\u2019Enzo Tribout et une reprise en deux temps d\u2019Amine. Beaucoup de discipline et de solidarit\u00e9 ont permis aux gar\u00e7ons de r\u00e9ussir o\u00f9 leurs a\u00een\u00e9s \u00e9taient pass\u00e9s tout proche la saison derni\u00e8re !<\/em><em>\u00bb.<\/em><br \/><strong><span style=\"color: #000080\">Classement : 5e \/ 14<\/span><\/strong><br \/> <strong><span style=\"color: #000080\">Prochain match\u00a0: 11e journ\u00e9e dimanche 28 novembre contre le GFC AJACCIO (8<sup>e<\/sup>) \u00e0 11h00 sur l\u2019annexe herbe du stade Gabriel Montpied.<\/span><\/strong><br \/>&nbsp;<br \/>Stade Gabriel-Montpied<br \/>BP30021<br \/>63018 Clermont-Ferrand<br \/>&copy; Tous droits r\u00e9serv\u00e9s Clermont Foot 63<br \/>Inscrivez-vous \u00e0 la newsletter du Clermont Foot <br \/>pour recevoir l&rsquo;actualit\u00e9 du club.<\/p>\n<p><a href=\"https:\/\/www.clermontfoot.com\/centre-de-formation-les-jeunes-simposent-la-n3-sincline-de-justesse\/\">source<\/a><\/p>\n<!--CusAds0-->\n<div style=\"font-size: 0px; height: 0px; line-height: 0px; margin: 0; padding: 0; clear: both;\"><\/div>","protected":false},"excerpt":{"rendered":"<p>Suivez-nous : Lucas MARGUERON \u2013 Oliver KAMDEM, Aness TOUHAMI (75e Na\u00efm LAIDOUNI), Karim MOHAMED, Baptiste BOIT, Yohann MAGNIN, Aboubacar SIDIBE (62e Adrien GOUTTEFANGEAS), Na\u00ebl JABY, Mathis CLAIRICIA, Yuliwes BELLACHE, Yadaly DIABY (81e Gr\u00e2ce EBALE DIKUTA)But adverse \u00e0 la 52e\u00ab\u00a0Nous manquons de ma\u00eetrise collective et de rythme sur cette rencontre. Mais aussi de r\u00e9alisme sur les [&hellip;]<\/p>\n","protected":false},"author":1,"featured_media":0,"comment_status":"open","ping_status":"open","sticky":false,"template":"","format":"standard","meta":{"googlesitekit_rrm_CAow1sXXCw:productID":"","_jetpack_memberships_contains_paid_content":false,"footnotes":"","jetpack_publicize_message":"","jetpack_publicize_feature_enabled":true,"jetpack_social_post_already_shared":false,"jetpack_social_options":{"image_generator_settings":{"template":"highway","default_image_id":0,"font":"","enabled":false},"version":2}},"categories":[1],"tags":[],"class_list":["post-1375","post","type-post","status-publish","format-standard","hentry","category-non-classe"],"jetpack_publicize_connections":[],"jetpack_featured_media_url":"","jetpack_sharing_enabled":true,"_links":{"self":[{"href":"https:\/\/monblogeur.tech\/index.php\/wp-json\/wp\/v2\/posts\/1375","targetHints":{"allow":["GET"]}}],"collection":[{"href":"https:\/\/monblogeur.tech\/index.php\/wp-json\/wp\/v2\/posts"}],"about":[{"href":"https:\/\/monblogeur.tech\/index.php\/wp-json\/wp\/v2\/types\/post"}],"author":[{"embeddable":true,"href":"https:\/\/monblogeur.tech\/index.php\/wp-json\/wp\/v2\/users\/1"}],"replies":[{"embeddable":true,"href":"https:\/\/monblogeur.tech\/index.php\/wp-json\/wp\/v2\/comments?post=1375"}],"version-history":[{"count":0,"href":"https:\/\/monblogeur.tech\/index.php\/wp-json\/wp\/v2\/posts\/1375\/revisions"}],"wp:attachment":[{"href":"https:\/\/monblogeur.tech\/index.php\/wp-json\/wp\/v2\/media?parent=1375"}],"wp:term":[{"taxonomy":"category","embeddable":true,"href":"https:\/\/monblogeur.tech\/index.php\/wp-json\/wp\/v2\/categories?post=1375"},{"taxonomy":"post_tag","embeddable":true,"href":"https:\/\/monblogeur.tech\/index.php\/wp-json\/wp\/v2\/tags?post=1375"}],"curies":[{"name":"wp","href":"https:\/\/api.w.org\/{rel}","templated":true}]}}