{"id":1394,"date":"2021-11-24T18:37:04","date_gmt":"2021-11-24T17:37:04","guid":{"rendered":"https:\/\/monblogeur.tech\/index.php\/2021\/11\/24\/apprentissage-formation-professionnelle-un-bilan-en-demi-teinte-pour-les-regions-gazette-des-communes\/"},"modified":"2021-11-24T18:37:04","modified_gmt":"2021-11-24T17:37:04","slug":"apprentissage-formation-professionnelle-un-bilan-en-demi-teinte-pour-les-regions-gazette-des-communes","status":"publish","type":"post","link":"https:\/\/monblogeur.tech\/index.php\/2021\/11\/24\/apprentissage-formation-professionnelle-un-bilan-en-demi-teinte-pour-les-regions-gazette-des-communes\/","title":{"rendered":"Apprentissage, formation professionnelle : un bilan en demi-teinte pour les r\u00e9gions &#8211; Gazette des communes"},"content":{"rendered":"<div class=\"cfbc967f0983488262956e73eca9483a\" data-index=\"1\" style=\"float: none; margin:10px 0 10px 0; text-align:center;\">\n<script async src=\"https:\/\/pagead2.googlesyndication.com\/pagead\/js\/adsbygoogle.js?client=ca-pub-3859091246952232\" crossorigin=\"anonymous\"><\/script>\r\n<!-- blok -->\r\n<ins class=\"adsbygoogle\" data-ad-client=\"ca-pub-3859091246952232\" data-ad-slot=\"1334354390\"><\/ins>\r\n<script>\r\n     (adsbygoogle = window.adsbygoogle || []).push({});\r\n<\/script>\r\n\n<\/div>\n<p>D\u00e9j\u00e0 inscrit(e) ?<br \/>Identifiant et\/ou mot de passe non valides<br \/>Nous n\u2019avons pas reconnu votre email, veuillez indiquer un email valide, utilis\u00e9 lors de la cr\u00e9ation de votre compte.<br \/>Un message avec vos codes d&rsquo;acc\u00e8s vous a \u00e9t\u00e9 envoy\u00e9 par mail.<br \/>Pas encore inscrit(e) ?<br \/>Inscrivez-vous pour acc\u00e9der aux services de LaGazette.fr et \u00e0 la gestion de vos Newsletters et Alertes.<br \/>Mon compte Gazette<br \/>Menu<br \/>D\u00e9j\u00e0 inscrit(e) ?<br \/>Identifiant et\/ou mot de passe non valides<br \/>Nous n\u2019avons pas reconnu votre email, veuillez indiquer un email valide, utilis\u00e9 lors de la cr\u00e9ation de votre compte.<br \/>Un message avec vos codes d&rsquo;acc\u00e8s vous a \u00e9t\u00e9 envoy\u00e9 par mail.<br \/>Pas encore inscrit(e) ?<br \/>Inscrivez-vous pour acc\u00e9der aux services de LaGazette.fr et \u00e0 la gestion de vos Newsletters et Alertes.<br \/>Mon compte Gazette<br \/>Emploi<br \/> \t\t\t<span class=\"articlePublication__data\">Publi\u00e9 le 26\/05\/2021<\/span> \t\t\t\t<meta itemprop=\"datePublished\" content=\"2021-05-26T10:11:22+00:00\" \/> \t\t\t\t\t\t\t\t\t\t\t\t<meta itemprop=\"dateModified\" content=\"2021-05-26T10:11:22+00:00\" \/> \t\t\t\t\t\t\t\t<span class=\"articlePublication__author\">\u2022  Par \t\t\t\t\t\t\t\t\t\t\t<a class=\"articlePublication__link\" href=\"https:\/\/www.lagazettedescommunes.com\/journaliste\/emmanuel-franck\/\" target=\"_blank\" rel=\"noopener\">Emmanuel Franck<\/a> \t\t\t\t\t<meta itemprop=\"author\" content=\"Emmanuel Franck\" \/> \t\t\t\t\t\t\t\t<\/span> \t\t\t<span class=\"articlePublication__data\">\u2022  dans : \t\t\t\t\t\t\t\t\t\t<a href=\"https:\/\/www.lagazettedescommunes.com\/rubriques\/actu-expert-sante-social\/\" title=\"View all posts in Actu expert sant\u00e9 social\" rel=\"category\" class=\"articlePublication__link\">Actu expert sant\u00e9 social<\/a>, <a href=\"https:\/\/www.lagazettedescommunes.com\/rubriques\/france\/\" title=\"View all posts in France\" rel=\"category\" class=\"articlePublication__link\">France<\/a>\t\t\t\t\t\t\t<\/span> \t\t\t\t\t<br \/><i class=\"icon-alerte\"><\/i>Ma Gazette<br \/>S\u00e9lectionnez vos th\u00e8mes et cr\u00e9ez votre newsletter personnalis\u00e9e<\/p>\n<p>Avec 500 000 contrats sign\u00e9s l&rsquo;ann\u00e9e derni\u00e8re, 2020 n&rsquo;a pas \u00e9t\u00e9 l&rsquo;ann\u00e9e noire de l&rsquo;apprentissage pr\u00e9dite par les r\u00e9gions apr\u00e8s le vote de la loi \u00ab\u00a0avenir professionnel\u00a0\u00bb de septembre 2018. Guid\u00e9 par \u00ab\u00a0une philosophie g\u00e9n\u00e9rale de lib\u00e9ralisation des centres de formations des apprentis \u00bb, selon David Duval, conseiller emploi et formation de R\u00e9gions de France, le l\u00e9gislateur a transf\u00e9r\u00e9 l&rsquo;essentiel de la gestion de l&rsquo;apprentissage aux branches et aux entreprises via leurs Opco. Les r\u00e9gions y ont perdu la gestion des 1,6 milliard d&rsquo;euros de taxe d&rsquo;apprentissage et le pouvoir d&rsquo;autoriser l&rsquo;ouverture de CFA.<br \/>Pour autant, \u00ab\u00a0l&rsquo;apprentissage est une franche r\u00e9ussite\u00a0\u00bb, a reconnu David Duval lors d&rsquo;une conf\u00e9rence organis\u00e9e le 25 &#8230;<br \/> \t\t\t\t\t\t\t\t\t[80% reste \u00e0 lire] \t\t\t\t\t\t\t<br \/>Article r\u00e9serv\u00e9 aux abonn\u00e9s<br \/>Gazette des Communes, Club Sant\u00e9 Social<br \/>VOUS N&rsquo;\u00eaTES PAS ABONN\u00e9 ?<br \/>D\u00e9couvrez nos formules et acc\u00e9dez aux articles en illimit\u00e9<br \/>Th\u00e8mes abord\u00e9s<br \/>Sur le m\u00eame sujet<br \/>Initier et piloter une d\u00e9marche de transformation par le cloud : l\u2019exemple de Radio France<br \/>de Capgemini<br \/>Attach\u00e9 d&rsquo;administration de l&rsquo;Etat (Office fran\u00e7ais de protection des r\u00e9fugi\u00e9s et apatrides) &#8211; f\u00e9vrier 2022<br \/><span>Pr\u00e9parer ce concours<\/span> <i class=\"icon-chevron-right\"><\/i><br \/>Inspecteur du permis de conduire et de la s\u00e9curit\u00e9 routi\u00e8re &#8211; mars 2022<br \/><span>Pr\u00e9parer ce concours<\/span> <i class=\"icon-chevron-right\"><\/i><br \/>Personnel de direction d&rsquo;\u00e9tablissement d&rsquo;enseignement ou de formation relevant du ministre de l&rsquo;\u00e9ducation nationale &#8211; janvier 2022<br \/><span>Pr\u00e9parer ce concours<\/span> <i class=\"icon-chevron-right\"><\/i><br \/><i class=\"icon-geoloc\"><\/i> Nantes<br \/>2&egrave;mes Assises des &eacute;nergies renouvelables citoyennes<br \/><span>Information &amp; inscription<\/span> <i class=\"icon-chevron-right\"><\/i><br \/><i class=\"icon-geoloc\"><\/i> Paris<br \/>Les Prix Territoriaux &#8211; 22e &eacute;dition<br \/><span>Information &amp; inscription<\/span> <i class=\"icon-chevron-right\"><\/i><br \/><i class=\"icon-geoloc\"><\/i> 100% Digital<br \/>CLUB FINANCES n&deg;3<br \/><span>Information &amp; inscription<\/span> <i class=\"icon-chevron-right\"><\/i><br \/> \t\t\t\t\t\t\tCursus Ma&icirc;tre d&rsquo;ouvrage public\t\t\t\t\t\t\t\t\t\t\t\t\t\t\t<span class=\"formation__days\">(76 jours)<\/span> \t\t\t\t\t\t\t\t\t\t\t\t\t<br \/><span>Information &amp; inscription<\/span> <i class=\"icon-chevron-right\"><\/i><br \/> \t\t\t\t\t\t\tCursus Responsable des finances locales\t\t\t\t\t\t\t\t\t\t\t\t\t\t\t<span class=\"formation__days\">(104 jours)<\/span> \t\t\t\t\t\t\t\t\t\t\t\t\t<br \/><span>Information &amp; inscription<\/span> <i class=\"icon-chevron-right\"><\/i><br \/> \t\t\t\t\t\t\tCursus Manager le changement\t\t\t\t\t\t\t\t\t\t\t\t\t\t\t<span class=\"formation__days\">(119 jours)<\/span> \t\t\t\t\t\t\t\t\t\t\t\t\t<br \/><span>Information &amp; inscription<\/span> <i class=\"icon-chevron-right\"><\/i><br \/>Commentaires<br \/> \t\t\t\t<input class=\"commentForm__field\" type=\"text\" name=\"author\" placeholder=\"Pseudo*\" value=\"\" \/> \t\t\t<\/p>\n<p> \t\t\t\t<input class=\"commentForm__field\" type=\"text\" name=\"email\" placeholder=\"E-mail*\" value=\"\" \/> \t\t\t\t<small>Votre e-mail ne sera pas publi\u00e9<\/small> \t\t\t<\/p>\n<p> \t\t<\/p>\n<div id=\"recaptcha\"><\/div>\n<p>Fran\u00e7ois<br \/>27\/05\/2021 05h56<br \/>Les collectivit\u00e9s territoriales ont \u00e9t\u00e9, dans certaines r\u00e9gions, les grandes perdantes de la r\u00e9forme.<br \/> En effet certaines r\u00e9gions, dont la n\u00f4tre assuraient le co\u00fbt de la formation. Ce n&rsquo;est plus le cas. Les 3000 euros d&rsquo;aide de l\u2019\u00c9tat en 2020 et 2021 ne couvrent pas les frais de cette scolarit\u00e9&#8230; C&rsquo;est une vraie charge nouvelle. Rapport\u00e9 au temps de travail, un apprenti co\u00fbte au moins aussi cher et plus s&rsquo;il est plus \u00e2g\u00e9 ou plus haut dans ses \u00e9tudes qu&rsquo;un salari\u00e9 d\u00e9butant. Il n&rsquo;a pourtant pas la m\u00eame capacit\u00e9 de production. Il faut vraiment y voir un investissement dans le temps et un \u00e9change enrichissant entre l&rsquo;apprenti et le ma\u00eetre d&rsquo;apprentissage, mais pas un effet d&rsquo;aubaine dans le public&#8230;<br \/>L\u2019hebdomadaire<br \/>N\u00b0 2591 &#8211; 22\/11\/2021<br \/> \t\t\t\t\t\t<a href=\"https:\/\/archives.lagazettedescommunes.com\/media\/FICHIER\/2021\/11\/22\/FICHIER_20211122_39474550.pdf\" target=\"_blank\" class=\"footer__basicLink\" rel=\"noopener\">Sommaire<\/a> \t\t\t\t\t\t\u2022 \t\t\t\t\t\t<a href=\"https:\/\/archives.lagazettedescommunes.com\" class=\"footer__basicLink\">Archives<\/a> \t\t\t\t\t<br \/>Le suppl\u00e9ment<br \/>N\u00b0 2587 &#8211; 21\/10\/2021<br \/> \t\t\t\t\t\t<a href=\"https:\/\/archives.lagazettedescommunes.com\/Cahiers\/PDF\/2587\" target=\"_blank\" class=\"footer__basicLink\" data-gm-tracking-1=\"PDF-cahier-detache\" data-gm-tracking-2=\"clic\" data-gm-tracking-3=\"2587\" rel=\"noopener\">PDF<\/a> \t\t\t\t\t\t\u2022 \t\t\t\t\t\t<a href=\"https:\/\/archives.lagazettedescommunes.com\/archives\/Cahiers\/\" class=\"footer__basicLink\">Archives<\/a> \t\t\t\t\t<br \/>Toutes les offres \u00e0 votre disposition<br \/>et ses services num\u00e9riques !<br \/>La newsletter<br \/> \t\t\t\t\t<span>Quotidienne<\/span> \t\t\t\t<br \/>Le magazine en<br \/> \t\t\t\t\t<span>version num\u00e9rique<\/span> \t\t\t\t<br \/>Magazine feuilletable sur<br \/> \t\t\t\t\t<span>l&rsquo;appli mobile Gazette kiosk<\/span> \t\t\t\t<br \/>Suivez la Gazette<br \/>D\u00e9j\u00e0 inscrit(e) ?<br \/>Identifiant et\/ou mot de passe non valides<br \/>Nous n\u2019avons pas reconnu votre email, veuillez indiquer un email valide, utilis\u00e9 lors de la cr\u00e9ation de votre compte.<br \/>Un message avec vos codes d&rsquo;acc\u00e8s vous a \u00e9t\u00e9 envoy\u00e9 par mail.<br \/>Pas encore inscrit(e) ?<br \/>Inscrivez-vous pour acc\u00e9der aux services de LaGazette.fr et \u00e0 la gestion de vos Newsletters et Alertes.<br \/>Mon compte Gazette<\/p>\n<p><a href=\"https:\/\/www.lagazettedescommunes.com\/747297\/apprentissage-formation-professionnelle-un-bilan-en-demi-teinte-pour-les-regions\/\">source<\/a><\/p>\n<!--CusAds0-->\n<div style=\"font-size: 0px; height: 0px; line-height: 0px; margin: 0; padding: 0; clear: both;\"><\/div>","protected":false},"excerpt":{"rendered":"<p>D\u00e9j\u00e0 inscrit(e) ?Identifiant et\/ou mot de passe non validesNous n\u2019avons pas reconnu votre email, veuillez indiquer un email valide, utilis\u00e9 lors de la cr\u00e9ation de votre compte.Un message avec vos codes d&rsquo;acc\u00e8s vous a \u00e9t\u00e9 envoy\u00e9 par mail.Pas encore inscrit(e) ?Inscrivez-vous pour acc\u00e9der aux services de LaGazette.fr et \u00e0 la gestion de vos Newsletters et [&hellip;]<\/p>\n","protected":false},"author":1,"featured_media":0,"comment_status":"open","ping_status":"open","sticky":false,"template":"","format":"standard","meta":{"googlesitekit_rrm_CAow1sXXCw:productID":"","_jetpack_memberships_contains_paid_content":false,"footnotes":"","jetpack_publicize_message":"","jetpack_publicize_feature_enabled":true,"jetpack_social_post_already_shared":false,"jetpack_social_options":{"image_generator_settings":{"template":"highway","default_image_id":0,"font":"","enabled":false},"version":2}},"categories":[1],"tags":[],"class_list":["post-1394","post","type-post","status-publish","format-standard","hentry","category-non-classe"],"jetpack_publicize_connections":[],"jetpack_featured_media_url":"","jetpack_sharing_enabled":true,"_links":{"self":[{"href":"https:\/\/monblogeur.tech\/index.php\/wp-json\/wp\/v2\/posts\/1394","targetHints":{"allow":["GET"]}}],"collection":[{"href":"https:\/\/monblogeur.tech\/index.php\/wp-json\/wp\/v2\/posts"}],"about":[{"href":"https:\/\/monblogeur.tech\/index.php\/wp-json\/wp\/v2\/types\/post"}],"author":[{"embeddable":true,"href":"https:\/\/monblogeur.tech\/index.php\/wp-json\/wp\/v2\/users\/1"}],"replies":[{"embeddable":true,"href":"https:\/\/monblogeur.tech\/index.php\/wp-json\/wp\/v2\/comments?post=1394"}],"version-history":[{"count":0,"href":"https:\/\/monblogeur.tech\/index.php\/wp-json\/wp\/v2\/posts\/1394\/revisions"}],"wp:attachment":[{"href":"https:\/\/monblogeur.tech\/index.php\/wp-json\/wp\/v2\/media?parent=1394"}],"wp:term":[{"taxonomy":"category","embeddable":true,"href":"https:\/\/monblogeur.tech\/index.php\/wp-json\/wp\/v2\/categories?post=1394"},{"taxonomy":"post_tag","embeddable":true,"href":"https:\/\/monblogeur.tech\/index.php\/wp-json\/wp\/v2\/tags?post=1394"}],"curies":[{"name":"wp","href":"https:\/\/api.w.org\/{rel}","templated":true}]}}