{"id":1422,"date":"2021-11-25T00:24:06","date_gmt":"2021-11-24T23:24:06","guid":{"rendered":"https:\/\/monblogeur.tech\/index.php\/2021\/11\/25\/cyclisme-lucpv-mise-sur-la-formation-et-fourmille-de-projets-leveil-de-la-haute-loire\/"},"modified":"2021-11-25T00:24:06","modified_gmt":"2021-11-24T23:24:06","slug":"cyclisme-lucpv-mise-sur-la-formation-et-fourmille-de-projets-leveil-de-la-haute-loire","status":"publish","type":"post","link":"https:\/\/monblogeur.tech\/index.php\/2021\/11\/25\/cyclisme-lucpv-mise-sur-la-formation-et-fourmille-de-projets-leveil-de-la-haute-loire\/","title":{"rendered":"Cyclisme &#8211; L&#039;UCPV mise sur la formation et fourmille de projets &#8211; L&#039;Eveil de la Haute-Loire"},"content":{"rendered":"<div class=\"cfbc967f0983488262956e73eca9483a\" data-index=\"1\" style=\"float: none; margin:10px 0 10px 0; text-align:center;\">\n<script async src=\"https:\/\/pagead2.googlesyndication.com\/pagead\/js\/adsbygoogle.js?client=ca-pub-3859091246952232\" crossorigin=\"anonymous\"><\/script>\r\n<!-- blok -->\r\n<ins class=\"adsbygoogle\" data-ad-client=\"ca-pub-3859091246952232\" data-ad-slot=\"1334354390\"><\/ins>\r\n<script>\r\n     (adsbygoogle = window.adsbygoogle || []).push({});\r\n<\/script>\r\n\n<\/div>\n<p>Publi\u00e9 le 24\/11\/2021<br \/> \t\t<strong class=\"cf-title\"> \t\t\t<span>S<\/span> \t\t<\/strong> \t\t \t\tamedi, en fin d\u2019apr\u00e8s-midi, l\u2019Union Cycliste Le Puy-en-Velay a tenu sa traditionnelle assembl\u00e9e g\u00e9n\u00e9rale dans la salle Balavoine de Guitard, en pr\u00e9sence de tr\u00e8s nombreux soci\u00e9taires, membres du bureau, pratiquants et parents des jeunes cyclistes. \t<br \/>Une soixantaine de personnes avaient pris place dans la salle Balavoine, au Puy-en-Velay, pour assister aux travaux de cette importante r\u00e9union statutaire pour le club affili\u00e9 \u00e0 la F\u00e9d\u00e9ration fran\u00e7aise de cyclisme. Cette r\u00e9union a ainsi permis de revenir sur l\u2019ann\u00e9e \u00e9coul\u00e9e qui a largement \u00e9t\u00e9 contrari\u00e9e par la crise sanitaire, mais \u00e9galement d\u2019\u00e9voquer les perspectives pour les prochains mois et notamment les projets du club qui motivent les soci\u00e9taires et sont de nature \u00e0 faire progresser le cyclisme local.<br \/>Dans un premier temps, \u00e9taient abord\u00e9s les bilans des formations (organisation de multiples stages au cours de l\u2019ann\u00e9e), de la s\u00e9curit\u00e9 puisque le terrain de jeu principal des cyclistes reste la voie publique. Le sujet du stade cycliste (constitu\u00e9 de pistes BMX, de bosses, de zones, de tremplins, de slaloms, de plateaux r\u00e9serv\u00e9s aux jeux ou encore un b\u00e2timent et des vestiaires) a \u00e9t\u00e9 pr\u00e9sent\u00e9 fin octobre aux \u00e9lus et a re\u00e7u \u00ab&nbsp;un accueil favorable&nbsp;\u00bb. Ensuite, le pr\u00e9sident David Rulli\u00e8re est revenu sur les activit\u00e9s qui se sont d\u00e9roul\u00e9es ces mois pr\u00e9c\u00e9dents dans les diff\u00e9rentes sections du club&nbsp;: V\u00e9lo-Ecole, V\u00e9lo-Loisir, V\u00e9lo-Loisir-VTT, V\u00e9lo Handicap, V\u00e9lo-Comp\u00e9tition-Route &amp; VTT, sachant que de jeunes coureurs accompagn\u00e9s et suivis qui progressent et qui performent rejoignent d\u2019autres clubs en 2022.<br \/>Enfin, l\u2019assembl\u00e9e g\u00e9n\u00e9rale s\u2019est poursuivie par l\u2019\u00e9vocation des projets de d\u00e9veloppement du club qui portent sur diff\u00e9rentes th\u00e9matiques. Avec notamment la poursuite des formations, l\u2019ADN du club, et de son \u00e9cole de v\u00e9lo labellis\u00e9e par la FFC. D\u2019autres sujets ont \u00e9t\u00e9 abord\u00e9s&nbsp;: l\u2019implication dans les manifestations locales, la volont\u00e9 de b\u00e2tir un club ambitieux et bien structur\u00e9 pour accompagner plus longtemps les jeunes sportifs, le d\u00e9veloppement des sections Kids v\u00e9lo, le v\u00e9lo f\u00e9minin, le v\u00e9lo \u00e0 assistance \u00e9lectrique ou encore v\u00e9lo loisir et v\u00e9lo comp\u00e9tition.<br \/>La soir\u00e9e s\u2019est poursuivie avec l\u2019attribution de r\u00e9compenses aux coureurs qui se sont distingu\u00e9s durant la pr\u00e9c\u00e9dente saison.&nbsp;<br \/>Vous pouvez envoyer cet article par email \u00e0 vos amis.<br \/>Soyez le premier \u00e0 commenter cet article<br \/><font color=\"#333f48\">Aidez-nous &agrave; am&eacute;liorer notre site en r&eacute;pondant &agrave; notre questionnaire.<\/font><\/p>\n<p><a href=\"https:\/\/www.leveil.fr\/puy-en-velay-43000\/sports\/lucpv-mise-sur-la-formation-et-fourmille-de-projets_14049850\/\">source<\/a><\/p>\n<!--CusAds0-->\n<div style=\"font-size: 0px; height: 0px; line-height: 0px; margin: 0; padding: 0; clear: both;\"><\/div>","protected":false},"excerpt":{"rendered":"<p>Publi\u00e9 le 24\/11\/2021 S amedi, en fin d\u2019apr\u00e8s-midi, l\u2019Union Cycliste Le Puy-en-Velay a tenu sa traditionnelle assembl\u00e9e g\u00e9n\u00e9rale dans la salle Balavoine de Guitard, en pr\u00e9sence de tr\u00e8s nombreux soci\u00e9taires, membres du bureau, pratiquants et parents des jeunes cyclistes. Une soixantaine de personnes avaient pris place dans la salle Balavoine, au Puy-en-Velay, pour assister aux [&hellip;]<\/p>\n","protected":false},"author":1,"featured_media":0,"comment_status":"open","ping_status":"open","sticky":false,"template":"","format":"standard","meta":{"googlesitekit_rrm_CAow1sXXCw:productID":"","_jetpack_memberships_contains_paid_content":false,"footnotes":"","jetpack_publicize_message":"","jetpack_publicize_feature_enabled":true,"jetpack_social_post_already_shared":false,"jetpack_social_options":{"image_generator_settings":{"template":"highway","default_image_id":0,"font":"","enabled":false},"version":2}},"categories":[1],"tags":[],"class_list":["post-1422","post","type-post","status-publish","format-standard","hentry","category-non-classe"],"jetpack_publicize_connections":[],"jetpack_featured_media_url":"","jetpack_sharing_enabled":true,"_links":{"self":[{"href":"https:\/\/monblogeur.tech\/index.php\/wp-json\/wp\/v2\/posts\/1422","targetHints":{"allow":["GET"]}}],"collection":[{"href":"https:\/\/monblogeur.tech\/index.php\/wp-json\/wp\/v2\/posts"}],"about":[{"href":"https:\/\/monblogeur.tech\/index.php\/wp-json\/wp\/v2\/types\/post"}],"author":[{"embeddable":true,"href":"https:\/\/monblogeur.tech\/index.php\/wp-json\/wp\/v2\/users\/1"}],"replies":[{"embeddable":true,"href":"https:\/\/monblogeur.tech\/index.php\/wp-json\/wp\/v2\/comments?post=1422"}],"version-history":[{"count":0,"href":"https:\/\/monblogeur.tech\/index.php\/wp-json\/wp\/v2\/posts\/1422\/revisions"}],"wp:attachment":[{"href":"https:\/\/monblogeur.tech\/index.php\/wp-json\/wp\/v2\/media?parent=1422"}],"wp:term":[{"taxonomy":"category","embeddable":true,"href":"https:\/\/monblogeur.tech\/index.php\/wp-json\/wp\/v2\/categories?post=1422"},{"taxonomy":"post_tag","embeddable":true,"href":"https:\/\/monblogeur.tech\/index.php\/wp-json\/wp\/v2\/tags?post=1422"}],"curies":[{"name":"wp","href":"https:\/\/api.w.org\/{rel}","templated":true}]}}