{"id":1476,"date":"2021-11-25T11:17:08","date_gmt":"2021-11-25T10:17:08","guid":{"rendered":"https:\/\/monblogeur.tech\/index.php\/2021\/11\/25\/paris-prorefei-programme-de-formation-des-referents-energie-la-lettre-economique-et-politique-de-paca-presse-agence\/"},"modified":"2021-11-25T11:17:08","modified_gmt":"2021-11-25T10:17:08","slug":"paris-prorefei-programme-de-formation-des-referents-energie-la-lettre-economique-et-politique-de-paca-presse-agence","status":"publish","type":"post","link":"https:\/\/monblogeur.tech\/index.php\/2021\/11\/25\/paris-prorefei-programme-de-formation-des-referents-energie-la-lettre-economique-et-politique-de-paca-presse-agence\/","title":{"rendered":"PARIS : PROREFEI, programme de formation des r\u00e9f\u00e9rents \u00e9nergie &#8211; La lettre \u00e9conomique et politique de PACA &#8211; Presse Agence"},"content":{"rendered":"<div class=\"cfbc967f0983488262956e73eca9483a\" data-index=\"1\" style=\"float: none; margin:10px 0 10px 0; text-align:center;\">\n<script async src=\"https:\/\/pagead2.googlesyndication.com\/pagead\/js\/adsbygoogle.js?client=ca-pub-3859091246952232\" crossorigin=\"anonymous\"><\/script>\r\n<!-- blok -->\r\n<ins class=\"adsbygoogle\" data-ad-client=\"ca-pub-3859091246952232\" data-ad-slot=\"1334354390\"><\/ins>\r\n<script>\r\n     (adsbygoogle = window.adsbygoogle || []).push({});\r\n<\/script>\r\n\n<\/div>\n<p>La production africaine de d\u00e9chets va tripler d\u2019ici 2050.<br \/>Depuis 10 ans, MOUVEMENT UP d\u00e9crypte les probl\u00e8mes, investigue sur la diversit\u00e9 des solutions possibles pour y r\u00e9pondre, et propose \u00e0 chacun de s\u2019en saisir [&hellip;]<br \/>Depuis 10 ans, MOUVEMENT UP d\u00e9crypte les probl\u00e8mes, investigue sur la diversit\u00e9 des solutions possibles pour y r\u00e9pondre, et propose \u00e0 chacun de s\u2019en saisir [&hellip;]<br \/>Caroline Janvier, d\u00e9put\u00e9e du Loiret, est membre de la commission des Affaires sociales et de celle des Affaires europ\u00e9ennes.<br \/>Consommer moins de produits animaux et gaspiller moins all\u00e8gent le budget, mais augmenter sa consommation de produits bio l\u2019alourdit.<br \/>La destination Provence Verte et Verdon, d&rsquo;une superficie d&rsquo;un quart du d\u00e9partement du Var, est le poumon vert de la Provence, \u00e0 moins d&rsquo;une heure [&hellip;]<br \/>Marl\u00e8ne SCHIAPPA, ministre d\u00e9l\u00e9gu\u00e9e charg\u00e9e de la Citoyennet\u00e9, se rendra \u00e0 la pr\u00e9fecture du Val-d&rsquo;Oise, ce jeudi 25 novembre 2021, pour faire \u00e9tat de l&rsquo;avancement [&hellip;]<br \/>Cette aide financi\u00e8re exceptionnelle s\u2019adresse aux demandeurs b\u00e9n\u00e9ficiant d\u2019une pr\u00e9paration op\u00e9rationnelle \u00e0 l\u2019emploi individuelle (POEI).<br \/>La Valette fait place aux illuminations et \u00e0 la magie de No\u00ebl.<br \/>Par Louis Buchman, senior fellow de l\u2019Institut, avocat \u00e0 Paris et \u00e0 New York, arbitre et m\u00e9diateur, et capitaine de vaisseau (h) de la marine [&hellip;]<br \/><a href=\"http:\/\/lagazetteduvar.fr\/\" target=\"_blank\" rel=\"noopener noreferrer\"><img loading=\"lazy\" decoding=\"async\" class=\"aligncenter wp-image-368016 size-full\" src=\"http:\/\/www.presseagence.fr\/lettre-economique-politique-paca\/files\/2019\/02\/encart_GDV_presseagence.jpg\" alt=\"\" width=\"270\" height=\"250\" \/><\/a><br \/><a href=\"http:\/\/www.pa-sport.fr\" target=\"_blank\" rel=\"noopener noreferrer\"><img loading=\"lazy\" decoding=\"async\" class=\"aligncenter size-full wp-image-367061\" src=\"http:\/\/www.presseagence.fr\/lettre-economique-politique-paca\/files\/2019\/01\/pa-sport_bloc_wp.jpg\" alt=\"\" width=\"270\" height=\"250\" \/><\/a><br \/>                 Written by <a href=\"http:\/\/www.presseagence.fr\/lettre-economique-politique-paca\/author\/floriane\/\" title=\"Floriane\">Floriane<\/a>. Posted in <a href=\"http:\/\/www.presseagence.fr\/lettre-economique-politique-paca\/category\/infos-nationales\/\" rel=\"category tag\">INFOS NATIONALES<\/a>            <br \/><span style=\"color: #0000ff\"><strong>Rencontres et webinar PROREFEI en d\u00e9cembre 2021 : Le programme PROREFEI donne rendez-vous aux entreprises industrielles et du tertiaire complexe et les accompagne pour passer \u00e0 l&rsquo;action.<\/strong><\/span><br \/><span id=\"more-535884\"><\/span><br \/>PROREFEI, le programme d\u00e9di\u00e9 aux salari\u00e9s en charge de l&rsquo;\u00e9nergie dans le secteur industriel, a acc\u00e9l\u00e9r\u00e9 ses actions depuis la rentr\u00e9e 2021 \u00e0 la rencontre des entreprises industrielles et du tertiaire complexe. Les \u00e9quipes PROREFEI ont pr\u00e9sent\u00e9 le programme \u00e0 l&rsquo;occasion de salons, tables rondes, journ\u00e9es th\u00e9matiques et webinars d\u00e9di\u00e9s \u00e0 l&rsquo;efficacit\u00e9 \u00e9nerg\u00e9tique, d\u00e9di\u00e9s \u00e0 des secteurs sp\u00e9cifiques (m\u00e9tallurgie chimie, cosm\u00e9tiques, agroalimentaire&#8230;) ou pour un public transversal. L&rsquo;occasion pour PROREFEI d&rsquo;expliquer plus en d\u00e9tails son parcours multimodal, les nouveaut\u00e9s, les avantages pour chaque secteur ainsi que l&rsquo;impact concret de la formation. Ces rencontres permettent \u00e9galement de partager avec les participants des retours d&rsquo;exp\u00e9rience de salari\u00e9s du secteur qui ont suivi la formation, et comment ils ont pu mettre en place des actions d&rsquo;efficacit\u00e9 \u00e9nerg\u00e9tique au sein de leur entreprise.<br \/>En cette fin d&rsquo;ann\u00e9e marquant la fin de la prise en charge de la formation \u00e0 100%, PROREFEI \u00e9changera avec les professionnels de diff\u00e9rents secteurs au mois de d\u00e9cembre lors de salons majeurs de l&rsquo;\u00e9nergie ou encore un webinar pour le secteur agroalimentaire. L&rsquo;inscription \u00e0 ces rendez-vous est encore possible pour les professionnels concern\u00e9s.<br \/><strong>Prochaines rencontres PROREFEI :<\/strong><br \/><strong>\u00b7 01\/12\/2021 et 02\/12\/2021 : Journ\u00e9es techniques AD&rsquo;M CEE (Paris)<\/strong><br \/>De 14h \u00e0 15h15<br \/>Parcours entreprises &#8211; Les nouvelles modalit\u00e9s P5 ; impact pour les entreprises et l&rsquo;industrie<br \/>Les programmes industrie<br \/>Cit\u00e9 des Sciences et Industrie &#8211; 30 avenue Corentin Cariou &#8211; 75019 PARIS<br \/>Inscriptions sur : <a href=\"https:\/\/admcee.ademe.fr\/inscription\/coordonnees.htm\">https:\/\/admcee.ademe.fr\/inscription\/coordonnees.htm<\/a><br \/><strong>\u00b7 07\/12\/2021 : Salon ENERGY CLASS FACTORY (Lyon)<\/strong><br \/>Speed meeting PROREFEI, toute la journ\u00e9e en continu, ouvert aux professionnels de l&rsquo;industrie<br \/>Cit\u00e9 Internationale &#8211; 50 Quai Charles de Gaulle &#8211; 69006 LYON<br \/>Inscriptions sur : <a href=\"https:\/\/energie-industrie.com\/LYON\/\">https:\/\/energie-industrie.com\/LYON\/<\/a><br \/><strong>\u00b7 14\/12\/2021 : Webinaire ELO ENERGIE<\/strong><br \/>14h30 &#8211; Table ronde avec Daniel Cappe, Vice-Pr\u00e9sident de l&rsquo;ATEE et un industriel ayant b\u00e9n\u00e9fici\u00e9 des programmes PRO-SMEn et PROREFEI<br \/>Inscriptions aupr\u00e8s de Process Alimentaire<br \/><b>Directeur de la Publication<\/b> :<br \/>  Gilles Carvoyeur redaction@presseagence.fr<br \/><b>R\u00e9dacteurs<\/b> :<br \/> Julien Azoulai, Bernard Bertucco Van Damme, Thierry Cari, Pascal Jolliet,<br \/> Nicolas Tudort, Greg Vuylsteker, Francine Marie<br \/><b>Photographes<\/b> :<br \/> Pascal Azoulai, Olivier Lalanne, Philippe Olivier, Julien Azoulai, Alain Blanchot<br \/><b>Administrateur Web<\/b> :<br \/> Pascal Jolliet<br \/><b>R\u00e9dactrices Web<\/b> :<br \/> Shirley Corrado, Floriane Dumont<br \/><b>Secr\u00e9taire de r\u00e9daction<\/b> :<br \/> Marie Bruel redactionlalonde@presseagence.fr<br \/><b>Consultant Juridique<\/b> :<br \/> Morgan Maginot, avocat au barreau de Toulon  contact@mdmaginot-avocat.fr<br \/>Code APE : 913 E &#8211; N\u00b0 SIREN : 439 801 523<br \/>Pour nous \u00e9crire : <a href=\"mailto:redaction@presseagence.fr\">redaction@presseagence.fr<\/a><br \/>Fr\u00e9quentation mensuelle moyenne : 75 000 visites uniques<br \/><i>Copyright ADIM : Toute reproduction interdite<\/i><\/p>\n<p><a href=\"http:\/\/www.presseagence.fr\/lettre-economique-politique-paca\/2021\/11\/24\/paris-prorefei-programme-de-formation-des-referents-energie\/\">source<\/a><\/p>\n<!--CusAds0-->\n<div style=\"font-size: 0px; height: 0px; line-height: 0px; margin: 0; padding: 0; clear: both;\"><\/div>","protected":false},"excerpt":{"rendered":"<p>La production africaine de d\u00e9chets va tripler d\u2019ici 2050.Depuis 10 ans, MOUVEMENT UP d\u00e9crypte les probl\u00e8mes, investigue sur la diversit\u00e9 des solutions possibles pour y r\u00e9pondre, et propose \u00e0 chacun de s\u2019en saisir [&hellip;]Depuis 10 ans, MOUVEMENT UP d\u00e9crypte les probl\u00e8mes, investigue sur la diversit\u00e9 des solutions possibles pour y r\u00e9pondre, et propose \u00e0 chacun [&hellip;]<\/p>\n","protected":false},"author":1,"featured_media":0,"comment_status":"open","ping_status":"open","sticky":false,"template":"","format":"standard","meta":{"googlesitekit_rrm_CAow1sXXCw:productID":"","_jetpack_memberships_contains_paid_content":false,"footnotes":"","jetpack_publicize_message":"","jetpack_publicize_feature_enabled":true,"jetpack_social_post_already_shared":false,"jetpack_social_options":{"image_generator_settings":{"template":"highway","default_image_id":0,"font":"","enabled":false},"version":2}},"categories":[1],"tags":[],"class_list":["post-1476","post","type-post","status-publish","format-standard","hentry","category-non-classe"],"jetpack_publicize_connections":[],"jetpack_featured_media_url":"","jetpack_sharing_enabled":true,"_links":{"self":[{"href":"https:\/\/monblogeur.tech\/index.php\/wp-json\/wp\/v2\/posts\/1476","targetHints":{"allow":["GET"]}}],"collection":[{"href":"https:\/\/monblogeur.tech\/index.php\/wp-json\/wp\/v2\/posts"}],"about":[{"href":"https:\/\/monblogeur.tech\/index.php\/wp-json\/wp\/v2\/types\/post"}],"author":[{"embeddable":true,"href":"https:\/\/monblogeur.tech\/index.php\/wp-json\/wp\/v2\/users\/1"}],"replies":[{"embeddable":true,"href":"https:\/\/monblogeur.tech\/index.php\/wp-json\/wp\/v2\/comments?post=1476"}],"version-history":[{"count":0,"href":"https:\/\/monblogeur.tech\/index.php\/wp-json\/wp\/v2\/posts\/1476\/revisions"}],"wp:attachment":[{"href":"https:\/\/monblogeur.tech\/index.php\/wp-json\/wp\/v2\/media?parent=1476"}],"wp:term":[{"taxonomy":"category","embeddable":true,"href":"https:\/\/monblogeur.tech\/index.php\/wp-json\/wp\/v2\/categories?post=1476"},{"taxonomy":"post_tag","embeddable":true,"href":"https:\/\/monblogeur.tech\/index.php\/wp-json\/wp\/v2\/tags?post=1476"}],"curies":[{"name":"wp","href":"https:\/\/api.w.org\/{rel}","templated":true}]}}