{"id":1574,"date":"2021-11-26T02:27:15","date_gmt":"2021-11-26T01:27:15","guid":{"rendered":"https:\/\/monblogeur.tech\/index.php\/2021\/11\/26\/plan-de-formation-petite-enfance-le-volet-territorial-rencontre-ladhesion-des-professionnels-gazette-des-communes\/"},"modified":"2021-11-26T02:27:15","modified_gmt":"2021-11-26T01:27:15","slug":"plan-de-formation-petite-enfance-le-volet-territorial-rencontre-ladhesion-des-professionnels-gazette-des-communes","status":"publish","type":"post","link":"https:\/\/monblogeur.tech\/index.php\/2021\/11\/26\/plan-de-formation-petite-enfance-le-volet-territorial-rencontre-ladhesion-des-professionnels-gazette-des-communes\/","title":{"rendered":"Plan de formation petite enfance : le volet territorial rencontre l&#039;adh\u00e9sion des professionnels &#8211; Gazette des communes"},"content":{"rendered":"<div class=\"cfbc967f0983488262956e73eca9483a\" data-index=\"1\" style=\"float: none; margin:10px 0 10px 0; text-align:center;\">\n<script async src=\"https:\/\/pagead2.googlesyndication.com\/pagead\/js\/adsbygoogle.js?client=ca-pub-3859091246952232\" crossorigin=\"anonymous\"><\/script>\r\n<!-- blok -->\r\n<ins class=\"adsbygoogle\" data-ad-client=\"ca-pub-3859091246952232\" data-ad-slot=\"1334354390\"><\/ins>\r\n<script>\r\n     (adsbygoogle = window.adsbygoogle || []).push({});\r\n<\/script>\r\n\n<\/div>\n<p>D\u00e9j\u00e0 inscrit(e) ?<br \/>Identifiant et\/ou mot de passe non valides<br \/>Nous n\u2019avons pas reconnu votre email, veuillez indiquer un email valide, utilis\u00e9 lors de la cr\u00e9ation de votre compte.<br \/>Un message avec vos codes d&rsquo;acc\u00e8s vous a \u00e9t\u00e9 envoy\u00e9 par mail.<br \/>Pas encore inscrit(e) ?<br \/>Inscrivez-vous pour acc\u00e9der aux services de LaGazette.fr et \u00e0 la gestion de vos Newsletters et Alertes.<br \/>Mon compte Gazette<br \/>D\u00e9j\u00e0 inscrit(e) ?<br \/>Identifiant et\/ou mot de passe non valides<br \/>Nous n\u2019avons pas reconnu votre email, veuillez indiquer un email valide, utilis\u00e9 lors de la cr\u00e9ation de votre compte.<br \/>Un message avec vos codes d&rsquo;acc\u00e8s vous a \u00e9t\u00e9 envoy\u00e9 par mail.<br \/>Pas encore inscrit(e) ?<br \/>Inscrivez-vous pour acc\u00e9der aux services de LaGazette.fr et \u00e0 la gestion de vos Newsletters et Alertes.<br \/>Mon compte Gazette<br \/> \t<a class=\"titleI__content titleI__link\" href=\"https:\/\/www.lagazettedescommunes.com\/rubriques\/club-sante-social\/\"> \t\t<span class=\"titleI__icon\"><img decoding=\"async\" src=\"https:\/\/www.lagazettedescommunes.com\/wp-content\/themes\/gazette_v5\/images\/logo\/club-sante-social.png\" alt=\"icon\" \/><\/span> \t\t\tClub <span>Sant\u00e9 Social<\/span>\t<\/a> <br \/>PETITE ENFANCE<br \/> \t\t\t<span class=\"articlePublication__data\">Publi\u00e9 le 24\/11\/2021<\/span> \t\t\t\t<meta itemprop=\"datePublished\" content=\"2021-11-24T15:41:27+00:00\" \/> \t\t\t\t\t\t\t\t\t\t\t\t<meta itemprop=\"dateModified\" content=\"2021-11-24T15:41:27+00:00\" \/> \t\t\t\t\t\t\t\t<span class=\"articlePublication__author\">\u2022  Par \t\t\t\t\t\t\t\t\t\t\t<a class=\"articlePublication__link\" href=\"https:\/\/www.lagazettedescommunes.com\/journaliste\/michele-foin\/\" target=\"_blank\" rel=\"noopener\">Mich\u00e8le Foin<\/a> \t\t\t\t\t<meta itemprop=\"author\" content=\"Mich\u00e8le Foin\" \/> \t\t\t\t\t\t\t\t<\/span> \t\t\t<span class=\"articlePublication__data\">\u2022  dans : \t\t\t\t\t\t\t\t\t\t<a href=\"https:\/\/www.lagazettedescommunes.com\/rubriques\/a-la-une-sante-social\/\" title=\"View all posts in A la Une sant\u00e9 social\" rel=\"category\" class=\"articlePublication__link\">A la Une sant\u00e9 social<\/a>, <a href=\"https:\/\/www.lagazettedescommunes.com\/rubriques\/actu-expert-sante-social\/\" title=\"View all posts in Actu expert sant\u00e9 social\" rel=\"category\" class=\"articlePublication__link\">Actu expert sant\u00e9 social<\/a>, <a href=\"https:\/\/www.lagazettedescommunes.com\/rubriques\/france\/\" title=\"View all posts in France\" rel=\"category\" class=\"articlePublication__link\">France<\/a>, <a href=\"https:\/\/www.lagazettedescommunes.com\/rubriques\/actualite-club-rh\/\" title=\"View all posts in Toute l&#039;actu RH\" rel=\"category\" class=\"articlePublication__link\">Toute l&rsquo;actu RH<\/a>\t\t\t\t\t\t\t<\/span> \t\t\t\t\t<br \/><i class=\"icon-alerte\"><\/i>Ma Gazette<br \/>S\u00e9lectionnez vos th\u00e8mes et cr\u00e9ez votre newsletter personnalis\u00e9e<br \/>Il aura fallu trois ans pour mettre enfin sur les rails le vaste plan de formation des 600 000 professionnels de la petite enfance \u00ab\u00a0ambition enfance \u00e9galit\u00e9\u00a0\u00bb annonc\u00e9 par Emmanuel Macron le 13 septembre 2018, lors du lancement de la strat\u00e9gie de pr\u00e9vention et de lutte contre la pauvret\u00e9. Le Centre nationale de la fonction publique territoriale et tous les op\u00e9rateurs de comp\u00e9tences ont contractualis\u00e9 avec l\u2019Etat, et 180 modules de formation ont \u00e9t\u00e9 adapt\u00e9s selon les sept th\u00e9matiques point\u00e9es par le Haut conseil de la famille de l\u2019enfance et de l\u2019\u00e2ge\u00a0 en 2019.<br \/>\u00ab\u00a0Vous avez une offre disponible. Le catalogue est l\u00e0. Il faut y avoir recours, y compris sur le volet num\u00e9rique\u00a0\u00bb, a encourag\u00e9 Marine Jeantet, d\u00e9l\u00e9gu\u00e9e interminist\u00e9rielle \u00e0 la pr\u00e9vention et \u00e0 la lutte contre la pauvret\u00e9, le 30 septembre 2021, lors de la rentr\u00e9e de la petite enfance organis\u00e9e par le site d\u2019information \u00ab\u00a0Les Pros de la petite enfance\u00a0\u00bb. En charge de la mise en \u0153uvre de ce plan, elle s\u2019est r\u00e9jouie de sa \u00ab\u00a0mont\u00e9e en puissance\u00a0\u00bb.<br \/>L\u2019Etat y a consacr\u00e9 36,7 millions d\u2019euros. Un investissement cons\u00e9quent dont elle esp\u00e8re un r\u00e9el impact sur les pratiques. Le plan s\u2019articule en deux volets. Selon les derni\u00e8res remont\u00e9es du secr\u00e9tariat d\u2019Etat \u00e0 l\u2019enfance, 21\u00a0000 professionnels ont d\u00e9j\u00e0 b\u00e9n\u00e9fici\u00e9 des modules propos\u00e9s dans le cadre du volet national (soit au total 41\u00a0000 d\u00e9parts).<br \/>Le volet territorial, fond\u00e9 lui sur des appels \u00e0 projets, a connu un r\u00e9el succ\u00e8s avec 124 projets financ\u00e9s lors de la premi\u00e8re vague lanc\u00e9e en fin d\u2019ann\u00e9e 2020. Dot\u00e9 de 3 millions d\u2019euros, il a permis 20 000 d\u00e9parts en formation. Un deuxi\u00e8me appel \u00e0 projet a \u00e9t\u00e9 lanc\u00e9 en septembre 2021, avec le m\u00eame budget que l\u2019an dernier.<br \/>Le projet de formation du conseil d\u00e9partemental de Seine-Saint-Denis fait partie des laur\u00e9ats de la premi\u00e8re vague, pour un montant de 119 000 euros. Il comporte quatre dimensions. Une journ\u00e9e \u00ab\u00a0enfance et \u00e9galit\u00e9\u00a0\u00bb le 15 d\u00e9cembre 2021, avec une session sur les fondamentaux du d\u00e9veloppement de l\u2019enfant, et trois tables rondes sur la diversit\u00e9 des langues, les arts et la culture, et l\u2019\u00e9galit\u00e9 fille gar\u00e7ons. Cette conf\u00e9rence s\u2019adresse \u00e0 200 professionnels de l\u2019accueil collectif ou individuel. \u00ab\u00a0Nous voulons faire dialoguer des \u00e9l\u00e9ments issus de la recherche et des exp\u00e9riences de terrain\u00a0\u00bb, explique Ana Larregle, responsable du P\u00f4le innovation petite enfance &#8211; parentalit\u00e9.<br \/>Une autre probl\u00e9matique que rencontre le conseil d\u00e9partemental est de s\u2019adapter au profil des familles du territoire. \u00ab\u00a0En Seine-Saint-Denis nous avons un taux de couverture des besoins d\u2019accueil de 31% et un taux de pauvret\u00e9 de 28%. Nous sommes en train d\u2019installer la facturation horaire avec les horaires diversifi\u00e9s. Cela nous oblige \u00e0 modifier nos modalit\u00e9s d\u2019accueil, et ce faisant \u00e0 mieux r\u00e9pondre aux besoins des familles. Les professionnels ont besoin d\u2019\u00eatre accompagn\u00e9s dans cette \u00e9volution \u00bb, convient Daphn\u00e9 Bogo, directrice adjointe de l&rsquo;enfance et de la famille. Une probl\u00e9matique qui concerne aussi les assistantes maternelles. \u00ab\u00a0Nous voulons les inciter \u00e0 sortir de l\u2019accueil de cinq jours par semaine, pas du tout adapt\u00e9 \u00e0 nos familles.\u00a0\u00bb<br \/>Des rencontres de formation continue sur la question des temps diversifi\u00e9s sont donc \u00e9galement pr\u00e9vues, avec des \u00e9changes d\u2019exp\u00e9rience avec des professionnels de cr\u00e8ches \u00e0 vocation d\u2019insertion professionnelles (AVIP). 200 professionnels y sont attendus en pr\u00e9sentiel. Un contenu qui doit aussi \u00eatre mis en ligne pour la partie th\u00e9orique, afin de profiter \u00e0 davantage de personnes.<br \/>Une troisi\u00e8me action concernera sp\u00e9cifiquement les assistantes maternelles pour les former au num\u00e9rique. \u00ab\u00a0Sur les 4 800 assistantes maternelles du d\u00e9partement, 2 000 seulement sont connect\u00e9es \u00e0 <a href=\"https:\/\/monenfant.fr\/\" rel=\"nofollow\" >Monenfant.fr<\/a>. C\u2019est un v\u00e9ritable enjeu, li\u00e9 \u00e0 l\u2019illectronisme\u00a0\u00bb, pr\u00e9vient Daphn\u00e9 Bogo. Mais 160 assistantes maternelles seulement pourront en b\u00e9n\u00e9ficier. \u00ab\u00a0Il faudra trouver un relais\u00a0\u00bb, convient la directrice adjointe.<br \/>Enfin, une derni\u00e8re formation sera organis\u00e9e pour articuler les coop\u00e9rations entre \u00e9tablissements d\u2019accueil du jeune enfant et Maisons d\u2019assistantes maternelles (MAM). Des rencontres entre professionnels qui reprendront les th\u00e9matiques abord\u00e9es durant la journ\u00e9e \u00ab\u00a0enfance et \u00e9galit\u00e9\u00a0\u00bb.<br \/>Au total, ce sont 600 professionnels qui devraient \u00eatre form\u00e9s. \u00ab\u00a0C\u2019est un d\u00e9but\u00a0\u00bb, convient Daphn\u00e9e Bogo, qui souhaite de toute fa\u00e7on continuer \u00e0 travailler ces th\u00e9matiques au del\u00e0 de 2021. \u00ab\u00a0Ce travail aide \u00e0 conceptualiser des maquettes et \u00e0 nous demander comment les poursuivre en les faisant \u00e9voluer.\u00a0\u00bb Car le cadre de l\u2019appel \u00e0 projet est contraignant\u00a0: des formations d\u2019un ou deux jours maximum, et si possible, en petits groupes de proximit\u00e9.<br \/>C\u2019est aussi ce qu\u2019a ressenti la direction petite enfance de Saint-Pierre des Corps (15\u00a0766\u00a0hab. Indre-et-Loire). Dans cette collectivit\u00e9, le centre culturel a mis une priorit\u00e9 sur l\u2019\u00e9veil des tout-petits. De nombreux spectacles y sont con\u00e7us pour les b\u00e9b\u00e9s.<br \/>Lorsque l\u2019appel \u00e0 projet \u00ab\u00a0enfance et \u00e9galit\u00e9\u00a0\u00bb a \u00e9t\u00e9 lanc\u00e9, la Direction r\u00e9gionale des actions culturelles a donc propos\u00e9 \u00e0 la danseuse et chor\u00e9graphe Anne-Laure Rouxel de travailler sur l\u2019\u00e9veil corporel avec les professionnels de la petite enfance de la ville. \u00ab\u00a0Nous voulions casser les freins de nos agents qui sont parfois moins \u00e0 l\u2019aise avec leur corps\u00a0\u00bb, explique Micka\u00ebl Chapeau, adjoint en charge de la culture et de la communication, qui a r\u00e9ussi \u00e0 convaincre la <acronym title=\"Direction r\u00e9gionale des actions culturelles\">Drac<\/acronym> d\u2019\u00e9taler cette formation-action en plusieurs \u00e9tapes pour que les professionnels aient le temps de s\u2019approprier cette nouvelle mani\u00e8re d\u2019\u00e9veiller les tout-petits.<br \/>\u00ab\u00a0C\u2019est en montrant, que les agents se forment au quotidien. Une seule s\u00e9ance n\u2019aurait pas suffi pour oser faire\u00a0\u00bb, fait remarquer Anne Lefran\u00e7ais, responsable du p\u00f4le petite enfance. \u00ab\u00a0Dans un premier temps, les agents sont avec les enfants dans des ateliers d\u2019\u00e9veil corporel avec la chor\u00e9graphe, puis les professionnels se retrouvent seuls le soir avec Anne-Laure Rouxel pour refaire les m\u00eames mouvements et jeux corporels, mais avec des explications th\u00e9oriques.\u00a0\u00bb<br \/>Les agents des quatre structures de la collectivit\u00e9 ont pu y participer, sur la base du volontariat, mais l\u00e0 aussi, il a fallu que la ville d\u00e9fende sa position. \u00ab\u00a0L\u2019appel \u00e0 projet concernait les enfants des quartiers prioritaires. Or nous en avons dans toutes les cr\u00e8ches\u00a0!\u00a0Nous n\u2019avons heureusement pas d\u2019agents sp\u00e9cifiques aux quartiers en politique de la ville\u00a0! \u00bb ironise Micka\u00ebl Chapeau qui se r\u00e9jouit de la coh\u00e9sion que ce type de formation cr\u00e9\u00e9 au sein des structures.<br \/>A condition qu\u2019elles ne s\u2019arr\u00eatent pas l\u00e0. \u00ab\u00a0Apr\u00e8s ces 8 000 euros de l\u2019appel \u00e0 projet, nous cherchons des co-financements pour poursuivre cette d\u00e9marche avec le chant, la musique et l\u2019expression artistique, car au quotidien, c\u2019est de cela dont nos professionnels ont besoin pour enrichir l\u2019\u00e9veil des tout-petits\u00a0\u00bb. Et c\u2019est bien l\u00e0 toute la difficult\u00e9 du cahier des charges du volet territorial\u00a0: en imposant des formations d\u2019une \u00e0 deux journ\u00e9es, le risque est d\u2019aboutir \u00e0 un simple vernis qui ne tienne pas dans la dur\u00e9e\u2026<br \/>Th\u00e8mes abord\u00e9s<br \/>Sur le m\u00eame sujet<br \/>Initier et piloter une d\u00e9marche de transformation par le cloud : l\u2019exemple de Radio France<br \/>de Capgemini<br \/>VILLE DE SARTROUVILLE<br \/>Un(e) directeur(trice) adjoint(e) \u2013 infirmier(e) H\/F<br \/>Yvelines<br \/>VILLE DE PLAISIR<br \/>Cuisini\u00e8re\/ Ling\u00e8re  (H\/F)<br \/>Ile-De-France<br \/>VILLE DE PLAISIR<br \/>Charg\u00e9(e) de missions Sant\u00e9 Handicap H\/F<br \/>Yvelines<br \/>Plus de <b>1000<\/b> offres d&#8217;emploi !<br \/>Attach\u00e9 d&rsquo;administration de l&rsquo;Etat (Office fran\u00e7ais de protection des r\u00e9fugi\u00e9s et apatrides) &#8211; f\u00e9vrier 2022<br \/><span>Pr\u00e9parer ce concours<\/span> <i class=\"icon-chevron-right\"><\/i><br \/>Inspecteur du permis de conduire et de la s\u00e9curit\u00e9 routi\u00e8re &#8211; mars 2022<br \/><span>Pr\u00e9parer ce concours<\/span> <i class=\"icon-chevron-right\"><\/i><br \/>Personnel de direction d&rsquo;\u00e9tablissement d&rsquo;enseignement ou de formation relevant du ministre de l&rsquo;\u00e9ducation nationale &#8211; janvier 2022<br \/><span>Pr\u00e9parer ce concours<\/span> <i class=\"icon-chevron-right\"><\/i><br \/><i class=\"icon-geoloc\"><\/i> Nantes<br \/>2&egrave;mes Assises des &eacute;nergies renouvelables citoyennes<br \/><span>Information &amp; inscription<\/span> <i class=\"icon-chevron-right\"><\/i><br \/><i class=\"icon-geoloc\"><\/i> Paris<br \/>Les Prix Territoriaux &#8211; 22e &eacute;dition<br \/><span>Information &amp; inscription<\/span> <i class=\"icon-chevron-right\"><\/i><br \/><i class=\"icon-geoloc\"><\/i> 100% Digital<br \/>CLUB FINANCES n&deg;3<br \/><span>Information &amp; inscription<\/span> <i class=\"icon-chevron-right\"><\/i><br \/> \t\t\t\t\t\t\tCursus Ma&icirc;tre d&rsquo;ouvrage public\t\t\t\t\t\t\t\t\t\t\t\t\t\t\t<span class=\"formation__days\">(76 jours)<\/span> \t\t\t\t\t\t\t\t\t\t\t\t\t<br \/><span>Information &amp; inscription<\/span> <i class=\"icon-chevron-right\"><\/i><br \/> \t\t\t\t\t\t\tCursus Responsable des finances locales\t\t\t\t\t\t\t\t\t\t\t\t\t\t\t<span class=\"formation__days\">(104 jours)<\/span> \t\t\t\t\t\t\t\t\t\t\t\t\t<br \/><span>Information &amp; inscription<\/span> <i class=\"icon-chevron-right\"><\/i><br \/> \t\t\t\t\t\t\tCursus Manager le changement\t\t\t\t\t\t\t\t\t\t\t\t\t\t\t<span class=\"formation__days\">(119 jours)<\/span> \t\t\t\t\t\t\t\t\t\t\t\t\t<br \/><span>Information &amp; inscription<\/span> <i class=\"icon-chevron-right\"><\/i><br \/>Commentaires<br \/> \t\t\t\t<input class=\"commentForm__field\" type=\"text\" name=\"author\" placeholder=\"Pseudo*\" value=\"\" \/> \t\t\t<\/p>\n<p> \t\t\t\t<input class=\"commentForm__field\" type=\"text\" name=\"email\" placeholder=\"E-mail*\" value=\"\" \/> \t\t\t\t<small>Votre e-mail ne sera pas publi\u00e9<\/small> \t\t\t<\/p>\n<p> \t\t<\/p>\n<div id=\"recaptcha\"><\/div>\n<p><span class=\"footerAbo__info__title\">Club Sant\u00e9 Social :<\/span>Le site des professionnels du social et du m\u00e9dico-social<br \/>                     <span class=\"footerAbo__infolink__title\">Offre d&rsquo;abonnement individuelle :<\/span> \t\t\t\t\tAbonnez-vous et acc\u00e9dez \u00e0 l&rsquo;int\u00e9gralit\u00e9 des contenus et services                 <br \/>                     <span class=\"footerAbo__infolink__title\">Offre multi-utilisateurs :<\/span> \t\t\t\t\tAbonnez plusieurs personnes de votre service et profitez de tarifs d\u00e9gressifs                 <br \/>Suivez la Gazette<br \/>D\u00e9j\u00e0 inscrit(e) ?<br \/>Identifiant et\/ou mot de passe non valides<br \/>Nous n\u2019avons pas reconnu votre email, veuillez indiquer un email valide, utilis\u00e9 lors de la cr\u00e9ation de votre compte.<br \/>Un message avec vos codes d&rsquo;acc\u00e8s vous a \u00e9t\u00e9 envoy\u00e9 par mail.<br \/>Pas encore inscrit(e) ?<br \/>Inscrivez-vous pour acc\u00e9der aux services de LaGazette.fr et \u00e0 la gestion de vos Newsletters et Alertes.<br \/>Mon compte Gazette<\/p>\n<p><a href=\"https:\/\/www.lagazettedescommunes.com\/776254\/plan-de-formation-petite-enfance-le-volet-territorial-rencontre-ladhesion-des-professionnels\/\">source<\/a><\/p>\n<!--CusAds0-->\n<div style=\"font-size: 0px; height: 0px; line-height: 0px; margin: 0; padding: 0; clear: both;\"><\/div>","protected":false},"excerpt":{"rendered":"<p>D\u00e9j\u00e0 inscrit(e) ?Identifiant et\/ou mot de passe non validesNous n\u2019avons pas reconnu votre email, veuillez indiquer un email valide, utilis\u00e9 lors de la cr\u00e9ation de votre compte.Un message avec vos codes d&rsquo;acc\u00e8s vous a \u00e9t\u00e9 envoy\u00e9 par mail.Pas encore inscrit(e) ?Inscrivez-vous pour acc\u00e9der aux services de LaGazette.fr et \u00e0 la gestion de vos Newsletters et [&hellip;]<\/p>\n","protected":false},"author":1,"featured_media":0,"comment_status":"open","ping_status":"open","sticky":false,"template":"","format":"standard","meta":{"googlesitekit_rrm_CAow1sXXCw:productID":"","_jetpack_memberships_contains_paid_content":false,"footnotes":"","jetpack_publicize_message":"","jetpack_publicize_feature_enabled":true,"jetpack_social_post_already_shared":false,"jetpack_social_options":{"image_generator_settings":{"template":"highway","default_image_id":0,"font":"","enabled":false},"version":2}},"categories":[1],"tags":[],"class_list":["post-1574","post","type-post","status-publish","format-standard","hentry","category-non-classe"],"jetpack_publicize_connections":[],"jetpack_featured_media_url":"","jetpack_sharing_enabled":true,"_links":{"self":[{"href":"https:\/\/monblogeur.tech\/index.php\/wp-json\/wp\/v2\/posts\/1574","targetHints":{"allow":["GET"]}}],"collection":[{"href":"https:\/\/monblogeur.tech\/index.php\/wp-json\/wp\/v2\/posts"}],"about":[{"href":"https:\/\/monblogeur.tech\/index.php\/wp-json\/wp\/v2\/types\/post"}],"author":[{"embeddable":true,"href":"https:\/\/monblogeur.tech\/index.php\/wp-json\/wp\/v2\/users\/1"}],"replies":[{"embeddable":true,"href":"https:\/\/monblogeur.tech\/index.php\/wp-json\/wp\/v2\/comments?post=1574"}],"version-history":[{"count":0,"href":"https:\/\/monblogeur.tech\/index.php\/wp-json\/wp\/v2\/posts\/1574\/revisions"}],"wp:attachment":[{"href":"https:\/\/monblogeur.tech\/index.php\/wp-json\/wp\/v2\/media?parent=1574"}],"wp:term":[{"taxonomy":"category","embeddable":true,"href":"https:\/\/monblogeur.tech\/index.php\/wp-json\/wp\/v2\/categories?post=1574"},{"taxonomy":"post_tag","embeddable":true,"href":"https:\/\/monblogeur.tech\/index.php\/wp-json\/wp\/v2\/tags?post=1574"}],"curies":[{"name":"wp","href":"https:\/\/api.w.org\/{rel}","templated":true}]}}