{"id":1578,"date":"2021-11-26T03:45:17","date_gmt":"2021-11-26T02:45:17","guid":{"rendered":"https:\/\/monblogeur.tech\/index.php\/2021\/11\/26\/formation-lecole-des-dirigeants-des-premieres-nations-voit-le-jour-la-presse\/"},"modified":"2021-11-26T03:45:17","modified_gmt":"2021-11-26T02:45:17","slug":"formation-lecole-des-dirigeants-des-premieres-nations-voit-le-jour-la-presse","status":"publish","type":"post","link":"https:\/\/monblogeur.tech\/index.php\/2021\/11\/26\/formation-lecole-des-dirigeants-des-premieres-nations-voit-le-jour-la-presse\/","title":{"rendered":"Formation | L&#039;\u00c9cole des dirigeants des Premi\u00e8res Nations voit le jour &#8211; La Presse"},"content":{"rendered":"<div class=\"cfbc967f0983488262956e73eca9483a\" data-index=\"1\" style=\"float: none; margin:10px 0 10px 0; text-align:center;\">\n<script async src=\"https:\/\/pagead2.googlesyndication.com\/pagead\/js\/adsbygoogle.js?client=ca-pub-3859091246952232\" crossorigin=\"anonymous\"><\/script>\r\n<!-- blok -->\r\n<ins class=\"adsbygoogle\" data-ad-client=\"ca-pub-3859091246952232\" data-ad-slot=\"1334354390\"><\/ins>\r\n<script>\r\n     (adsbygoogle = window.adsbygoogle || []).push({});\r\n<\/script>\r\n\n<\/div>\n<p>PHOTO KARENE-ISABELLE JEAN-BAPTISTE, COLLABORATION SP\u00c9CIALE<br \/>Lancement de l\u2019\u00c9cole des dirigeants des Premi\u00e8res Nations. De gauche \u00e0 droite\u00a0: Ghislain Picard, Ken Rock, Manon Jeannotte et Serge Lafrance. <br \/>Les Premi\u00e8res Nations et l\u2019\u00c9cole des dirigeants de HEC Montr\u00e9al lancent l\u2019\u00c9cole des dirigeants des Premi\u00e8res Nations (EDPN). Destin\u00e9e aux leaders des Premi\u00e8res Nations, elle accueillera sa premi\u00e8re cohorte le 9\u00a0d\u00e9cembre\u00a0prochain. Les formations se donneront tant au nouveau pavillon de HEC Montr\u00e9al, au centre-ville, que dans des communaut\u00e9s et en virtuel. <br \/>\u00ab\u00a0Il est naturel d\u2019\u00eatre impliqu\u00e9s activement dans un tel projet, car il r\u00e9pond \u00e0 notre mission de former des leaders\u00a0\u00bb, a dit Serge Lafrance, professeur associ\u00e9 et directeur de l\u2019\u00c9cole des dirigeants de HEC Montr\u00e9al, \u00ab\u00a0qui joue un r\u00f4le d\u2019incubateur\u00a0\u00bb, en conf\u00e9rence de presse jeudi. \u00ab\u00a0Plus d\u2019\u00e9ducation signifie plus de richesse \u00e9conomique. Nous nous engageons \u00e0 mettre toutes les ressources n\u00e9cessaires pour sa p\u00e9rennit\u00e9.\u00a0\u00bb <br \/>M.\u00a0Lafrance qualifie l\u2019\u00e9cole de projet historique. \u00ab\u00a0Les Premi\u00e8res Nations ont une riche histoire de gouvernance et de communaut\u00e9 fond\u00e9e sur des valeurs et des traditions qui leur sont propres, a-t-il poursuivi. Apr\u00e8s quelques si\u00e8cles, [\u00e7a a] du sens qu\u2019il y ait une \u00e9cole de dirigeants propre \u00e0 l\u2019image des Premi\u00e8res Nations. [\u2026] Le projet de l\u2019EDPN est aussi un projet d\u2019affirmation ouvert sur les autres communaut\u00e9s et la soci\u00e9t\u00e9 civile. Un projet d\u2019\u00e9gal \u00e0 \u00e9gal, nation \u00e0 nation. Un projet d\u2019impact pour les g\u00e9n\u00e9rations futures dans une logique de rel\u00e8ve.\u00a0\u00bb <br \/>L\u2019id\u00e9e d\u2019un tel lieu de formation est n\u00e9e il y a un an et vient de deux dipl\u00f4m\u00e9s du EMBA McGill-HEC Montr\u00e9al\u00a0: Manon Jeannotte, consultante en d\u00e9veloppement de strat\u00e9gies d\u2019affaires et gouvernance des Premi\u00e8res Nations, et l\u2019avocat Ken Rock. \u00ab\u00a0La philosophie de l\u2019\u00c9cole est de renforcer les comp\u00e9tences de nos leaders en combinant nos savoirs anciens aux meilleures pratiques en gestion contemporaine, un incontournable pour notre autod\u00e9termination\u00a0\u00bb, a expliqu\u00e9 Manon Jeannotte. <br \/>\u00ab\u00a0J\u2019ai l\u2019intime conviction que l\u2019\u00e9cole va apporter des impacts positifs dans la vie des Premi\u00e8res Nations, a poursuivi Ken Rock. Elle va combler un besoin important sur les plans de l\u2019\u00e9ducation et de la formation des leaders. On croit qu\u2019elle attirera des chefs de diff\u00e9rentes Premi\u00e8res Nations et que, en se c\u00f4toyant, ils vont apprendre tant des participants que des enseignants et que les communaut\u00e9s vont se retrouver au m\u00eame niveau. Aussi, c\u2019est important que les leaders de demain soient en contact avec ceux d\u2019aujourd\u2019hui. Tous ces \u00e9changes vont permettre aux Premi\u00e8res Nations de grandir.\u00a0\u00bb <br \/>Les formations de six mois, \u00e0 raison de week-ends de cours de trois jours, seront gratuites. \u00ab\u00a0Nous souhaitons une accessibilit\u00e9 [sur deux plans]\u00a0: g\u00e9ographique et financi\u00e8re, explique Serge Lafrance. On veut d\u00e9mocratiser l\u2019acc\u00e8s \u00e0 la formation.\u00a0\u00bb <br \/>D\u00e9j\u00e0 24\u00a0formateurs sont associ\u00e9s \u00e0 l\u2019EDPN, la moiti\u00e9 provenant de HEC Montr\u00e9al, et l\u2019autre, de membres des Premi\u00e8res Nations, comme Ghislain Picard, chef de l\u2019Assembl\u00e9e des Premi\u00e8res Nations du Qu\u00e9bec et du Labrador. \u00ab\u00a0C\u2019est important de se doter de moyens n\u00e9cessaires pour engager les communaut\u00e9s, les dirigeants et celles et ceux qui souhaitent l\u2019\u00eatre\u00a0\u00bb, a dit ce dernier lors de la conf\u00e9rence, qui se tenait en marge du Grand cercle \u00e9conomique des peuples autochtones et du Qu\u00e9bec. \u00ab\u00a0C\u2019est une initiative qui m\u00e9rite notre appui.\u00a0\u00bb <br \/>L\u2019EDPN vise \u00e0 attirer dans un premier temps des gens occupant des postes de direction, des grands chefs et des pr\u00e9sidents de conseil d\u2019administration. Par la suite, elle s\u2019ouvrira aux administrateurs, aux gestionnaires, aux entrepreneurs et \u00e0 la rel\u00e8ve. <br \/><a href=\"https:\/\/www.lapresse.ca\/xtra\/2021-10-02\/desjardins-balado-sur-l-entrepreneuriat\/encadrer-la-croissance-grace-aux-piliers-decisionnels.php?utm_source=lpca&#038;utm_medium=boite-xtra&#038;utm_campaign=affaires\"               data-target-type=\"story\"               data-target-id=\"1d12904c889a3c8aa88d72b58f957276\"               data-target-legacy-id=\"\"             >                 <span class=\"supTitle\">Desjardins\u00a0: Balado sur l\u2019entrepreneuriat <\/span>                 <span class=\"title\">Encadrer la croissance gr\u00e2ce aux piliers d\u00e9cisionnels<\/span>             <\/a><br \/><a href=\"https:\/\/www.lapresse.ca\/xtra\/2021-09-04\/desjardins-balado-sur-l-entrepreneuriat\/vous-lancer-en-affaires-de-l-idee-au-marche.php?utm_source=lpca&#038;utm_medium=boite-xtra&#038;utm_campaign=affaires\"               data-target-type=\"story\"               data-target-id=\"b8b59e53fd833c5fad286f2ab53a9da8\"               data-target-legacy-id=\"\"             >                 <span class=\"supTitle\">Desjardins : Balado sur l\u2019entrepreneuriat<\/span>                 <span class=\"title\">Vous lancer en affaires, de l\u2019id\u00e9e au march\u00e9<\/span>             <\/a><br \/><a href=\"https:\/\/www.lapresse.ca\/xtra\/2021-08-07\/desjardins-balado-sur-l-entrepreneuriat\/pour-plus-de-femmes-en-entrepreneuriat-et-en-gouvernance.php?utm_source=lpca&#038;utm_medium=boite-xtra&#038;utm_campaign=affaires\"               data-target-type=\"story\"               data-target-id=\"74ded1890968388f83ab3ca54dd3d542\"               data-target-legacy-id=\"\"             >                 <span class=\"supTitle\">Desjardins : Balado sur l\u2019entrepreneuriat<\/span>                 <span class=\"title\">Pour plus de femmes en entrepreneuriat \u2014 et en gouvernance<\/span>             <\/a><br \/>                 (Ottawa) Le gouvernement f\u00e9d\u00e9ral a pr\u00e9venu Boeing que sa soumission pour remplacer les CF-18 vieillissants par une nouvelle flotte d\u2019avions de chasse Super Hornet ne r\u00e9pondait pas \u00e0 ses exigences.              <br \/>                 La pand\u00e9mie et l\u2019inflation ont au moins un point en commun\u00a0: elles touchent tout le monde, mais pas de mani\u00e8re \u00e9gale.              <br \/>                 (Ottawa) Le Canada est pr\u00eat \u00e0 riposter contre la r\u00e9cente augmentation des droits de douane am\u00e9ricains sur le bois d\u2019\u0153uvre produit au Canada, a d\u00e9clar\u00e9 jeudi la vice-premi\u00e8re ministre Chrystia Freeland.              <br \/>                 (Gatineau) BCE a exhort\u00e9 jeudi le CRTC \u00e0 rejeter la proposition de rachat de Shaw Communications par Rogers Communications pour 26\u00a0milliards, tandis que les op\u00e9rateurs ind\u00e9pendants ont demand\u00e9 plus de garanties au groupe de r\u00e9glementation.              <br \/>                 (Toronto) La Bourse de Toronto a cl\u00f4tur\u00e9 en hausse, jeudi, gr\u00e2ce aux gains du secteur des technologies de l\u2019information, m\u00eame si le niveau d\u2019activit\u00e9 \u00e9tait plus faible en raison du cong\u00e9 de la Thanksgiving au sud de la fronti\u00e8re.              <br \/>                 (Qu\u00e9bec) C\u2019est No\u00ebl avant l\u2019heure \u00e0 Qu\u00e9bec. Comme les coffres se regarnissent beaucoup plus vite que pr\u00e9vu, le gouvernement Legault ajoute 5\u00a0milliards de dollars en nouvelles d\u00e9penses cette ann\u00e9e, dont un ch\u00e8que de 200\u00a0$ \u00e0 275\u00a0$ aux 3,3\u00a0millions de Qu\u00e9b\u00e9cois \u00e0 faible et \u00e0 moyen revenu pour faire face \u00e0 la hausse du co\u00fbt de la vie. Le d\u00e9ficit anticip\u00e9 fond presque de moiti\u00e9, r\u00e9v\u00e8le le minibudget d\u00e9pos\u00e9 jeudi.             <br \/>                 (Qu\u00e9bec) G\u00e9n\u00e9reux programme de bourses pour \u00e9tudiants, prime aux retrait\u00e9s, programmes de r\u00e9tention\u00a0: Qu\u00e9bec met la gomme pour r\u00e9sorber la p\u00e9nurie de main-d\u2019\u0153uvre en sant\u00e9, en \u00e9ducation, dans les services \u00e0 l\u2019enfance et dans trois \u00ab\u00a0secteurs strat\u00e9giques\u00a0\u00bb, le g\u00e9nie, les technologies de l\u2019information et la construction.              <br \/>                 Num\u00e9risation, automatisation et innovation\u00a0; le gouvernement Legault injecte 350\u00a0millions de plus dans sa mise \u00e0 jour automnale afin de stimuler la \u00ab\u00a0croissance et la productivit\u00e9 des entreprises\u00a0\u00bb. Dans le milieu des affaires, on voit mal comment ces sommes pourront att\u00e9nuer les maux de t\u00eate provoqu\u00e9s par le manque de main-d\u2019\u0153uvre.              <br \/>                 Une soci\u00e9t\u00e9 foresti\u00e8re de l\u2019Ouest acquiert un important scieur de l\u2019est du pays. Interfor, de Burnaby, en Colombie-Britannique, ach\u00e8te Eacom Timber, de Montr\u00e9al, pour la somme de 490\u00a0millions.              <br \/>                 (Ottawa) L\u2019Institut C. D. Howe croit que la Banque du Canada devrait \u00e9mettre une monnaie num\u00e9rique pouvant \u00eatre convertie en esp\u00e8ces.              <br \/>                 La d\u00e9cision \u00e9tait attendue mais elle fait quand m\u00eame mal. Les droits compensatoires per\u00e7us par les \u00c9tats-Unis sur le bois d\u2019\u0153uvre canadien vont doubler dans les prochains jours, passant d\u2019une moyenne de 8,99\u00a0% \u00e0 17,9\u00a0%.             <br \/>                 (Bruxelles) Les 27 pays membres de l\u2019UE ont adopt\u00e9 jeudi une position commune approuvant dans ses grandes lignes le projet de l\u00e9gislation europ\u00e9enne pour r\u00e9guler internet et mettre fin aux abus de pouvoir des g\u00e9ants du num\u00e9rique.              <br \/>                 (Montr\u00e9al) Hydro-Qu\u00e9bec annonce jeudi le trac\u00e9 retenu pour la ligne d\u2019interconnexion Hertel-New\u00a0York dont la construction d\u00e9butera au printemps 2023 sur le territoire qu\u00e9b\u00e9cois.              <br \/>                 (Francfort) Si la Banque centrale europ\u00e9enne s\u2019attend \u00e0 voir le pic d\u2019inflation en zone euro retomber courant 2022, l\u2019\u00e9volution de la hausse des prix sur le moyen terme reste entour\u00e9e d\u2019une \u00ab\u00a0forte incertitude\u00a0\u00bb, selon le compte-rendu de sa derni\u00e8re r\u00e9union publi\u00e9 jeudi.              <br \/>                 (New York) Encourag\u00e9s par la robustesse du march\u00e9 de l\u2019emploi, par des augmentations salariales int\u00e9ressantes et par des comptes bancaires bien remplis, les consommateurs sont de retour dans les magasins et ils ont envie de d\u00e9penser.              <br \/>                 (Londres) Les prix du p\u00e9trole faisaient du surplace jeudi dans une s\u00e9ance raccourcie pour Thanksgiving, les investisseurs attendant pour se positionner la r\u00e9action des producteurs \u00e0 l\u2019ouverture de certaines r\u00e9serves strat\u00e9giques chez les consommateurs.              <br \/>Nos applications<br \/>Contact<br \/>Services<br \/>Archives<br \/>Suivez-nous<br \/>L\u00e9gal<br \/>\u00a9 La Presse Inc. Tous droits r\u00e9serv\u00e9s.<br \/>             <a href=\"https:\/\/www.lapresse.ca\/conditions.php\">Conditions d&rsquo;utilisation<\/a><span class=\"legal\">|<\/span>             <a href=\"https:\/\/www.lapresse.ca\/politique.php\">Politique de confidentialit\u00e9<\/a><span class=\"legal\">|<\/span>             <a href=\"https:\/\/publicite-electorale.lapresse.ca\/\" target=\"_blank\" rel=\"noopener\">Registre de publicit\u00e9 \u00e9lectorale<\/a><span class=\"legal\">|<\/span>             <a href=\"https:\/\/www.lapresse.ca\/codedeconduite.pdf\" target=\"_blank\" rel=\"noopener\">Code de conduite<\/a>         <\/p>\n<p><a href=\"https:\/\/www.lapresse.ca\/affaires\/2021-11-25\/formation\/l-ecole-des-dirigeants-des-premieres-nations-voit-le-jour.php\">source<\/a><\/p>\n<!--CusAds0-->\n<div style=\"font-size: 0px; height: 0px; line-height: 0px; margin: 0; padding: 0; clear: both;\"><\/div>","protected":false},"excerpt":{"rendered":"<p>PHOTO KARENE-ISABELLE JEAN-BAPTISTE, COLLABORATION SP\u00c9CIALELancement de l\u2019\u00c9cole des dirigeants des Premi\u00e8res Nations. De gauche \u00e0 droite\u00a0: Ghislain Picard, Ken Rock, Manon Jeannotte et Serge Lafrance. Les Premi\u00e8res Nations et l\u2019\u00c9cole des dirigeants de HEC Montr\u00e9al lancent l\u2019\u00c9cole des dirigeants des Premi\u00e8res Nations (EDPN). Destin\u00e9e aux leaders des Premi\u00e8res Nations, elle accueillera sa premi\u00e8re cohorte le [&hellip;]<\/p>\n","protected":false},"author":1,"featured_media":0,"comment_status":"open","ping_status":"open","sticky":false,"template":"","format":"standard","meta":{"googlesitekit_rrm_CAow1sXXCw:productID":"","_jetpack_memberships_contains_paid_content":false,"footnotes":"","jetpack_publicize_message":"","jetpack_publicize_feature_enabled":true,"jetpack_social_post_already_shared":false,"jetpack_social_options":{"image_generator_settings":{"template":"highway","default_image_id":0,"font":"","enabled":false},"version":2}},"categories":[1],"tags":[],"class_list":["post-1578","post","type-post","status-publish","format-standard","hentry","category-non-classe"],"jetpack_publicize_connections":[],"jetpack_featured_media_url":"","jetpack_sharing_enabled":true,"_links":{"self":[{"href":"https:\/\/monblogeur.tech\/index.php\/wp-json\/wp\/v2\/posts\/1578","targetHints":{"allow":["GET"]}}],"collection":[{"href":"https:\/\/monblogeur.tech\/index.php\/wp-json\/wp\/v2\/posts"}],"about":[{"href":"https:\/\/monblogeur.tech\/index.php\/wp-json\/wp\/v2\/types\/post"}],"author":[{"embeddable":true,"href":"https:\/\/monblogeur.tech\/index.php\/wp-json\/wp\/v2\/users\/1"}],"replies":[{"embeddable":true,"href":"https:\/\/monblogeur.tech\/index.php\/wp-json\/wp\/v2\/comments?post=1578"}],"version-history":[{"count":0,"href":"https:\/\/monblogeur.tech\/index.php\/wp-json\/wp\/v2\/posts\/1578\/revisions"}],"wp:attachment":[{"href":"https:\/\/monblogeur.tech\/index.php\/wp-json\/wp\/v2\/media?parent=1578"}],"wp:term":[{"taxonomy":"category","embeddable":true,"href":"https:\/\/monblogeur.tech\/index.php\/wp-json\/wp\/v2\/categories?post=1578"},{"taxonomy":"post_tag","embeddable":true,"href":"https:\/\/monblogeur.tech\/index.php\/wp-json\/wp\/v2\/tags?post=1578"}],"curies":[{"name":"wp","href":"https:\/\/api.w.org\/{rel}","templated":true}]}}