{"id":1582,"date":"2021-11-26T04:25:03","date_gmt":"2021-11-26T03:25:03","guid":{"rendered":"https:\/\/monblogeur.tech\/index.php\/2021\/11\/26\/la-nation-crie-a-un-tournant-crucial-de-son-developpement-economique-ici-radio-canada-ca\/"},"modified":"2021-11-26T04:25:03","modified_gmt":"2021-11-26T03:25:03","slug":"la-nation-crie-a-un-tournant-crucial-de-son-developpement-economique-ici-radio-canada-ca","status":"publish","type":"post","link":"https:\/\/monblogeur.tech\/index.php\/2021\/11\/26\/la-nation-crie-a-un-tournant-crucial-de-son-developpement-economique-ici-radio-canada-ca\/","title":{"rendered":"La Nation crie, \u00e0 un tournant crucial de son d\u00e9veloppement \u00e9conomique &#8211; ICI.Radio-Canada.ca"},"content":{"rendered":"<div class=\"cfbc967f0983488262956e73eca9483a\" data-index=\"1\" style=\"float: none; margin:10px 0 10px 0; text-align:center;\">\n<script async src=\"https:\/\/pagead2.googlesyndication.com\/pagead\/js\/adsbygoogle.js?client=ca-pub-3859091246952232\" crossorigin=\"anonymous\"><\/script>\r\n<!-- blok -->\r\n<ins class=\"adsbygoogle\" data-ad-client=\"ca-pub-3859091246952232\" data-ad-slot=\"1334354390\"><\/ins>\r\n<script>\r\n     (adsbygoogle = window.adsbygoogle || []).push({});\r\n<\/script>\r\n\n<\/div>\n<p><span class=\"alert-summary\">Nous utilisons les t\u00e9moins de navigation (cookies) afin d&#x27;op\u00e9rer et d\u2019am\u00e9liorer nos services ainsi qu&#x27;\u00e0 des fins publicitaires. Le respect de votre vie priv\u00e9e est important pour nous. Si vous n&#x27;\u00eates pas \u00e0 l&#x27;aise avec l&#x27;utilisation de ces informations, veuillez revoir vos param\u00e8tres avant de poursuivre votre visite.<\/span><a class=\"standalone-link\" href=\"\/vos-donnees\/gestion-temoins-navigation\">G\u00e9rer vos t\u00e9moins de navigation<\/a><a class=\"standalone-link\" href=\"\/vos-donnees\/notre-promesse\">En savoir plus<\/a><br \/>Vous naviguez sur le nouveau site<br \/>Pour continuer de prosp\u00e9rer, les Cris doivent diversifier leur \u00e9conomie, appuyer le d\u00e9veloppement de l&#x27;entreprise priv\u00e9e et offrir de la formation \u00e0 la main-d&#x27;\u0153uvre.<br \/>Kryptelle Moses est une \u00e9tudiante crie en apprentissage au centre de formation de Waswanipi. M\u00eame si tr\u00e8s peu de femmes font ce m\u00e9tier, elle veut conduire des bulldozers sur les chantiers.<br \/>Photo&nbsp;:&nbsp;Radio-Canada \/ Marie-Laure Josselin<br \/>Dans une salle du conseil de bande de Waswanipi, Ir\u00e8ne Neeposh \u00e9coute attentivement un membre de sa communaut\u00e9. Pour le conseil de bande, elle r\u00e9alise une \u00e9tude de march\u00e9 sur les maisons alternatives, adapt\u00e9es aux gens qui ont des besoins uniques. Une fois l&#x27;entretien fini, Ir\u00e8ne file chez elle et se glisse derri\u00e8re son ordinateur. <br \/><a class=\"styled__StyledInternalLink-sc-13vcun-0 ebdbqL e-internal-link\" href=\"http:\/\/ici.radio-canada.ca\/espaces-autochtones\/1842351\/gratin-autochtone-reuni-pour-parler-economie\" target=\"_self\" title=\"http:\/\/ici.radio-canada.ca\/espaces-autochtones\/1842351\/gratin-autochtone-reuni-pour-parler-economie\" rel=\"noopener\">En lien avec le Grand cercle \u00e9conomique des Peuples autochtones et du Qu\u00e9bec<\/a>\u00a0qui se d\u00e9roule \u00e0 Montr\u00e9al jeudi et vendredi, Espaces autochtones vous pr\u00e9sente tout au long de la semaine une s\u00e9rie d&#x27;articles traitant des enjeux \u00e9conomiques qui repr\u00e9sentent des d\u00e9fis autant pour les Premi\u00e8res Nations que pour la soci\u00e9t\u00e9 qu\u00e9b\u00e9coise. Des comptes rendus seront \u00e9galement publi\u00e9s quotidiennement. <br \/>La femme de Waswanipi a un emploi du temps tr\u00e8s charg\u00e9. Et pour cause\u00a0: elle est propri\u00e9taire de quatre entreprises qu\u2019elle ch\u00e9rit. <br \/>Sky Development services fournit des conseils en d\u00e9veloppement personnel et professionnel pour <q data-attributes=\"{&quot;lang&quot;:{&quot;value&quot;:&quot;fr&quot;,&quot;label&quot;:&quot;Fran\u00e7ais&quot;},&quot;value&quot;:{&quot;html&quot;:&quot;aider \u00e0 cr\u00e9er une nation autod\u00e9pendante&quot;,&quot;text&quot;:&quot;aider \u00e0 cr\u00e9er une nation autod\u00e9pendante&quot;}}\"><span lang=\"fr\" title=\"Fran\u00e7ais\">aider \u00e0 cr\u00e9er une nation autod\u00e9pendante<\/span><\/q>. Maamuu consultants est une entreprise capable de r\u00e9aliser des \u00e9tudes dans diff\u00e9rents domaines. <br \/>Mewould fait dans le commerce de d\u00e9tail en fournissant des sacs con\u00e7us par des a\u00een\u00e9s et produits par des femmes cries. Et Ungava Gourmet, qui propose des pots de gel\u00e9e de th\u00e9 du Labrador, de c\u00e8dre sauvage ou de canneberges sauvages.<br \/>La dynamique femme d&#x27;affaires a d\u00e9cid\u00e9 d\u2019acheter Ungava Gourmet <q data-attributes=\"{&quot;lang&quot;:{&quot;value&quot;:&quot;fr&quot;,&quot;label&quot;:&quot;Fran\u00e7ais&quot;},&quot;value&quot;:{&quot;html&quot;:&quot;pour d\u00e9montrer qu\u2019on peut diversifier l\u2019\u00e9conomie et qu\u2019on n\u2019est pas oblig\u00e9 d\u2019embarquer dans tous les projets de foresterie et de mine pour cr\u00e9er de l\u2019\u00e9conomie. Il y a d\u2019autres choses qu\u2019on peut faire sans d\u00e9truire l&#x27;environnement&quot;,&quot;text&quot;:&quot;pour d\u00e9montrer qu\u2019on peut diversifier l\u2019\u00e9conomie et qu\u2019on n\u2019est pas oblig\u00e9 d\u2019embarquer dans tous les projets de foresterie et de mine pour cr\u00e9er de l\u2019\u00e9conomie. Il y a d\u2019autres choses qu\u2019on peut faire sans d\u00e9truire l&#x27;environnement&quot;}}\"><span lang=\"fr\" title=\"Fran\u00e7ais\">pour d\u00e9montrer qu\u2019on peut diversifier l\u2019\u00e9conomie et qu\u2019on n\u2019est pas oblig\u00e9 d\u2019embarquer dans tous les projets de foresterie et de mine pour cr\u00e9er de l\u2019\u00e9conomie. Il y a d\u2019autres choses qu\u2019on peut faire sans d\u00e9truire l&#x27;environnement<\/span><\/q>.<br \/>Le ton est donn\u00e9. <br \/>Si l\u2019exploitation des ressources naturelles constitue toujours l\u2019assise \u00e9conomique de la r\u00e9gion Eeyou Istchee, la Nation crie est rendue \u00e0 un tournant d\u00e9cisif de son d\u00e9veloppement \u00e9conomique. Elle doit se diversifier et favoriser davantage le d\u00e9veloppement de l&#x27;entreprise priv\u00e9e.<br \/>Pour l\u2019instant, le gros de l\u2019emploi se trouve toujours dans le secteur public.<br \/>Au centre communautaire de sant\u00e9 Miyupimaatisiiun, la d\u00e9coration de No\u00ebl s&#x27;installe peu \u00e0 peu. Des employ\u00e9s, surtout des femmes, vont et viennent. Quelques patients se pr\u00e9sentent.<br \/>Fond\u00e9 en 1978, le Conseil cri de la sant\u00e9 et des services sociaux de la Baie James (CCSSSBJ) administre notamment un centre comme celui-ci dans chaque communaut\u00e9 .<br \/>Des services en m\u00e9decine g\u00e9n\u00e9rale, en soins \u00e0 domicile, soins dentaires, etc. y sont donn\u00e9s. On y trouve surtout le plus haut taux d\u2019emplois pour les Cris. <br \/>En 2016, pr\u00e8s de 23\u00a0% des travailleurs cris \u00e9taient employ\u00e9s dans le secteur de la sant\u00e9 et des services sociaux.<br \/>Le secteur de la sant\u00e9 emploie \u00e9norm\u00e9ment de personnes de la Nation crie, comme ce centre \u00e0 Waswanipi.<br \/>Photo&nbsp;:&nbsp;Radio-Canada \/ Marie-Laure Josselin<br \/>De mani\u00e8re g\u00e9n\u00e9rale, 80\u00a0% des emplois dans la Nation crie se trouvent dans le secteur public (notamment le CCSSSBJ, la Commission scolaire crie ou l\u2019administration publique, comme le gouvernement de la Nation crie).<br \/><q data-attributes=\"{&quot;lang&quot;:{&quot;value&quot;:&quot;fr&quot;,&quot;label&quot;:&quot;Fran\u00e7ais&quot;},&quot;value&quot;:{&quot;html&quot;:&quot;Le ratio normal serait presque invers\u00e9 dans les collectivit\u00e9s du Sud. Ce ratio est bon pour la r\u00e9gion, en temps de COVID parce que l\u2019emploi n\u2019a pas \u00e9t\u00e9 affect\u00e9, mais en g\u00e9n\u00e9ral, \u00e7a cr\u00e9e des difficult\u00e9s dans la mesure o\u00f9 le secteur public est dominant. Et le secteur priv\u00e9 doit rivaliser [avec lui]. Or il n&#x27;a pas les m\u00eames ressources pour le faire&quot;,&quot;text&quot;:&quot;Le ratio normal serait presque invers\u00e9 dans les collectivit\u00e9s du Sud. Ce ratio est bon pour la r\u00e9gion, en temps de COVID parce que l\u2019emploi n\u2019a pas \u00e9t\u00e9 affect\u00e9, mais en g\u00e9n\u00e9ral, \u00e7a cr\u00e9e des difficult\u00e9s dans la mesure o\u00f9 le secteur public est dominant. Et le secteur priv\u00e9 doit rivaliser [avec lui]. Or il n&#x27;a pas les m\u00eames ressources pour le faire&quot;}}\"><span lang=\"fr\" title=\"Fran\u00e7ais\">Le ratio normal serait presque invers\u00e9 dans les collectivit\u00e9s du Sud. Ce ratio est bon pour la r\u00e9gion, en temps de COVID, parce que l\u2019emploi n\u2019a pas \u00e9t\u00e9 affect\u00e9, mais en g\u00e9n\u00e9ral, \u00e7a cr\u00e9e des difficult\u00e9s dans la mesure o\u00f9 le secteur public est dominant. Et le secteur priv\u00e9 doit rivaliser [avec lui]. Or, il n&#x27;a pas les m\u00eames ressources pour le faire<\/span><\/q>, explique Stephen Forward, consultant pour le D\u00e9partement commerce et industrie du gouvernement de la Nation crie.<br \/>La population crie ne cesse de cro\u00eetre, on peut s&#x27;attendre \u00e0 ce qu&#x27;elle passe de 20\u00a0000\u00a0\u00e0 pr\u00e8s de 27\u00a0000\u00a0membres dans cinq\u00a0ans. Or, les possibilit\u00e9s d&#x27;emplois vont commencer \u00e0 stagner dans le secteur public, <q data-attributes=\"{&quot;lang&quot;:{&quot;value&quot;:&quot;fr&quot;,&quot;label&quot;:&quot;Fran\u00e7ais&quot;},&quot;value&quot;:{&quot;html&quot;:&quot;il est donc essentiel que l\u2019accent soit mis sur le secteur priv\u00e9. C\u2019est un point pivot!&quot;,&quot;text&quot;:&quot;il est donc essentiel que l\u2019accent soit mis sur le secteur priv\u00e9. C\u2019est un point pivot!&quot;}}\"><span lang=\"fr\" title=\"Fran\u00e7ais\">il est donc essentiel que l\u2019accent soit mis sur le secteur priv\u00e9. C\u2019est un point pivot!<\/span><\/q>, s\u2019exclame Stephen Forward.<br \/>Dans l\u2019Eeyou Istchee, le secteur priv\u00e9 emploie peu de main-d&#x27;\u0153uvre. M\u00eame si ce secteur est <q data-attributes=\"{&quot;lang&quot;:{&quot;value&quot;:&quot;fr&quot;,&quot;label&quot;:&quot;Fran\u00e7ais&quot;},&quot;value&quot;:{&quot;html&quot;:&quot;en bonne sant\u00e9&quot;,&quot;text&quot;:&quot;en bonne sant\u00e9&quot;}}\"><span lang=\"fr\" title=\"Fran\u00e7ais\">en bonne sant\u00e9<\/span><\/q>, pr\u00e9cise Stephen Forward, il ne repr\u00e9sente que 17,4\u00a0% des emplois.<br \/>Le logement par exemple repr\u00e9sente un secteur o\u00f9 les possibilit\u00e9s de croissance sont tr\u00e8s bonnes. Les entreprises priv\u00e9es pourraient amplement profiter de ce secteur en d\u00e9veloppement pour prendre, n\u00e9cessit\u00e9 oblige, plus de place. <br \/><q data-attributes=\"{&quot;lang&quot;:{&quot;value&quot;:&quot;fr&quot;,&quot;label&quot;:&quot;Fran\u00e7ais&quot;},&quot;value&quot;:{&quot;html&quot;:&quot;Le logement est un probl\u00e8me majeur qui a de nombreuses cons\u00e9quences. Toutes les communaut\u00e9s cries souffrent d\u2019une p\u00e9nurie de logements. Avec la croissance du secteur du logement, on s\u2019attend \u00e0 de fortes opportunit\u00e9s pour les entreprises, pas seulement dans la construction, mais l\u2019apr\u00e8s-construction : r\u00e9novation, embellissement, am\u00e9nagement de cuisine \u2026 &quot;,&quot;text&quot;:&quot;Le logement est un probl\u00e8me majeur qui a de nombreuses cons\u00e9quences. Toutes les communaut\u00e9s cries souffrent d\u2019une p\u00e9nurie de logements. Avec la croissance du secteur du logement, on s\u2019attend \u00e0 de fortes opportunit\u00e9s pour les entreprises, pas seulement dans la construction, mais l\u2019apr\u00e8s-construction : r\u00e9novation, embellissement, am\u00e9nagement de cuisine \u2026 &quot;}}\"><span lang=\"fr\" title=\"Fran\u00e7ais\">Le logement est un probl\u00e8me majeur qui a de nombreuses cons\u00e9quences. Toutes les communaut\u00e9s cries souffrent d\u2019une p\u00e9nurie de logements. Avec la croissance du secteur du logement, on s\u2019attend \u00e0 de fortes opportunit\u00e9s pour les entreprises, pas seulement dans la construction, mais l\u2019apr\u00e8s-construction\u00a0: r\u00e9novation, embellissement, am\u00e9nagement de cuisine<\/span><\/q>, assure Stephen Forward.<br \/>Il souhaite aussi davantage de courtiers en assurances, de conseillers financiers, mais aussi d\u2019entrepreneurs <q data-attributes=\"{&quot;lang&quot;:{&quot;value&quot;:&quot;fr&quot;,&quot;label&quot;:&quot;Fran\u00e7ais&quot;},&quot;value&quot;:{&quot;html&quot;:&quot;forts, avec plus d\u2019exp\u00e9rience&quot;,&quot;text&quot;:&quot;forts, avec plus d\u2019exp\u00e9rience&quot;}}\"><span lang=\"fr\" title=\"Fran\u00e7ais\">forts, avec plus d\u2019exp\u00e9rience<\/span><\/q>.<br \/><strong>Promouvoir les emplois dans la communaut\u00e9<\/strong><br \/>Travailleuse autonome, comme 2,5\u00a0% des Cris, Ir\u00e8ne Neeposh a d\u00e9cid\u00e9 de se diversifier et de cr\u00e9er des emplois. Ainsi, devant les contrats de consultations qui s\u2019amoncelaient et l\u2019obligation d\u2019en refuser, elle a d\u00e9cid\u00e9 de s\u2019associer \u00e0 d\u2019autres consultants autochtones. <br \/>Avec ses sacs, elle offre de l\u2019emploi \u00e0 des femmes qui sont dans des situations pr\u00e9caires en plus de fournir un coup de pouce financier \u00e0 des a\u00een\u00e9s.<br \/>M\u00eame si le chemin est parsem\u00e9 d\u2019emb\u00fbches, relate-t-elle, elle souhaite que d\u2019autres suivent sa voie, car, selon elle, sa nation est encore trop d\u00e9pendante des subventions.<br \/>Ir\u00e8ne Neeposh a pu, gr\u00e2ce \u00e0 l&rsquo;aide de la Nation crie, \u00e9tudier et d\u00e9velopper ses entreprises. <br \/>Photo&nbsp;:&nbsp;Radio-Canada \/ Marie-Laure Josselin<br \/><q data-attributes=\"{&quot;lang&quot;:{&quot;value&quot;:&quot;fr&quot;,&quot;label&quot;:&quot;Fran\u00e7ais&quot;},&quot;value&quot;:{&quot;html&quot;:&quot;On a besoin de faire le travail pour nous et de participer \u00e0 diff\u00e9rentes industries,&quot;,&quot;text&quot;:&quot;On a besoin de faire le travail pour nous et de participer \u00e0 diff\u00e9rentes industries,&quot;}}\"><span lang=\"fr\" title=\"Fran\u00e7ais\">On a besoin de faire le travail pour nous et de participer \u00e0 diff\u00e9rentes industries<\/span><\/q>, dit Ir\u00e8ne, car tous les Cris n&#x27;ont pas acc\u00e8s aux m\u00eames chances, m\u00eame avec toutes les ententes sign\u00e9es par la Nation, rappelle-t-elle.<br \/>D\u2019ailleurs, elle estime que la Nation crie n\u2019a pas encore totalement les mains sur le volant de son d\u00e9veloppement. <br \/><q data-attributes=\"{&quot;lang&quot;:{&quot;value&quot;:&quot;fr&quot;,&quot;label&quot;:&quot;Fran\u00e7ais&quot;},&quot;value&quot;:{&quot;html&quot;:&quot;On est en discussion, en n\u00e9gociation avec le chauffeur pr\u00e9sentement, mais on est pr\u00eat \u00e0 prendre le volant&quot;,&quot;text&quot;:&quot;On est en discussion, en n\u00e9gociation avec le chauffeur pr\u00e9sentement, mais on est pr\u00eat \u00e0 prendre le volant&quot;}}\"><span lang=\"fr\" title=\"Fran\u00e7ais\">On est en discussion, en n\u00e9gociation avec le chauffeur pr\u00e9sentement, mais on est pr\u00eat \u00e0 prendre le volant.<\/span><\/q> <br \/>Le chauffeur, pour elle, est toujours le gouvernement qu\u00e9b\u00e9cois, et <q data-attributes=\"{&quot;lang&quot;:{&quot;value&quot;:&quot;fr&quot;,&quot;label&quot;:&quot;Fran\u00e7ais&quot;},&quot;value&quot;:{&quot;html&quot;:&quot;il aime \u00e7a, chauffer cet autobus!&quot;,&quot;text&quot;:&quot;il aime \u00e7a, chauffer cet autobus!&quot;}}\"><span lang=\"fr\" title=\"Fran\u00e7ais\">il aime \u00e7a, chauffer cet autobus!<\/span><\/q>, s&#x27;exclame Ir\u00e8ne.<br \/>Alors, histoire de promouvoir encore plus le secteur priv\u00e9, elle essaie de mettre en place la premi\u00e8re chambre de commerce de sa communaut\u00e9, tout en si\u00e9geant aussi dans plusieurs comit\u00e9s r\u00e9gionaux.<br \/>M\u00eame si l\u2019\u00e9conomie chez les Cris est bien d\u00e9velopp\u00e9e comparativement \u00e0 d\u2019autres Premi\u00e8res Nations, le taux de ch\u00f4mage varie de 9\u00a0\u00e0 20\u00a0%, selon les communaut\u00e9s cries. Il reste n\u00e9anmoins en de\u00e7\u00e0 du taux dans les autres communaut\u00e9s autochtones du Canada (35\u00a0%).<br \/>La Nation crie ne l\u00e9sine pas sur les moyens de former ses membres. Les \u00e9tudiants peuvent aller \u00e9tudier dans les c\u00e9geps et les universit\u00e9s en dehors de leur r\u00e9gion aux frais de la Nation. Ils peuvent aussi rester dans Eeyou Istchee gr\u00e2ce \u00e0 des centres de formation comme celui de Waswanipi.<br \/>Ouvert par la Commission scolaire crie en 2005 pour favoriser l\u2019acc\u00e8s aux m\u00e9tiers professionnels au sein de la communaut\u00e9, le centre de formation professionnelle r\u00e9gional Sabtuan accueille chaque ann\u00e9e une cinquantaine d\u2019\u00e9tudiants, dont l\u2019\u00e2ge varie de 18\u00a0\u00e0 51\u00a0ans.<br \/>Les \u00e9tudiants du centre r\u00e9gional de formation de Waswanipi sont contents de pouvoir rester dans une communaut\u00e9 crie pour apprendre un m\u00e9tier. <br \/>Photo&nbsp;:&nbsp;Radio-Canada \/ Marie-Laure Josselin<br \/>Arpentage et topographie, cuisine professionnelle, m\u00e9canique d\u2019engins de chantier, soudure, op\u00e9ration de machinerie lourde dans le Nord, r\u00e9frig\u00e9ration, photographie, gestion d\u2019entreprise de construction, leadership r\u00e9cr\u00e9atif et cours de remise \u00e0 niveau sont propos\u00e9s selon les sessions et les besoins.<br \/>Dans l\u2019atelier de soudure,  les \u00e9quipements mis \u00e0 la disposition des \u00e9tudiants sont impressionnants, tout comme le b\u00e2timent qui les abrite. M\u00eame chose pour la r\u00e9sidence des \u00e9tudiants o\u00f9 des familles peuvent vivre, parler leur langue. <br \/>Tous disent aimer cette proximit\u00e9 entre Cris ayant <q data-attributes=\"{&quot;lang&quot;:{&quot;value&quot;:&quot;fr&quot;,&quot;label&quot;:&quot;Fran\u00e7ais&quot;},&quot;value&quot;:{&quot;html&quot;:&quot;les m\u00eames int\u00e9r\u00eats&quot;,&quot;text&quot;:&quot;les m\u00eames int\u00e9r\u00eats&quot;}}\"><span lang=\"fr\" title=\"Fran\u00e7ais\">les m\u00eames int\u00e9r\u00eats<\/span><\/q> et, souvent, les m\u00eames histoires de vie. <br \/><q data-attributes=\"{&quot;lang&quot;:{&quot;value&quot;:&quot;fr&quot;,&quot;label&quot;:&quot;Fran\u00e7ais&quot;},&quot;value&quot;:{&quot;html&quot;:&quot;On peut \u00e9changer sur la chasse, des choses comme \u00e7a. On se comprend mieux!&quot;,&quot;text&quot;:&quot;On peut \u00e9changer sur la chasse, des choses comme \u00e7a. On se comprend mieux!&quot;}}\"><span lang=\"fr\" title=\"Fran\u00e7ais\">On peut \u00e9changer sur la chasse, des choses comme \u00e7a. On se comprend mieux!<\/span><\/q>, exprime Brenton Mianscum, d\u2019Ouj\u00e9-Bougoumou.<br \/>Le r\u00eave de la majorit\u00e9 de ces \u00e9tudiants, comme Shirley Coon-Come, est de cr\u00e9er leur entreprise. <br \/>Sous les yeux de son professeur, Shirley Coon-Come enl\u00e8ve des branches pour que l&rsquo;eau puisse s&rsquo;\u00e9couler.<br \/>Photo&nbsp;:&nbsp;Radio-Canada \/ Marie-Laure Josselin<br \/>Sur le chemin qui m\u00e8ne \u00e0 la clairi\u00e8re du centre de formation, la jeune femme de Mistassini manie sa pelle m\u00e9canique avec dext\u00e9rit\u00e9. Aujourd\u2019hui, elle doit enlever des barrages faits par un castor. Attentive, Shirley avance sa pelle et soul\u00e8ve les branches. Et c&#x27;est sur son territoire qu&#x27;elle compte bien mettre \u00e0 profit sa formation, tout comme sa camarade de classe Kryptelle Moses.<br \/><q data-attributes=\"{&quot;lang&quot;:{&quot;value&quot;:&quot;fr&quot;,&quot;label&quot;:&quot;Fran\u00e7ais&quot;},&quot;value&quot;:{&quot;html&quot;:&quot;C\u2019est important de plus se d\u00e9velopper et ne pas d\u00e9pendre de l\u2019argent du gouvernement. Si on peut garder l\u2019argent ici, c\u2019est mieux&quot;,&quot;text&quot;:&quot;C\u2019est important de plus se d\u00e9velopper et ne pas d\u00e9pendre de l\u2019argent du gouvernement. Si on peut garder l\u2019argent ici, c\u2019est mieux&quot;}}\"><span lang=\"fr\" title=\"Fran\u00e7ais\">C\u2019est important de plus se d\u00e9velopper et ne pas d\u00e9pendre de l\u2019argent du gouvernement. Si on peut garder l\u2019argent ici, c\u2019est mieux<\/span><\/q>, pr\u00e9cise la responsable de la r\u00e9sidence \u00e9tudiante du centre, Bianca Albert. <br \/>Car souvent, pr\u00e9cise-t-elle, <q data-attributes=\"{&quot;lang&quot;:{&quot;value&quot;:&quot;fr&quot;,&quot;label&quot;:&quot;Fran\u00e7ais&quot;},&quot;value&quot;:{&quot;html&quot;:&quot;quand il y a des soumissions pour des contrats, ce sont beaucoup des non-autochtones qui les ont et j\u2019aimerais qu\u2019il y ait plus d\u2019Autochtones. Il y a de la place pour tout le monde&quot;,&quot;text&quot;:&quot;quand il y a des soumissions pour des contrats, ce sont beaucoup des non-autochtones qui les ont et j\u2019aimerais qu\u2019il y ait plus d\u2019Autochtones. Il y a de la place pour tout le monde&quot;}}\"><span lang=\"fr\" title=\"Fran\u00e7ais\">quand il y a des soumissions pour des contrats, ce sont beaucoup des non-Autochtones qui les ont et j\u2019aimerais qu\u2019il y ait plus d\u2019Autochtones. Il y a de la place pour tout le monde<\/span><\/q>.<br \/>Ces futurs employ\u00e9s sont aussi conscients du difficile \u00e9quilibre entre le d\u00e9veloppement \u00e9conomique et le maintien du territoire pour poursuivre les activit\u00e9s traditionnelles. <br \/>Bianca Albert esp\u00e8re attirer encore plus d&rsquo;\u00e9tudiants cris dans le centre r\u00e9gional de formation de Waswanipi.<br \/>Photo&nbsp;:&nbsp;Radio-Canada \/ Marie-Laure Josselin<br \/>D&#x27;apr\u00e8s Bianca Albert, ce sont justement les personnes parfaites pour diversifier l\u2019\u00e9conomie, profiter du territoire en le d\u00e9veloppant tout en prot\u00e9geant le mode de vie traditionnel cri.<br \/><span class=\"quote left\">\u00ab\u00a0<\/span>En \u00e9tant proche de ces industries, on garde un \u0153il sur ce qui se d\u00e9veloppe.<span class=\"quote right\">\u00a0\u00bb<\/span><br \/>Veuillez noter que Radio-Canada ne cautionne pas les opinions exprim\u00e9es. Vos commentaires seront mod\u00e9r\u00e9s, et publi\u00e9s s\u2019ils respectent la\u00a0<a class=\"styled__StyledInternalLink-sc-13vcun-0 ebdbqL e-internal-link\" href=\"\/conditions-utilisation\/netiquette\" target=\"_self\" rel=\"noopener\">n\u00e9tiquette<\/a>. Bonne discussion\u00a0!<br \/><span class=\"important\">Important<\/span>Afin de favoriser des discussions riches, respectueuses et constructives,<strong>\u00a0chaque commentaire soumis sur les tribunes de<a href=\"https:\/\/ici.radio-canada.ca\">\u00a0Radio-Canada.ca\u00a0<\/a>sera dor\u00e9navant sign\u00e9 des nom(s) et pr\u00e9nom(s) de son auteur<\/strong>\u00a0(\u00e0 l\u2019exception de la zone Jeunesse). Le nom d\u2019utilisateur (pseudonyme) ne sera plus affich\u00e9.<br \/>En nous soumettant vos commentaires, vous reconnaissez que Radio-Canada a le droit de les reproduire et de les diffuser, en tout ou en partie et de quelque mani\u00e8re que ce soit.<br \/>Vous avez rep\u00e9r\u00e9 une coquille?<br \/>Vous \u00eates t\u00e9moin d\u2019un \u00e9v\u00e9nement?<br \/>Vous avez des questions sur notre travail?<br \/>Malgr&eacute; la pand&eacute;mie, un vent d&apos;optimisme souffle sur le secteur touristique autochtone en Alberta.<br \/>Concilier d&eacute;veloppement &eacute;conomique et culture traditionnelle, un d&eacute;fi pour les Cris. <br \/>Quatorze repr&eacute;sentants venant de toutes les r&eacute;gions iront au Vatican le mois prochain.<br \/>Ces 13&nbsp;premi&egrave;res nations rencontreront le pape Fran&ccedil;ois le 20&nbsp;d&eacute;cembre.<br \/>Cette &Eacute;cole des dirigeants a &eacute;t&eacute; cr&eacute;&eacute;e par et pour les Premi&egrave;res Nations.<br \/>Une vingtaine de cas en observation se sont rajout&eacute;s depuis mardi, et un cas a &eacute;t&eacute; confirm&eacute; en laboratoire.<br \/>Les fournisseurs ind&eacute;pendants, eux, demandent des garanties au groupe de r&eacute;glementation.<br \/>Les &Eacute;tats-Unis ont augment&eacute; les droits pour la plupart des producteurs de bois d&apos;&oelig;uvre r&eacute;sineux canadiens.<br \/>Ils se donnent les moyen de participer au d&eacute;veloppement &eacute;conomique de leur r&eacute;gion.<br \/>Le gouvernement Trudeau appelle les &Eacute;tats-Unis &agrave; cesser d&apos;imposer ces tarifs &laquo;&nbsp;injustes&nbsp;&raquo;.<br \/>Conf&eacute;rences, tables rondes de discussions et ateliers sont pr&eacute;vus.<br \/>En pr&egrave;s de 50&nbsp;ans, l&apos;&eacute;conomie des Cris a chang&eacute; significativement, mais il reste aussi beaucoup &agrave; faire. <\/p>\n<p><a href=\"https:\/\/ici.radio-canada.ca\/espaces-autochtones\/1842390\/crie-nation-developpement-economie-prive-diversification-formation\">source<\/a><\/p>\n<!--CusAds0-->\n<div style=\"font-size: 0px; height: 0px; line-height: 0px; margin: 0; padding: 0; clear: both;\"><\/div>","protected":false},"excerpt":{"rendered":"<p>Nous utilisons les t\u00e9moins de navigation (cookies) afin d&#x27;op\u00e9rer et d\u2019am\u00e9liorer nos services ainsi qu&#x27;\u00e0 des fins publicitaires. Le respect de votre vie priv\u00e9e est important pour nous. Si vous n&#x27;\u00eates pas \u00e0 l&#x27;aise avec l&#x27;utilisation de ces informations, veuillez revoir vos param\u00e8tres avant de poursuivre votre visite.G\u00e9rer vos t\u00e9moins de navigationEn savoir plusVous naviguez [&hellip;]<\/p>\n","protected":false},"author":1,"featured_media":0,"comment_status":"open","ping_status":"open","sticky":false,"template":"","format":"standard","meta":{"googlesitekit_rrm_CAow1sXXCw:productID":"","_jetpack_memberships_contains_paid_content":false,"footnotes":"","jetpack_publicize_message":"","jetpack_publicize_feature_enabled":true,"jetpack_social_post_already_shared":false,"jetpack_social_options":{"image_generator_settings":{"template":"highway","default_image_id":0,"font":"","enabled":false},"version":2}},"categories":[1],"tags":[],"class_list":["post-1582","post","type-post","status-publish","format-standard","hentry","category-non-classe"],"jetpack_publicize_connections":[],"jetpack_featured_media_url":"","jetpack_sharing_enabled":true,"_links":{"self":[{"href":"https:\/\/monblogeur.tech\/index.php\/wp-json\/wp\/v2\/posts\/1582","targetHints":{"allow":["GET"]}}],"collection":[{"href":"https:\/\/monblogeur.tech\/index.php\/wp-json\/wp\/v2\/posts"}],"about":[{"href":"https:\/\/monblogeur.tech\/index.php\/wp-json\/wp\/v2\/types\/post"}],"author":[{"embeddable":true,"href":"https:\/\/monblogeur.tech\/index.php\/wp-json\/wp\/v2\/users\/1"}],"replies":[{"embeddable":true,"href":"https:\/\/monblogeur.tech\/index.php\/wp-json\/wp\/v2\/comments?post=1582"}],"version-history":[{"count":0,"href":"https:\/\/monblogeur.tech\/index.php\/wp-json\/wp\/v2\/posts\/1582\/revisions"}],"wp:attachment":[{"href":"https:\/\/monblogeur.tech\/index.php\/wp-json\/wp\/v2\/media?parent=1582"}],"wp:term":[{"taxonomy":"category","embeddable":true,"href":"https:\/\/monblogeur.tech\/index.php\/wp-json\/wp\/v2\/categories?post=1582"},{"taxonomy":"post_tag","embeddable":true,"href":"https:\/\/monblogeur.tech\/index.php\/wp-json\/wp\/v2\/tags?post=1582"}],"curies":[{"name":"wp","href":"https:\/\/api.w.org\/{rel}","templated":true}]}}