{"id":1737,"date":"2021-11-27T11:46:07","date_gmt":"2021-11-27T10:46:07","guid":{"rendered":"https:\/\/monblogeur.tech\/index.php\/2021\/11\/27\/chomage-de-masse-la-jeunesse-en-premiere-ligne-de-la-revolte-en-guadeloupe-http-www-revolutionpermanente-fr-section-politique\/"},"modified":"2021-11-27T11:46:07","modified_gmt":"2021-11-27T10:46:07","slug":"chomage-de-masse-la-jeunesse-en-premiere-ligne-de-la-revolte-en-guadeloupe-http-www-revolutionpermanente-fr-section-politique","status":"publish","type":"post","link":"https:\/\/monblogeur.tech\/index.php\/2021\/11\/27\/chomage-de-masse-la-jeunesse-en-premiere-ligne-de-la-revolte-en-guadeloupe-http-www-revolutionpermanente-fr-section-politique\/","title":{"rendered":"Ch\u00f4mage de masse : la jeunesse en premi\u00e8re ligne de la r\u00e9volte en Guadeloupe &#8211; http:\/\/www.revolutionpermanente.fr\/Section-Politique"},"content":{"rendered":"<div class=\"cfbc967f0983488262956e73eca9483a\" data-index=\"1\" style=\"float: none; margin:10px 0 10px 0; text-align:center;\">\n<script async src=\"https:\/\/pagead2.googlesyndication.com\/pagead\/js\/adsbygoogle.js?client=ca-pub-3859091246952232\" crossorigin=\"anonymous\"><\/script>\r\n<!-- blok -->\r\n<ins class=\"adsbygoogle\" data-ad-client=\"ca-pub-3859091246952232\" data-ad-slot=\"1334354390\"><\/ins>\r\n<script>\r\n     (adsbygoogle = window.adsbygoogle || []).push({});\r\n<\/script>\r\n\n<\/div>\n<p>Depuis pr\u00e8s de deux semaines, la Guadeloupe est travers\u00e9e par un climat quasi insurrectionnel. A l&rsquo;origine de la col\u00e8re de cette jeunesse en premi\u00e8re ligne , plus de dix ans apr\u00e8s 2009, la cause est identique : le ch\u00f4mage de masse et le manque de perspectives.<br \/><a href=\"Ella-Dall-erta\">Ella Dall\u2019erta<\/a><br \/><span>samedi 27 novembre<\/span><br \/><i>Cr\u00e9dits&nbsp;: Cedrick ISHAM CALVADOS \/ AFP<\/i><br \/>Depuis pr\u00e8s de deux semaines, la Guadeloupe est travers\u00e9e par des mobilisations aux allures de r\u00e9volte associant blocages et gr\u00e8ves. Partie notamment du secteur hospitalier et des pompiers, la mobilisation s\u2019est \u00e9tendue au corps enseignants, aux travailleurs des stations-services, de l\u2019h\u00f4tellerie et de la restauration et semble monter en pression.<br \/>Comme l\u2019expliquait Pablo Morao dans <a href=\"https:\/\/www.revolutionpermanente.fr\/Repression-en-Guadeloupe-les-organisations-de-gauche-doivent-appeler-a-une-grande-action-de-26806\">nos colonnes<\/a> <i>&#171;&nbsp;Lanc\u00e9e le 15 novembre, jour de la mise en \u0153uvre des sanctions contre les soignants et pompiers non-vaccin\u00e9s, \u00e0 l\u2019appel du LKP, la mobilisation est partie de l\u2019opposition \u00e0 l\u2019autoritarisme sanitaire pour d\u00e9border rapidement ces enjeux. Dans un territoire structurellement domin\u00e9 par l\u2019Etat fran\u00e7ais, le rejet de l\u2019obligation vaccinale a catalys\u00e9 la col\u00e8re d\u2019une partie de la population, qui subit le ch\u00f4mage qui s\u2019\u00e9levait \u00e0 17% sur l\u2019\u00eele en 2020 et la mis\u00e8re avec un tiers de la population sous le seuil de pauvret\u00e9. En ce sens, le mouvement en Guadeloupe rappelle, malgr\u00e9 des diff\u00e9rences, la gr\u00e8ve g\u00e9n\u00e9rale qui avait secou\u00e9 la Guadeloupe et l\u2019ensemble des Antilles en 2009. Les revendications principales de cette gr\u00e8ve \u00e9taient alors une baisse des prix jug\u00e9s abusifs de certains produits de base, comme le carburant et l&#8217;alimentation, ainsi qu&#8217;une demande de revalorisation des bas salaires&nbsp;&#187;<\/i>.<br \/>En ce sens comme le note pour <a href=\"https:\/\/www.lefigaro.fr\/actualite-france\/emeutes-aux-antilles-quelle-est-l-origine-des-revendications-en-guadeloupe-et-martinique-20211123\" class='spip_out' rel=\"noopener noreferrer external\" target='_blank'>le Figaro<\/a>  Olivier Sudrire, maitre de conf\u00e9rence \u00e0 l\u2019universit\u00e9 Paris Saclay&nbsp;:<i>&#171;&nbsp;Certains jeunes disent se foutre du vaccin et \u00eatre simplement int\u00e9ress\u00e9s pour un travail. C&#8217;est un ras-le-bol de la jeunesse, au-del\u00e0 des probl\u00e8mes sanitaires. De nombreux jeunes sont inemployables, souvent \u00e9ject\u00e9s d\u00e8s l&#8217;\u00e2ge de 16 ans du syst\u00e8me \u00e9ducatif. Aujourd&#8217;hui, ils n&#8217;ont pas de formation professionnelle. On constate un d\u00e9terminisme social \u00e9crasant&nbsp;&#187;<\/i>.<br \/>Pour cause, le ch\u00f4mage est particuli\u00e8rement massif pour la jeunesse guadeloup\u00e9enne. Selon <a href=\"https:\/\/www.insee.fr\/fr\/statistiques\/5354995\" class='spip_out' rel=\"noopener noreferrer external\" target='_blank'>l\u2019INSEE<\/a> en 2020&nbsp;:<i>\u00a0\u00bb Le taux de ch\u00f4mage en Guadeloupe (17&nbsp;%) [\u00e9tait] plus \u00e9lev\u00e9 qu\u2019en Martinique (12&nbsp;%). Il [\u00e9tait] similaire \u00e0 ceux de la Guyane (16&nbsp;%) et de La R\u00e9union (17&nbsp;%) mais [restait] plus de deux fois sup\u00e9rieur \u00e0 celui de la France m\u00e9tropolitaine (8&nbsp;%).\u00a0\u00bb<\/i><br \/>En r\u00e9alit\u00e9, seulement une personne sur deux de 15 \u00e0 64 ans vivant en Guadeloupe est active. L\u2019INSEE pr\u00e9cise <i>&#171;&nbsp;En effet, pour \u00eatre consid\u00e9r\u00e9 comme ch\u00f4meur au sens du Bureau International du Travail (BIT), il faut \u00eatre sans emploi et avoir effectu\u00e9 une d\u00e9marche active de recherche d\u2019emploi au cours des quatre derni\u00e8res semaines \u2013 ou avoir trouv\u00e9 un emploi qui commence dans les trois mois \u2013 et se d\u00e9clarer disponible dans les deux semaines pour occuper un emploi&nbsp;&#187;<\/i>. En faits pr\u00e8s de <a href=\"https:\/\/la1ere.francetvinfo.fr\/guadeloupe\/crise-sociale-en-guadeloupe-ce-que-veulent-les-jeunes-1164586.html\" class='spip_out' rel=\"noopener noreferrer external\" target='_blank'>52,7&nbsp;%<\/a> des moins de 25 ans \u00e9taient sans emploi en 2020.<br \/>Autre indicateur de la d\u00e9tresse de la jeunesse guadeloup\u00e9enne, face au manque de perspectives de tr\u00e8s nombreux jeunes Guadeloup\u00e9ens quittent l\u2019archipel pour commencer ou continuer leurs \u00e9tudes ou encore pour trouver un emploi. Selon <a href=\"https:\/\/www.insee.fr\/fr\/statistiques\/2501636\" class='spip_out' rel=\"noopener noreferrer external\" target='_blank'>l\u2019INSEE<\/a> \u00e0 nouveau, 50 950 Guadeloup\u00e9ens \u00e2g\u00e9s de 15 \u00e0 29 ans \u00e9taient concern\u00e9s en 2016. Plus de la moiti\u00e9 d\u2019entre eux ont entre 18 et 24 ans.<br \/>Et la dynamique tend \u00e0 s\u2019approfondir, selon l&#8217;Insee toujours, les moins de 25 ans repr\u00e9senteraient 29% de la population en 2020, dix ans plus t\u00f4t le chiffre s\u2019\u00e9levait \u00e0 35%. Comme l\u2019expliquait le syndicaliste Elie Domota dans un interview pour <a href=\"https:\/\/www.humanite.fr\/social-eco\/elie-domota-%C2%AB-en-guadeloupe-le-combat-contre-la-pwofitasyon-continue%3F-%C2%BB-489219\" class='spip_out' rel=\"noopener noreferrer external\" target='_blank'>l\u2019Humanit\u00e9<\/a>&nbsp;:<i>&#171;&nbsp;Notre jeunesse est sans d\u00e9bouch\u00e9 professionnel gratifiant et se trouve contrainte \u00e0 l\u2019exil en France ou dans d\u2019autres pays d\u00e9velopp\u00e9s&nbsp;&#187;<\/i>. Un exil qui trouve sa source explique-t-il dans un <i>&#171;&nbsp;syst\u00e8me \u00e9conomique colonial o\u00f9 tout est import\u00e9 ou d\u00e9localis\u00e9&nbsp;&#187;<\/i>.<br \/>Comment s&#8217;\u00e9tonner dans ce contexte que la col\u00e8re \u00e9clate et que de tr\u00e8s nombreux jeunes se retrouvent en premi\u00e8re ligne des manifestations et barrages alors que la jeunesse guadeloup\u00e9enne ne trouve ni emploi ni formation.<br \/>Le ch\u00f4mage massif et l\u2019exil des jeunes sont la cons\u00e9quence plus qu&#8217;ailleurs du m\u00e9pris colonial de l&#8217;Etat Fran\u00e7ais. Ce qui est consid\u00e9r\u00e9 comme le minimum en m\u00e9tropole, ne l&#8217;est m\u00eame pas en Guadeloupe. Ce vendredi, le ministre des outre-mer, S\u00e9bastien Lecornu, promettait <a href=\"https:\/\/la1ere.francetvinfo.fr\/guadeloupe\/crise-sociale-en-guadeloupe-sebastien-lecornu-promet-un-plan-d-actions-concretes-et-dit-n-avoir-aucun-tabou-1165504.html\" class='spip_out' rel=\"noopener noreferrer external\" target='_blank'>1000 emplois<\/a> aid\u00e9s pour la jeunesse de l&#8217;archipel&nbsp;: \u00e0 peine une mesure cosm\u00e9tique.<br \/>C\u2019est donc face \u00e0 ce m\u00e9pris du gouvernement et sa gestion coloniale que des revendications se font entendre jour apr\u00e8s jour en Guadeloupe. Nous apportons tout notre soutien aux luttes des travailleurs et de la jeunesse guadeloup\u00e9enne contre les forces de r\u00e9pression coloniales de l\u2019Etat fran\u00e7ais et revendiquons \u00e0 leurs c\u00f4t\u00e9s un plan massif d&#8217;embauche des jeunes ainsi qu&#8217;une augmentation substantielle des salaires et des minimas sociaux.<br \/><strong>Mots-cl\u00e9s <\/strong><br \/><a href=\"Revoltes\"> R\u00e9voltes<\/a>\u00a0\u00a0\u00a0\/\u00a0\u00a0\u00a0<a href=\"Guadeloupe\"> Guadeloupe<\/a>\u00a0\u00a0\u00a0\/\u00a0\u00a0\u00a0<a href=\"Jeunesse-770\"> Jeunesse<\/a>\u00a0\u00a0\u00a0\/\u00a0\u00a0\u00a0<a href=\"Chomage\"> Ch\u00f4mage<\/a>\u00a0\u00a0\u00a0\/\u00a0\u00a0\u00a0<a href=\"Politique\"> Politique<\/a><br \/><a href=\"#\">LAISSER UN COMMENTAIRE<\/a><br \/>     <a href=\"https:\/\/www.laizquierdadiario.com\" target=\"_blank\" rel=\"noopener\">Argentine<\/a>     <a href=\"https:\/\/www.esquerdadiario.com.br\" target=\"_blank\" rel=\"noopener\">Br\u00e9sil<\/a>      <a href=\"https:\/\/www.laizquierdadiario.mx\/Mexico\" target=\"_blank\" rel=\"noopener\">Mexique<\/a>      <a href=\"https:\/\/www.laizquierdadiario.cl\/Chile\" target=\"_blank\" rel=\"noopener\">Chili<\/a>     <a href=\"https:\/\/www.izquierdadiario.es\/ES\" target=\"_blank\" rel=\"noopener\">\u00c9tat Espagnol<\/a>      <a href=\"https:\/\/www.leftvoice.org\/\" target=\"_blank\" rel=\"noopener\">\u00c9tat Unis<\/a>     <a href=\"https:\/\/www.revolutionpermanente.fr\/\" target=\"_blank\" rel=\"noopener\">France<\/a>      <a href=\"https:\/\/www.klassegegenklasse.org\/\" target=\"_blank\" rel=\"noopener\">Allemagne<\/a>     <a href=\"https:\/\/www.laizquierdadiario.com.uy\/Uruguay\" target=\"_blank\" rel=\"noopener\">Uruguay<\/a>     <a href=\"https:\/\/www.laizquierdadiario.com.ve\/Venezuela\" target=\"_blank\" rel=\"noopener\">Venezuela<\/a>     <a href=\"https:\/\/www.laizquierdadiario.com.bo\/Bolivia\" target=\"_blank\" rel=\"noopener\">Bolivie<\/a>     <a href=\"https:\/\/www.lavocedellelotte.it\/\" target=\"_blank\" rel=\"noopener\">Italie<\/a>     <a href=\"https:\/\/www.laizquierdadiario.cr\/CR\" target=\"_blank\" rel=\"noopener\">Costa Rica<\/a>     <a href=\"https:\/\/www.laizquierdadiario.pe\/Peru\" target=\"_blank\" rel=\"noopener\">P\u00e9rou<\/a>      <br \/><span>\u00a9 2017 REVOLUTION PERMANENTE<\/span> <b> &#8211; <\/b> <a href=\"#\">Termes et conditions<\/a><\/p>\n<p><a href=\"https:\/\/www.revolutionpermanente.fr\/Chomage-de-masse-la-jeunesse-en-premiere-ligne-de-la-revolte-en-Guadeloupe\">source<\/a><\/p>\n<!--CusAds0-->\n<div style=\"font-size: 0px; height: 0px; line-height: 0px; margin: 0; padding: 0; clear: both;\"><\/div>","protected":false},"excerpt":{"rendered":"<p>Depuis pr\u00e8s de deux semaines, la Guadeloupe est travers\u00e9e par un climat quasi insurrectionnel. A l&rsquo;origine de la col\u00e8re de cette jeunesse en premi\u00e8re ligne , plus de dix ans apr\u00e8s 2009, la cause est identique : le ch\u00f4mage de masse et le manque de perspectives.Ella Dall\u2019ertasamedi 27 novembreCr\u00e9dits&nbsp;: Cedrick ISHAM CALVADOS \/ AFPDepuis pr\u00e8s [&hellip;]<\/p>\n","protected":false},"author":1,"featured_media":0,"comment_status":"open","ping_status":"open","sticky":false,"template":"","format":"standard","meta":{"googlesitekit_rrm_CAow1sXXCw:productID":"","_jetpack_memberships_contains_paid_content":false,"footnotes":"","jetpack_publicize_message":"","jetpack_publicize_feature_enabled":true,"jetpack_social_post_already_shared":false,"jetpack_social_options":{"image_generator_settings":{"template":"highway","default_image_id":0,"font":"","enabled":false},"version":2}},"categories":[1],"tags":[],"class_list":["post-1737","post","type-post","status-publish","format-standard","hentry","category-non-classe"],"jetpack_publicize_connections":[],"jetpack_featured_media_url":"","jetpack_sharing_enabled":true,"_links":{"self":[{"href":"https:\/\/monblogeur.tech\/index.php\/wp-json\/wp\/v2\/posts\/1737","targetHints":{"allow":["GET"]}}],"collection":[{"href":"https:\/\/monblogeur.tech\/index.php\/wp-json\/wp\/v2\/posts"}],"about":[{"href":"https:\/\/monblogeur.tech\/index.php\/wp-json\/wp\/v2\/types\/post"}],"author":[{"embeddable":true,"href":"https:\/\/monblogeur.tech\/index.php\/wp-json\/wp\/v2\/users\/1"}],"replies":[{"embeddable":true,"href":"https:\/\/monblogeur.tech\/index.php\/wp-json\/wp\/v2\/comments?post=1737"}],"version-history":[{"count":0,"href":"https:\/\/monblogeur.tech\/index.php\/wp-json\/wp\/v2\/posts\/1737\/revisions"}],"wp:attachment":[{"href":"https:\/\/monblogeur.tech\/index.php\/wp-json\/wp\/v2\/media?parent=1737"}],"wp:term":[{"taxonomy":"category","embeddable":true,"href":"https:\/\/monblogeur.tech\/index.php\/wp-json\/wp\/v2\/categories?post=1737"},{"taxonomy":"post_tag","embeddable":true,"href":"https:\/\/monblogeur.tech\/index.php\/wp-json\/wp\/v2\/tags?post=1737"}],"curies":[{"name":"wp","href":"https:\/\/api.w.org\/{rel}","templated":true}]}}