{"id":1958,"date":"2021-11-29T16:01:56","date_gmt":"2021-11-29T15:01:56","guid":{"rendered":"https:\/\/monblogeur.tech\/index.php\/2021\/11\/29\/departement-de-la-formation-professionnelle-le-budget-previsionnel-en-2022-le-site-info-le-site-dinformation-au-maroc\/"},"modified":"2021-11-29T16:01:56","modified_gmt":"2021-11-29T15:01:56","slug":"departement-de-la-formation-professionnelle-le-budget-previsionnel-en-2022-le-site-info-le-site-dinformation-au-maroc","status":"publish","type":"post","link":"https:\/\/monblogeur.tech\/index.php\/2021\/11\/29\/departement-de-la-formation-professionnelle-le-budget-previsionnel-en-2022-le-site-info-le-site-dinformation-au-maroc\/","title":{"rendered":"D\u00e9partement de la Formation professionnelle: le budget pr\u00e9visionnel en 2022 &#8211; Le Site Info le site d&#039;information au Maroc"},"content":{"rendered":"<div class=\"cfbc967f0983488262956e73eca9483a\" data-index=\"1\" style=\"float: none; margin:10px 0 10px 0; text-align:center;\">\n<script async src=\"https:\/\/pagead2.googlesyndication.com\/pagead\/js\/adsbygoogle.js?client=ca-pub-3859091246952232\" crossorigin=\"anonymous\"><\/script>\r\n<!-- blok -->\r\n<ins class=\"adsbygoogle\" data-ad-client=\"ca-pub-3859091246952232\" data-ad-slot=\"1334354390\"><\/ins>\r\n<script>\r\n     (adsbygoogle = window.adsbygoogle || []).push({});\r\n<\/script>\r\n\n<\/div>\n<p>Le budget pr\u00e9visionnel global allou\u00e9 au d\u00e9partement de la Formation professionnelle au titre de l&rsquo;exercice 2022 s&rsquo;\u00e9l\u00e8ve \u00e0 829,28 millions de dirhams (MDH), en hausse de 108,3% par rapport \u00e0 celui de 2021, a indiqu\u00e9, jeudi \u00e0 Rabat, le ministre de l&rsquo;Inclusion \u00e9conomique, de la Petite entreprise, de l&rsquo;Emploi et des Comp\u00e9tences, Younes Sekkouri.<br \/>Ce montant est partag\u00e9 entre le budget d&rsquo;investissement avec 464 MDH (+138%), et le budget de fonctionnement avec 365,28 MDH (+79,8%), dont 90,838 MDH pour le personnel et 274,44 MDH pour le mat\u00e9riel et d\u00e9penses diverses, a pr\u00e9cis\u00e9 Sekkouri qui pr\u00e9sentait le budget du minist\u00e8re au titre de l&rsquo;exercice 2022 devant la Commission des secteurs sociaux \u00e0 la Chambre des repr\u00e9sentants.<br \/>Les cr\u00e9dits d&rsquo;engagement s&rsquo;\u00e9l\u00e8vent, quant \u00e0 eux, \u00e0 65 MDH, a ajout\u00e9 le ministre.<br \/>Par ailleurs, Sekkouri a relev\u00e9 que le plan d&rsquo;action du D\u00e9partement consiste, notamment, \u00e0 d\u00e9velopper et diversifier l&rsquo;offre de formation professionnelle, de d\u00e9velopper le mod\u00e8le p\u00e9dagogique, d&rsquo;instaurer un syst\u00e8me efficient d&rsquo;orientation pr\u00e9coce et active scolaire, professionnelle et universitaire, ainsi que de renforcer le syst\u00e8me d&rsquo;information.<br \/>Le minist\u00e8re proc\u00e9dera, dans ce sens, \u00e0 la r\u00e9alisation d&rsquo;\u00e9tudes sur les besoins du march\u00e9 du travail, en particulier dans les secteurs m\u00e9dical et para-m\u00e9dical, du tourisme et de l\u2019h\u00f4tellerie et de l&rsquo;urbanisme et architecture, la pr\u00e9paration des guides des emplois et des m\u00e9tiers ainsi que des r\u00e9f\u00e9rentiels des m\u00e9tiers et des comp\u00e9tences, a indiqu\u00e9 le ministre. Il veillera \u00e9galement au renforcement du partenariat entre les secteurs public et priv\u00e9, \u00e0 la cr\u00e9ation d&rsquo;une nouvelle g\u00e9n\u00e9ration d&rsquo;\u00e9tablissements de formation professionnelle (instituts \u00e0 gestion d\u00e9l\u00e9gu\u00e9e) et au renforcement de l&rsquo;offre de formation dans le milieu rural, a soulign\u00e9 Sekkouri.<br \/>S.L. (avec MAP)<br \/>Partageons un autre regard sur l&rsquo;actualit\u00e9<br \/>D\u00e9couvrez la nouvelle application LeSiteInfo \u00e0 t\u00e9l\u00e9charger, disponible sur iOS et Android <br \/> <a href=\"\/\/play.google.com\/store\/apps\/details?id=com.lesiteinfo\"> <img loading=\"lazy\" decoding=\"async\" border=\"0\" alt=\"LeSiteInfo FR\" src=\"\/\/i.imgur.com\/crl33Rs.png\" width=\"150\" height=\"50\"> <\/a> <br \/> <a href=\"\/\/apps.apple.com\/us\/app\/lesiteinfo\/id1536387627\"> <img loading=\"lazy\" decoding=\"async\" border=\"0\" alt=\"LeSiteInfo FR\" src=\"\/\/i.imgur.com\/bUZMw9c.png\" width=\"150\" height=\"50\"> <\/a> <br \/> <a href=\"\/\/news.google.com\/publications\/CAAqBwgKMIqLjwsw9aaiAw\"> <img loading=\"lazy\" decoding=\"async\" border=\"0\" alt=\"LeSiteInfo FR\" src=\"\/\/i.imgur.com\/C2dILJP.png\" width=\"150\" height=\"50\"> <\/a> <br \/> <img loading=\"lazy\" decoding=\"async\" class=\"alignnon\" src=\"\/\/ar.lesiteinfo.com\/wp-content\/uploads\/2020\/12\/Logo-HPG-200x54.png\" alt=\"\" width=\"200\" height=\"54\"\/> <br \/> <a href=\"\/\" target=\"_blank\" rel=\"noopener\"><img loading=\"lazy\" decoding=\"async\" class=\"alignnon\" src=\"\/\/ar.lesiteinfo.com\/wp-content\/uploads\/2020\/12\/logo-1.png\" alt=\"\" width=\"200\" height=\"60\"\/><\/a> <a href=\"\/\/ar.lesiteinfo.com\/\" target=\"_blank\" rel=\"noopener\"><img loading=\"lazy\" decoding=\"async\" class=\"alignnon\" src=\"\/\/ar.lesiteinfo.com\/wp-content\/uploads\/2020\/12\/logo-ar-1-1.png\" alt=\"\" width=\"159\" height=\"60\"\/><\/a> <a href=\"\/\/leseco.ma\/\" target=\"_blank\" rel=\"noopener\"><img loading=\"lazy\" decoding=\"async\" class=\"alignnon\" src=\"\/\/ar.lesiteinfo.com\/wp-content\/uploads\/2020\/12\/Les-ECO-Ma_Logo-200x56.png\" alt=\"\" width=\"200\" height=\"56\"\/><\/a> <a href=\"\/\/horizontv.ma\/\" target=\"_blank\" rel=\"noopener\"><img loading=\"lazy\" decoding=\"async\" class=\"alignnon\" src=\"\/\/ar.lesiteinfo.com\/wp-content\/uploads\/2020\/12\/Horizon_TV_Logo-8-1-200x50.png\" alt=\"\" width=\"200\" height=\"50\"\/><\/a> <a href=\"\/\/riyada.lesiteinfo.com\/\" target=\"_blank\" rel=\"noopener\"><img loading=\"lazy\" decoding=\"async\" class=\"alignnon\" src=\"\/\/ar.lesiteinfo.com\/wp-content\/uploads\/2020\/12\/sport-logo1-1.png\" alt=\"\" width=\"79\" height=\"60\"\/><\/a> <a href=\"\/\/ghalia.lesiteinfo.com\/\" target=\"_blank\" rel=\"noopener\"><img loading=\"lazy\" decoding=\"async\" class=\"alignnon\" src=\"\/\/ar.lesiteinfo.com\/wp-content\/uploads\/2020\/12\/Logo-Ghalia-White-1-1.png\" alt=\"\" width=\"60\" height=\"60\"\/><\/a> <\/p>\n<p><a href=\"https:\/\/www.lesiteinfo.com\/economie\/departement-de-la-formation-professionnelle-le-budget-previsionnel-en-2022\/\">source<\/a><\/p>\n<!--CusAds0-->\n<div style=\"font-size: 0px; height: 0px; line-height: 0px; margin: 0; padding: 0; clear: both;\"><\/div>","protected":false},"excerpt":{"rendered":"<p>Le budget pr\u00e9visionnel global allou\u00e9 au d\u00e9partement de la Formation professionnelle au titre de l&rsquo;exercice 2022 s&rsquo;\u00e9l\u00e8ve \u00e0 829,28 millions de dirhams (MDH), en hausse de 108,3% par rapport \u00e0 celui de 2021, a indiqu\u00e9, jeudi \u00e0 Rabat, le ministre de l&rsquo;Inclusion \u00e9conomique, de la Petite entreprise, de l&rsquo;Emploi et des Comp\u00e9tences, Younes Sekkouri.Ce montant [&hellip;]<\/p>\n","protected":false},"author":1,"featured_media":0,"comment_status":"open","ping_status":"open","sticky":false,"template":"","format":"standard","meta":{"googlesitekit_rrm_CAow1sXXCw:productID":"","_jetpack_memberships_contains_paid_content":false,"footnotes":"","jetpack_publicize_message":"","jetpack_publicize_feature_enabled":true,"jetpack_social_post_already_shared":false,"jetpack_social_options":{"image_generator_settings":{"template":"highway","default_image_id":0,"font":"","enabled":false},"version":2}},"categories":[1],"tags":[],"class_list":["post-1958","post","type-post","status-publish","format-standard","hentry","category-non-classe"],"jetpack_publicize_connections":[],"jetpack_featured_media_url":"","jetpack_sharing_enabled":true,"_links":{"self":[{"href":"https:\/\/monblogeur.tech\/index.php\/wp-json\/wp\/v2\/posts\/1958","targetHints":{"allow":["GET"]}}],"collection":[{"href":"https:\/\/monblogeur.tech\/index.php\/wp-json\/wp\/v2\/posts"}],"about":[{"href":"https:\/\/monblogeur.tech\/index.php\/wp-json\/wp\/v2\/types\/post"}],"author":[{"embeddable":true,"href":"https:\/\/monblogeur.tech\/index.php\/wp-json\/wp\/v2\/users\/1"}],"replies":[{"embeddable":true,"href":"https:\/\/monblogeur.tech\/index.php\/wp-json\/wp\/v2\/comments?post=1958"}],"version-history":[{"count":0,"href":"https:\/\/monblogeur.tech\/index.php\/wp-json\/wp\/v2\/posts\/1958\/revisions"}],"wp:attachment":[{"href":"https:\/\/monblogeur.tech\/index.php\/wp-json\/wp\/v2\/media?parent=1958"}],"wp:term":[{"taxonomy":"category","embeddable":true,"href":"https:\/\/monblogeur.tech\/index.php\/wp-json\/wp\/v2\/categories?post=1958"},{"taxonomy":"post_tag","embeddable":true,"href":"https:\/\/monblogeur.tech\/index.php\/wp-json\/wp\/v2\/tags?post=1958"}],"curies":[{"name":"wp","href":"https:\/\/api.w.org\/{rel}","templated":true}]}}