{"id":1960,"date":"2021-11-29T16:18:21","date_gmt":"2021-11-29T15:18:21","guid":{"rendered":"https:\/\/monblogeur.tech\/index.php\/2021\/11\/29\/indemnite-inflation-de-100-euros-qui-peut-en-beneficier-actualites-service-public-fr\/"},"modified":"2021-11-29T16:18:21","modified_gmt":"2021-11-29T15:18:21","slug":"indemnite-inflation-de-100-euros-qui-peut-en-beneficier-actualites-service-public-fr","status":"publish","type":"post","link":"https:\/\/monblogeur.tech\/index.php\/2021\/11\/29\/indemnite-inflation-de-100-euros-qui-peut-en-beneficier-actualites-service-public-fr\/","title":{"rendered":"Indemnit\u00e9 inflation de 100 euros : qui peut en b\u00e9n\u00e9ficier ? &#8211; Actualit\u00e9s service-public.fr"},"content":{"rendered":"<div class=\"cfbc967f0983488262956e73eca9483a\" data-index=\"1\" style=\"float: none; margin:10px 0 10px 0; text-align:center;\">\n<script async src=\"https:\/\/pagead2.googlesyndication.com\/pagead\/js\/adsbygoogle.js?client=ca-pub-3859091246952232\" crossorigin=\"anonymous\"><\/script>\r\n<!-- blok -->\r\n<ins class=\"adsbygoogle\" data-ad-client=\"ca-pub-3859091246952232\" data-ad-slot=\"1334354390\"><\/ins>\r\n<script>\r\n     (adsbygoogle = window.adsbygoogle || []).push({});\r\n<\/script>\r\n\n<\/div>\n<p>Javascript est d\u00e9sactiv\u00e9 dans votre navigateur. Vous ne pourrez pas avoir acc\u00e8s aux     fonctionnalit\u00e9s de modification ou de suppression des informations et documents de votre compte.<br \/>Cr\u00e9er un espace association<br \/>Les champs marqu\u00e9s d\u2019un <span class=\"symbol-required\">* <\/span>sont obligatoires.<br \/><strong>Des erreurs sont pr\u00e9sentes dans le formulaire<\/strong><br \/><label id=\"associationNameLabel\" for=\"associationName\"><span class=\"symbol-required\">* <\/span> Quel est le nom de votre association&nbsp;?               <span class=\"hidden\" data-rv-fielderror=\"fieldErrors.errorMap.associationName\"><\/span><\/label><input type=\"text\" class=\"form-control\" id=\"associationName\" name=\"associationName\" maxlength=\"500\"\/><br \/><button class=\"btn btn-link btn-close\" data-toggle=\"collapse\" data-target=\"#account-access-disable\"  title=\"Fermer la fen\u00eatre de connexion \u00e0 Mon compte\">Fermer<\/button><br \/>L\u2019acc\u00e8s au compte est temporairement d\u00e9sactiv\u00e9 pour maintenance.<br \/>Veuillez nous excuser pour ce d\u00e9sagrement. Essayez ult\u00e9rieurement.<br \/><button id=\"nav-close-btn\" class=\"btn btn-close\" type=\"button\" title=\"Fermer le menu Particuliers\">         Fermer       <\/button><br \/><a href=\"https:\/\/www.service-public.fr\/\">Particuliers<\/a><br \/>\u00c9pid\u00e9mie Coronavirus (Covid-19), tout ce qu&#39;il faut savoir :&nbsp;<a href=\"https:\/\/www.service-public.fr\/particuliers\/actualites\/A13995\" title=\"lire l&#39;actualit\u00e9\" data-test=\"bloc-crise-lien\">lire l&#39;actualit\u00e9<\/a><br \/><button title=\"Fermer le menu du th\u00e8me Papiers - Citoyennet\u00e9\" class=\"btn-close\" type=\"button\" data-target=\"#nav-main-N19810\">         Fermer       <\/button><br \/>\u00c9tat civil<br \/>Identit\u00e9 &#8211; Authentification<br \/>Citoyennet\u00e9<br \/>Relations avec l\u2019administration<br \/>Fichiers et protection de la vie priv\u00e9e<br \/>       Voir aussi&nbsp;:     <br \/><a           href=\"https:\/\/www.service-public.fr\/particuliers\/vosdroits\/N19810\">Afficher le th\u00e8me Papiers &#8211; Citoyennet\u00e9<\/a><br \/><button title=\"Fermer le menu du th\u00e8me Famille\" class=\"btn-close\" type=\"button\" data-target=\"#nav-main-N19805\">         Fermer       <\/button><br \/>Couple<br \/>Enfant<br \/>Scolarit\u00e9<br \/>\u00c9tudes sup\u00e9rieures<br \/>Protection des personnes<br \/>D\u00e9c\u00e8s<br \/>Succession<br \/><a           href=\"https:\/\/www.service-public.fr\/particuliers\/vosdroits\/N19805\">Afficher le th\u00e8me Famille<\/a><br \/><button title=\"Fermer le menu du th\u00e8me Social - Sant\u00e9\" class=\"btn-close\" type=\"button\" data-target=\"#nav-main-N19811\">         Fermer       <\/button><br \/>Aides sociales<br \/>Ch\u00f4mage<br \/>S\u00e9curit\u00e9 sociale<br \/>Droits des patients<br \/>Sant\u00e9<br \/>Handicap<br \/>H\u00e9bergement<br \/>       Voir aussi&nbsp;:     <br \/><a           href=\"https:\/\/www.service-public.fr\/particuliers\/vosdroits\/N19811\">Afficher le th\u00e8me Social &#8211; Sant\u00e9<\/a><br \/><button title=\"Fermer le menu du th\u00e8me Travail\" class=\"btn-close\" type=\"button\" data-target=\"#nav-main-N19806\">         Fermer       <\/button><br \/>Recrutement<br \/>R\u00e9mun\u00e9ration<br \/>Contrats et carri\u00e8re<br \/>Cong\u00e9s<br \/>Formation<br \/>Sant\u00e9, s\u00e9curit\u00e9 et conditions de travail<br \/>Relations individuelles et collectives<br \/>Temps de travail<br \/>Quitter son emploi<br \/>Particulier employeur<br \/>Retraite<br \/>       Voir aussi&nbsp;:     <br \/><a           href=\"https:\/\/www.service-public.fr\/particuliers\/vosdroits\/N19806\">Afficher le th\u00e8me Travail<\/a><br \/><button title=\"Fermer le menu du th\u00e8me Logement\" class=\"btn-close\" type=\"button\" data-target=\"#nav-main-N19808\">         Fermer       <\/button><br \/>Achat immobilier<br \/>Aides financi\u00e8res<br \/>Location immobili\u00e8re<br \/>Expropriation &#8211; Pr\u00e9emption<br \/>Protection et s\u00e9curit\u00e9 de l\u2019habitat<br \/>Urbanisme<br \/>Copropri\u00e9t\u00e9<br \/>Vie pratique dans un logement<br \/>       Voir aussi&nbsp;:     <br \/><a           href=\"https:\/\/www.service-public.fr\/particuliers\/vosdroits\/N19808\">Afficher le th\u00e8me Logement<\/a><br \/><button title=\"Fermer le menu du th\u00e8me Transports\" class=\"btn-close\" type=\"button\" data-target=\"#nav-main-N19812\">         Fermer       <\/button><br \/>       Voir aussi&nbsp;:     <br \/><a           href=\"https:\/\/www.service-public.fr\/particuliers\/vosdroits\/N19812\">Afficher le th\u00e8me Transports<\/a><br \/><button title=\"Fermer le menu du th\u00e8me Argent\" class=\"btn-close\" type=\"button\" data-target=\"#nav-main-N19803\">         Fermer       <\/button><br \/>Assurance<br \/>Banque<br \/>Consommation<br \/>Cr\u00e9dit et surendettement<br \/>\u00c9pargne<br \/>Imp\u00f4ts, taxes et douane<br \/>       Voir aussi&nbsp;:     <br \/><a           href=\"https:\/\/www.service-public.fr\/particuliers\/vosdroits\/N19803\">Afficher le th\u00e8me Argent<\/a><br \/><button title=\"Fermer le menu du th\u00e8me Justice\" class=\"btn-close\" type=\"button\" data-target=\"#nav-main-N19807\">         Fermer       <\/button><br \/>Organisation de la justice<br \/>Proc\u00e9dures judiciaires<br \/>Infractions<br \/>Sanctions p\u00e9nales<br \/>R\u00e9paration du pr\u00e9judice<br \/>Justice des mineurs<br \/>       Voir aussi&nbsp;:     <br \/><a           href=\"https:\/\/www.service-public.fr\/particuliers\/vosdroits\/N19807\">Afficher le th\u00e8me Justice<\/a><br \/><button title=\"Fermer le menu du th\u00e8me \u00c9tranger\" class=\"btn-close\" type=\"button\" data-target=\"#nav-main-N19804\">         Fermer       <\/button><br \/>\u00c9tranger en France<br \/>Fran\u00e7ais \u00e0 l\u2019\u00e9tranger<br \/><a           href=\"https:\/\/www.service-public.fr\/particuliers\/vosdroits\/N19804\">Afficher le th\u00e8me \u00c9tranger<\/a><br \/><button title=\"Fermer le menu du th\u00e8me Loisirs\" class=\"btn-close\" type=\"button\" data-target=\"#nav-main-N19809\">         Fermer       <\/button><br \/>Chasse et p\u00eache<br \/>Temps libre<br \/>Vacances<br \/>       Voir aussi&nbsp;:     <br \/><a           href=\"https:\/\/www.service-public.fr\/particuliers\/vosdroits\/N19809\">Afficher le th\u00e8me Loisirs<\/a><br \/><button class=\"btn-link see-breadcrumb\" type=\"button\">Voir le fil d&#39;ariane<\/button><br \/><span><a href=\"https:\/\/www.service-public.fr\/particuliers\">Accueil Particuliers<\/a><\/span><span class=\"breadcrumb-separator\">&nbsp;><\/span><span><a href=\"https:\/\/www.service-public.fr\/particuliers\/actualites\">Actualit\u00e9s<\/a><span class=\"breadcrumb-separator\">&nbsp;><\/span><\/span><strong class=\"active\" aria-current=\"page\">Indemnit\u00e9 inflation de 100\u00a0euros\u00a0:\u00a0qui peut en b\u00e9n\u00e9ficier\u00a0?<\/strong><br \/>Pour vous abonner \u00e0 vos sujets d&rsquo;actualit\u00e9 pr\u00e9f\u00e9r\u00e9s,<strong> vous devez           activer votre espace personnel.<\/strong><br \/>Vous serez <strong>alert\u00e9(e) par courriel<\/strong> d\u00e8s qu&rsquo;un article sera publi\u00e9 par la r\u00e9daction.         <br \/><button type=\"submit\" class=\"btn btn-primary btn-part\" data-xiti-name=\"Particuliers::Actualite::Abonnement::activer_mon_espace_personnel\" data-xiti-type=\"action\">               ACTIVER MON ESPACE PERSONNEL             <\/button><br \/>Vous serez <strong>alert\u00e9(e) par courriel<\/strong> d\u00e8s qu&rsquo;un article sera publi\u00e9 par la r\u00e9daction sur&nbsp;:           <strong id=\"subscription_succeeded_sujet\"><\/strong><br \/>Vous pouvez choisir d&rsquo;autres sujets d&rsquo;actualit\u00e9 dans <a href=\"\/compte\/mes-alertes\">Mes alertes<\/a>.<br \/>Choisissez vos sujets d&rsquo;actualit\u00e9 pr\u00e9f\u00e9r\u00e9s dans <a href=\"\/compte\/mes-alertes\">Mes alertes<\/a>.<br \/><strong>Ce sujet vous int\u00e9resse&nbsp;?<\/strong><br \/>           Connectez-vous et recevez une           <strong>alerte par mail<\/strong>           d\u00e8s qu&rsquo;un article sera publi\u00e9 par la r\u00e9daction.         <br \/><a href=\"https:\/\/www.service-public.fr\/compte\/se-connecter?targetUrl=&amp;targetUrlAbonnement=\/particuliers\/actualites\/A15307\/abonnement\"              class=\"btn btn-primary\" data-xiti-name=\"Particuliers::Actualite::Valider::Actualites_abonnement\" data-xiti-type=\"action\">Se connecter<\/a><br \/>Le lien vers cette page a \u00e9t\u00e9 envoy\u00e9 avec succ\u00e8s aux destinataires.<br \/>La s\u00e9lection d&#39;une langue d\u00e9clenchera automatiquement la traduction du contenu de la page.<br \/>Publi\u00e9 le 09 novembre 2021 &#8211; Direction de l&#39;information l\u00e9gale et administrative (Premier ministre)<br \/><img       class=\"lozad img-desc img\"       data-src=\"https:\/\/www.service-public.fr\/webapp\/images\/actu\/small\/I4988.jpg\"       alt=\"Une femme qui le plein\" data-test-redimensionnable=\"true\"\/><br \/>Pour faire face \u00e0 la hausse des prix de l&rsquo;\u00e9nergie et des carburants, les salari\u00e9s, les ind\u00e9pendants, les retrait\u00e9s, les b\u00e9n\u00e9ficiaires du RSA ou de l&rsquo;allocation aux adultes handicap\u00e9s qui gagnent moins de <span class=\"prix\">2\u00a0000\u00a0\u20ac<\/span> nets par mois percevront une indemnit\u00e9 inflation d&rsquo;un montant de <span class=\"prix\">100\u00a0\u20ac<\/span>. Qui est concern\u00e9\u00a0? Quand sera-t-elle vers\u00e9e\u00a0? <span class=\"expression\"><em>Service-Public.fr<\/em><\/span> vous explique les modalit\u00e9s de cette <span class=\"citation\">\u00ab <em>indemnit\u00e9 inflation<\/em> \u00bb<\/span> annonc\u00e9e par le Premier ministre le 21\u00a0octobre\u00a02021.<br \/>L&rsquo;indemnit\u00e9 inflation est une aide exceptionnelle et individuelle de <span class=\"prix\">100\u00a0\u20ac<\/span> qui sera vers\u00e9e \u00e0 38\u00a0millions de personnes r\u00e9sidant en France, pour pr\u00e9server leur pouvoir d&rsquo;achat face \u00e0 la forte hausse du co\u00fbt des \u00e9nergies. Cette aide est vers\u00e9e en une seule fois, et ne fait l&rsquo;objet d&rsquo;aucun pr\u00e9l\u00e8vement, les b\u00e9n\u00e9ficiaires n&rsquo;auront aucune d\u00e9marche \u00e0 faire.<br \/>Les personnes concern\u00e9es sont\u00a0: les salari\u00e9s, y compris les apprentis et les b\u00e9n\u00e9ficiaires d&rsquo;un contrat de professionnalisation<br \/>L&rsquo;aide de <span class=\"prix\">100\u00a0\u20ac<\/span> sera vers\u00e9e, en une fois, par leur employeur pour les salari\u00e9s et agents publics et par les organismes habituels\u00a0:<br \/>Cette aide est individualis\u00e9e. Si les deux membres d&rsquo;un foyer gagnent moins de <span class=\"prix\">2\u00a0000\u00a0\u20ac<\/span> nets par mois, ils b\u00e9n\u00e9ficieront tous deux de l&rsquo;aide.<br \/><span class=\"icon icon-aNoter\" aria-hidden=\"true\"><\/span>&nbsp;             <strong>\u00c0 noter :&nbsp;<\/strong><span>Le montant de cette aide ne sera soumis \u00e0 aucun pr\u00e9l\u00e8vement fiscal ou social, et ne sera pas pris en compte pour l&rsquo;imp\u00f4t sur le revenu ni dans les conditions de ressources pour b\u00e9n\u00e9ficier d&rsquo;aides sociales.<\/span><br \/><span class=\"icon icon-aSavoir\" aria-hidden=\"true\"><\/span>&nbsp;             <strong>\u00c0 savoir :&nbsp;<\/strong><span>Le prix du gaz sera bloqu\u00e9 tout au long de l&rsquo;ann\u00e9e\u00a02022, et non plus seulement jusqu&rsquo;au mois d&rsquo;avril\u00a02022. Le tarif r\u00e9glement\u00e9 du gaz sera gel\u00e9 et ne d\u00e9passera pas le tarif d&rsquo;octobre\u00a02021. En outre, la hausse du tarif r\u00e9glement\u00e9 de l&rsquo;\u00e9lectricit\u00e9 est limit\u00e9e \u00e0 <span class=\"prix\">4\u00a0%<\/span> d\u00e9but\u00a02022.<\/span><br \/>D\u00e9cembre\u00a02021<br \/>Janvier\u00a02022<br \/>F\u00e9vrier\u00a02022<br \/><span class=\"icon icon-aNoter\" aria-hidden=\"true\"><\/span>&nbsp;             <strong>\u00c0 noter :&nbsp;<\/strong><span>Le gouvernement met \u00e0 votre disposition <a rel=\"noopener noreferrer\" target=\"_blank\" href=\"https:\/\/www.gouvernement.fr\/toutes-les-reponses-a-vos-questions-sur-l-indemnite-inflation\" title=\"une foire aux questions sur l&#39;indemnit\u00e9 inflation - www.gouvernement.fr - Nouvelle fen\u00eatre\" data-xiti-name=\"Particuliers::Actualite::Navigation_Directe::une_foire_aux_questions_sur_l&#39;indemnit\u00e9_inflation\" data-xiti-type=\"exit\">une foire aux questions sur l&#39;indemnit\u00e9 inflation<span aria-hidden=\"true\"           class=\"icon icon-external-link\"><\/span><\/a> .<\/span><br \/><a href=\"https:\/\/www.service-public.fr\/particuliers\/vosdroits\/F33667\"                  data-xiti-name=\"Particuliers::Actualite::Navigation_Directe::Ch\u00e8que_\u00e9nergie_(gaz,_chaleur,_\u00e9lectricit\u00e9)\">Ch\u00e8que \u00e9nergie (gaz, chaleur, \u00e9lectricit\u00e9)<\/a><br \/><a href=\"https:\/\/www.service-public.fr\/particuliers\/actualites\/A15168\"                  data-xiti-name=\"Particuliers::Actualite::Navigation_Directe::Ch\u00e8que_\u00e9nergie_:_coup_de_pouce_exceptionnel_de_100_euros\">Ch\u00e8que \u00e9nergie : coup de pouce exceptionnel de 100 euros<\/a><br \/><a href=\"https:\/\/www.service-public.fr\/particuliers\/actualites\/A15192\"                  data-xiti-name=\"Particuliers::Actualite::Navigation_Directe::Projet_de_loi_de_finances_pour_2022_:_ce_qui_est_pr\u00e9vu_pour_les_particuliers\">Projet de loi de finances pour 2022\u00a0: ce qui est pr\u00e9vu pour les particuliers<\/a><br \/><a href=\"https:\/\/www.gouvernement.fr\/toutes-les-reponses-a-vos-questions-sur-l-indemnite-inflation\" target=\"_blank\" rel=\"noopener noreferrer\" title=\"Toutes les r\u00e9ponses \u00e0 vos questions sur l&#39;indemnit\u00e9 inflation - gouvernement.fr - Nouvelle fen\u00eatre\" data-xiti-name=\"Particuliers::Actualite::Navigation_Directe::Toutes_les_r\u00e9ponses_\u00e0_vos_questions_sur_l&#39;indemnit\u00e9_inflation\" data-xiti-type=\"exit\">Toutes les r\u00e9ponses \u00e0 vos questions sur l&#39;indemnit\u00e9 inflation\u00a0<span aria-hidden=\"true\" class=\"icon icon-external-link\"><\/span><\/a><br \/>Premier ministre<br \/><a href=\"https:\/\/www.economie.gouv.fr\/indemnite-inflation-proteger-pouvoir-achat#\" target=\"_blank\" rel=\"noopener noreferrer\" title=\"Indemnit\u00e9 inflation : 38 millions de Fran\u00e7ais recevront 100 euros - economie.gouv.fr - Nouvelle fen\u00eatre\" data-xiti-name=\"Particuliers::Actualite::Navigation_Directe::Indemnit\u00e9_inflation_:_38_millions_de_Fran\u00e7ais_recevront_100_euros\" data-xiti-type=\"exit\">Indemnit\u00e9 inflation : 38 millions de Fran\u00e7ais recevront 100 euros\u00a0<span aria-hidden=\"true\" class=\"icon icon-external-link\"><\/span><\/a><br \/>Minist\u00e8re charg\u00e9 de l&#39;\u00e9conomie<br \/><a href=\"https:\/\/www.gouvernement.fr\/prix-des-carburants-une-indemnite-inflation-de-100-euros\" target=\"_blank\" rel=\"noopener noreferrer\" title=\"Prix des carburants : une \u00ab indemnit\u00e9 inflation \u00bb de 100 euros - gouvernement.fr - Nouvelle fen\u00eatre\" data-xiti-name=\"Particuliers::Actualite::Navigation_Directe::Prix_des_carburants_:_une_\u00ab_indemnit\u00e9_inflation_\u00bb_de_100_euros\" data-xiti-type=\"exit\">Prix des carburants : une \u00ab indemnit\u00e9 inflation \u00bb de 100 euros\u00a0<span aria-hidden=\"true\" class=\"icon icon-external-link\"><\/span><\/a><br \/>Premier ministre<br \/><span>Rappel vaccinal<\/span><br \/><a href=\"https:\/\/www.service-public.fr\/particuliers\/actualites\/A15120\"        data-test=\"titreActu\" data-xiti-name=\"Particuliers::Actualite::Navigation_Directe::Vaccin_contre_le_Covid-19_:_qui_est_concern\u00e9_par_la_dose_de_rappel_?\">Vaccin contre le Covid-19\u00a0:\u00a0qui est concern\u00e9\u00a0par la dose de rappel\u00a0?<\/a><br \/><span data-test=\"dateActu\">Publi\u00e9 le 26 novembre 2021<\/span><br \/><span>Vaccination Covid-19<\/span><br \/><a href=\"https:\/\/www.service-public.fr\/particuliers\/actualites\/A15318\"        data-test=\"titreActu\" data-xiti-name=\"Particuliers::Actualite::Navigation_Directe::Passe_sanitaire_conditionn\u00e9_\u00e0_la_dose_de_rappel_pour_tous_les_adultes\">Passe sanitaire conditionn\u00e9 \u00e0 la dose de rappel pour tous les adultes<\/a><br \/><span data-test=\"dateActu\">Publi\u00e9 le 26 novembre 2021<\/span><br \/><span>\u00c9pid\u00e9mie de Coronavirus (Covid-19)<\/span><br \/><a href=\"https:\/\/www.service-public.fr\/particuliers\/actualites\/A15331\"        data-test=\"titreActu\" data-xiti-name=\"Particuliers::Actualite::Navigation_Directe::Vaccination_anti-Covid_:_une_dose_de_rappel_recommand\u00e9e_pour_les_18_ans_et_plus\">Vaccination anti-Covid\u00a0:\u00a0une dose de rappel recommand\u00e9e pour les 18\u00a0ans et plus<\/a><br \/><span data-test=\"dateActu\">Publi\u00e9 le 25 novembre 2021<\/span><br \/><a href=\"https:\/\/www.service-public.fr\/particuliers\/actualites\/liste-breves\" data-xiti-name=\"Particuliers::Actualite::Navigation_standard::null\">Toutes les actualit\u00e9s<\/a><br \/><span>\u00c9pid\u00e9mie de Coronavirus (Covid-19)<\/span><br \/><a href=\"https:\/\/www.service-public.fr\/particuliers\/actualites\/A15121\"        data-test=\"titreActu\" data-xiti-name=\"Particuliers::Actualite::Navigation_Directe::Tout_savoir_sur_le_passe_sanitaire\">Tout savoir sur le passe sanitaire<\/a><br \/><span data-test=\"dateActu\">Publi\u00e9 le 25 novembre 2021<\/span><br \/><span>Sant\u00e9 et citoyennet\u00e9<\/span><br \/><a href=\"https:\/\/www.service-public.fr\/particuliers\/actualites\/A13995\"        data-test=\"titreActu\" data-xiti-name=\"Particuliers::Actualite::Navigation_Directe::\u00c9pid\u00e9mie_Coronavirus_(Covid-19)_:_ce_qu&#39;il_faut_savoir\">\u00c9pid\u00e9mie Coronavirus (Covid-19)\u00a0: ce qu&#39;il faut savoir<\/a><br \/><span data-test=\"dateActu\">Publi\u00e9 le 04 novembre 2021<\/span><br \/><span>Rep\u00e8res<\/span><br \/><a href=\"https:\/\/www.service-public.fr\/particuliers\/actualites\/A15292\"        data-test=\"titreActu\" data-xiti-name=\"Particuliers::Actualite::Navigation_Directe::Ce_qui_change_en_novembre_2021\">Ce qui change en novembre 2021<\/a><br \/><span data-test=\"dateActu\">Publi\u00e9 le 02 novembre 2021<\/span><br \/><a href=\"https:\/\/www.service-public.fr\/particuliers\/actualites\/liste-dossiers\" data-xiti-name=\"Particuliers::Actualite::Navigation_standard::null\">Tous les dossiers<\/a><br \/><a href=\"https:\/\/www.service-public.fr\/particuliers\/actualites\/agenda\" data-xiti-name=\"Particuliers::Actualite::Navigation_standard::null\">Toutes les \u00e9ch\u00e9ances<\/a><br \/>     Le r\u00f4le des Actualit\u00e9s est de signaler rapidement des mesures susceptibles de modifier ou pr\u00e9ciser des droits et     obligations. Ces br\u00e8ves d\u2019actualit\u00e9 rendent compte \u00e9galement des modifications apport\u00e9es aux d\u00e9marches pratiques     pour exercer ces droits. La r\u00e9daction n&rsquo;est pas \u00e0 l&rsquo;origine de ces d\u00e9cisions et son r\u00f4le n\u2019est pas d\u2019en     discuter. Tous ces courts articles mentionnent les sources \u00e0 consulter. Il convient de s&rsquo;y reporter soit pour     v\u00e9rifier l&rsquo;information, en cas de besoin, soit pour en savoir plus. Vous pouvez en revanche signaler \u00e0 la     r\u00e9daction de service-public.fr d&rsquo;\u00e9ventuelles coquilles ou erreurs pr\u00e9sentes dans l\u2019article :     <a rel=\"nofollow\"        href=\"https:\/\/www.service-public.fr\/contact\/remarque?type=actu&amp;titreFiche=Indemnit%C3%A9%20inflation%20de%20100%C2%A0euros%C2%A0:%C2%A0qui%20peut%20en%20b%C3%A9n%C3%A9ficier%C2%A0?&amp;urlFiche=https:\/\/www.service-public.fr\/particuliers\/actualites\/A15307&amp;audienceFiche=Particuliers\"><span>\u00c9crire \u00e0 la r\u00e9daction<\/span><\/a><br \/><a href=\"#top\"><span>Retour en haut de page<\/span><\/a><br \/><a class=\"btn btn-default btn-twitter\" href=\"https:\/\/twitter.com\/servicepublicfr\" target=\"_blank\" rel=\"noopener noreferrer\" title=\"service-public.fr sur twitter - twitter.com (Nouvelle fen\u00eatre)\" data-xiti-name=\"Social::Twitter::Particuliers::Actualite\" data-xiti-type=\"exit\"><span aria-hidden=\"true\" class=\"icon icon-twitter\"><\/span>             @servicepublicfr<\/a><br \/>Abonnement hebdomadaire gratuit<br \/><label class=\"sr-only\" for=\"abo-newsletterSubscriber\">Votre adresse \u00e9lectronique (exemple : nom@exemple.fr)&nbsp;:<\/label><input               class=\"form-control\"               id=\"abo-newsletterSubscriber\"               data-test=\"abo-newsletterSubscriber-surfooter\"               title=\"Saisissez votre adresse \u00e9lectronique  (exemple : nom@exemple.fr)\"               type=\"email\" name=\"email\"               autocomplete=\"email\"               placeholder=\"exemple : nom@exemple.fr\"               aria-label=\"Saisissez votre adresse \u00e9lectronique  (exemple : nom@exemple.fr)\"               x-moz-errormessage=\"Veuillez saisir une adresse valide (exemple : nom@exemple.fr)\"               oninvalid=\"setCustomValidity('Veuillez saisir une adresse valide (exemple : nom@exemple.fr)')\"               oninput=\"setCustomValidity('')\"               pattern=\"^[_A-Za-z0-9-+-]+(.[_A-Za-z0-9-+-]+)*@[A-Za-z0-9-]+(.[A-Za-z0-9-+-]+)*(.[A-Za-z]{2,})$\"             \/><span class=\"input-group-btn\"><button class=\"btn btn-primary\" type=\"submit\" data-xiti-name=\"Particuliers::Actualite::Valider::Newsletter_abonnement\" data-xiti-type=\"action\">M\u2019inscrire<\/button><\/span><br \/><a class=\"btn btn-primary btn-facebook\" href=\"https:\/\/www.facebook.com\/ServicePublicFr\" target=\"_blank\" rel=\"noopener noreferrer\" title=\"service-public.fr sur facebook - www.facebook.com (nouvelle fen\u00eatre)\" data-xiti-name=\"Social::Facebook::Particuliers::Actualite\" data-xiti-type=\"exit\"><span aria-hidden=\"true\" class=\"icon icon-facebook\"><\/span> ServicePublicFr           <\/a><br \/>R\u00e9publique <br \/>Fran\u00e7aise<br \/>Service Public vous informe et vous oriente vers les services qui permettent de conna\u00eetre vos obligations, d&rsquo;exercer vos droits et de faire vos d\u00e9marches du quotidien.<br \/><span>Il est \u00e9dit\u00e9 par la <\/span><a href=\"https:\/\/www.dila.premier-ministre.gouv.fr\/\" rel=\"noopener noreferrer\" target=\"_blank\" title=\"Direction de l'information l\u00e9gale et administrative - Nouvelle fen\u00eatre\" data-xiti-name=\"Footer::Direction_de_l_information_legale_et_administrative::Particuliers::null\" data-xiti-type=\"exit\">Direction de l\u2019information l\u00e9gale et administrative<\/a> et r\u00e9alis\u00e9 en partenariat avec les administrations nationales et locales.         <br \/><span>Sauf mention contraire, tous les textes de ce site sont sous <\/span><a href=\"https:\/\/github.com\/etalab\/licence-ouverte\/blob\/master\/LO.md\" rel=\"noopener noreferrer\" target=\"_blank\" title=\"licence etalab-2.0 - nouvelle fen\u00eatre\">licence etalab-2.0<\/a><\/p>\n<p><a href=\"https:\/\/www.service-public.fr\/particuliers\/actualites\/A15307\">source<\/a><\/p>\n<!--CusAds0-->\n<div style=\"font-size: 0px; height: 0px; line-height: 0px; margin: 0; padding: 0; clear: both;\"><\/div>","protected":false},"excerpt":{"rendered":"<p>Javascript est d\u00e9sactiv\u00e9 dans votre navigateur. Vous ne pourrez pas avoir acc\u00e8s aux fonctionnalit\u00e9s de modification ou de suppression des informations et documents de votre compte.Cr\u00e9er un espace associationLes champs marqu\u00e9s d\u2019un * sont obligatoires.Des erreurs sont pr\u00e9sentes dans le formulaire* Quel est le nom de votre association&nbsp;? FermerL\u2019acc\u00e8s au compte est temporairement d\u00e9sactiv\u00e9 pour [&hellip;]<\/p>\n","protected":false},"author":1,"featured_media":0,"comment_status":"open","ping_status":"open","sticky":false,"template":"","format":"standard","meta":{"googlesitekit_rrm_CAow1sXXCw:productID":"","_jetpack_memberships_contains_paid_content":false,"footnotes":"","jetpack_publicize_message":"","jetpack_publicize_feature_enabled":true,"jetpack_social_post_already_shared":false,"jetpack_social_options":{"image_generator_settings":{"template":"highway","default_image_id":0,"font":"","enabled":false},"version":2}},"categories":[1],"tags":[],"class_list":["post-1960","post","type-post","status-publish","format-standard","hentry","category-non-classe"],"jetpack_publicize_connections":[],"jetpack_featured_media_url":"","jetpack_sharing_enabled":true,"_links":{"self":[{"href":"https:\/\/monblogeur.tech\/index.php\/wp-json\/wp\/v2\/posts\/1960","targetHints":{"allow":["GET"]}}],"collection":[{"href":"https:\/\/monblogeur.tech\/index.php\/wp-json\/wp\/v2\/posts"}],"about":[{"href":"https:\/\/monblogeur.tech\/index.php\/wp-json\/wp\/v2\/types\/post"}],"author":[{"embeddable":true,"href":"https:\/\/monblogeur.tech\/index.php\/wp-json\/wp\/v2\/users\/1"}],"replies":[{"embeddable":true,"href":"https:\/\/monblogeur.tech\/index.php\/wp-json\/wp\/v2\/comments?post=1960"}],"version-history":[{"count":0,"href":"https:\/\/monblogeur.tech\/index.php\/wp-json\/wp\/v2\/posts\/1960\/revisions"}],"wp:attachment":[{"href":"https:\/\/monblogeur.tech\/index.php\/wp-json\/wp\/v2\/media?parent=1960"}],"wp:term":[{"taxonomy":"category","embeddable":true,"href":"https:\/\/monblogeur.tech\/index.php\/wp-json\/wp\/v2\/categories?post=1960"},{"taxonomy":"post_tag","embeddable":true,"href":"https:\/\/monblogeur.tech\/index.php\/wp-json\/wp\/v2\/tags?post=1960"}],"curies":[{"name":"wp","href":"https:\/\/api.w.org\/{rel}","templated":true}]}}