{"id":1979,"date":"2021-11-29T21:24:41","date_gmt":"2021-11-29T20:24:41","guid":{"rendered":"https:\/\/monblogeur.tech\/index.php\/2021\/11\/29\/dossier-formation-50-formations-professionnelles-pour-rebondir-challenges-fr\/"},"modified":"2021-11-29T21:24:41","modified_gmt":"2021-11-29T20:24:41","slug":"dossier-formation-50-formations-professionnelles-pour-rebondir-challenges-fr","status":"publish","type":"post","link":"https:\/\/monblogeur.tech\/index.php\/2021\/11\/29\/dossier-formation-50-formations-professionnelles-pour-rebondir-challenges-fr\/","title":{"rendered":"Dossier formation: 50 formations professionnelles pour rebondir &#8211; Challenges.fr"},"content":{"rendered":"<div class=\"cfbc967f0983488262956e73eca9483a\" data-index=\"1\" style=\"float: none; margin:10px 0 10px 0; text-align:center;\">\n<script async src=\"https:\/\/pagead2.googlesyndication.com\/pagead\/js\/adsbygoogle.js?client=ca-pub-3859091246952232\" crossorigin=\"anonymous\"><\/script>\r\n<!-- blok -->\r\n<ins class=\"adsbygoogle\" data-ad-client=\"ca-pub-3859091246952232\" data-ad-slot=\"1334354390\"><\/ins>\r\n<script>\r\n     (adsbygoogle = window.adsbygoogle || []).push({});\r\n<\/script>\r\n\n<\/div>\n<p>   <a href=\"https:\/\/www.challenges.fr\/\">Challenges<\/a>   <span class=\"sep\"><\/span>   <a href=\"https:\/\/www.challenges.fr\/emploi\/\">Emploi<\/a>   <span class=\"sep\"><\/span>   <a href=\"https:\/\/www.challenges.fr\/emploi\/formation\/\">Formation<\/a> <br \/>            <span>Par              <a href=\"https:\/\/www.challenges.fr\/auteurs\/kira-mitrofanoff_44\/\" class=\"signature\">Kira Mitrofanoff<\/a>          <\/span>             le <a href=\"https:\/\/www.challenges.fr\/index\/2021\/05\/30\/\">30.05.2021 \u00e0 10h00<\/a>              <span class='article-read-time'><span class='icon-watch'><\/span> Lecture 5 min.<\/span>        <br \/>\u00c9PISODE 1. Confinement, t\u00e9l\u00e9travail, ch\u00f4mage partiel\u2026 Se former pour se reconvertir, gagner en comp\u00e9tences ou en responsabilit\u00e9 est le meilleur antidote \u00e0 la crise. Conseils et s\u00e9lection.<br \/>Le campus de HEC Paris.<br \/>C&apos;est une transformation profonde qui est &#xE0; l&apos;&#x153;uvre. Malgr&#xE9; une conjoncture tr&#xE8;s incertaine et l&apos;inqui&#xE9;tude g&#xE9;n&#xE9;r&#xE9;e par la pand&#xE9;mie, les Fran&#xE7;ais sont aujourd&apos;hui convaincus que <a href=\"https:\/\/www.challenges.fr\/emploi\/formation\/formation-c-est-le-moment-de-se-prendre-en-main_705940\" target=\"_blank\" rel=\"noopener\">la formation est un puissant antidote pour affronter les al&#xE9;as<\/a>. Comme si le Covid-19 avait fait sauter des verrous. &#xAB; Nous traversons une crise majeure, on aurait pu s&apos;attendre &#xE0; un repli sur soi, sur son emploi, ses acquis , constatait Julie Gaillot, directrice du p&#xF4;le Society de l&apos;institut d&apos;&#xE9;tudes CSA, le 15 f&#xE9;vrier, lors d&apos;une conf&#xE9;rence organis&#xE9;e par l&apos;agence publique Centre Inffo. Mais pas du tout, cela donne au contraire de l&apos;allant aux actifs pour se former. &#xBB; Selon le Barom&#xE8;tre de la formation professionnelle, pr&#xE9;sent&#xE9; ce jour-l&#xE0;, une &#xE9;crasante majorit&#xE9; de Fran&#xE7;ais consid&#xE8;re m&#xEA;me qu&apos;il s&apos;agit d&apos;une opportunit&#xE9; de s&apos;am&#xE9;liorer dans sa pratique professionnelle (90 %), d&apos;une chance pour &#xE9;voluer professionnellement (89 %), mais aussi d&apos;une n&#xE9;cessit&#xE9; afin de pr&#xE9;server son employabilit&#xE9; (88 %). Des convictions renforc&#xE9;es par l&apos;&#xE9;volution rapide des m&#xE9;tiers.&#xA0;&#xAB; L&apos;obligation d&apos;acqu&#xE9;rir de nouvelles comp&#xE9;tences est cruciale dans un contexte d&apos;agilit&#xE9; accrue &#xBB;, r&#xE9;sume Julie Gaillot.<br \/>Cet engouement est particuli&#xE8;rement marqu&#xE9; chez les cadres, souvent les mieux form&#xE9;s, et les 25-34 ans, pourtant fra&#xEE;chement dipl&#xF4;m&#xE9;s. Ils forment la garde montante des &#xAB; serial learners &#xBB; , pr&#xEA;ts &#xE0; s&apos;adapter en permanence. Encore faut-il pouvoir s&apos;y retrouver parmi une offre foisonnante et pas toujours lisible. &#xAB; Nous ne sommes pas au rendez-vous , reconna&#xEE;t Patrice Gu&#xE9;zou, le directeur g&#xE9;n&#xE9;ral de Centre Inffo. Il y a un service public de l&apos;information &#xE0; construire avec les branches professionnelles et les diff&#xE9;rents acteurs. &#xBB; Pr&#xE9;cis&#xE9;ment, l&apos;objectif de ce dossier est de pr&#xE9;senter <a href=\"https:\/\/www.challenges.fr\/emploi\/formation\/mba-executive-mba-se-preparer-a-diriger-dans-un-monde-mouvant_766534\" target=\"_blank\" rel=\"noopener\">un panel parmi les meilleurs MBA pour acc&#xE9;der des postes de direction<\/a>, mais aussi <a href=\"https:\/\/www.challenges.fr\/emploi\/formation\/masteres-specialises-msc-executive-masters-se-specialiser-pour-faire-la-difference_766535\" target=\"_blank\" rel=\"noopener\">des mast&#xE8;res sp&#xE9;cialis&#xE9;s dans des secteurs &#xE9;conomiques en tension<\/a>, et des certifications, cibl&#xE9;es et courtes, afin de s&#xE9;curiser son poste, ou de donner une nouvelle impulsion &#xE0; sa carri&#xE8;re.<br \/>A chacun d&apos;identifier la formation qui lui convient en fonction, aussi, des besoins du march&#xE9; du travail.&#xA0;&#xAB; La maturit&#xE9; collective et individuelle des Fran&#xE7;ais sur ce sujet est de plus en plus grande &#xBB; , se r&#xE9;jouit Bruno Lucas, d&#xE9;l&#xE9;gu&#xE9; g&#xE9;n&#xE9;ral &#xE0; l&apos;emploi et &#xE0; la formation professionnelle. Ainsi, selon le sondage de CSA r&#xE9;alis&#xE9; en janvier aupr&#xE8;s de 1 600 actifs, ceux-ci consid&#xE8;rent que c&apos;est avant tout une responsabilit&#xE9; personnelle de se former. M&#xEA;me le mot reconversion n&apos;est plus connot&#xE9; n&#xE9;gativement &#xE0; leurs yeux. Au contraire. Et leur d&#xE9;sir de mobilit&#xE9; n&apos;a jamais &#xE9;t&#xE9; aussi grand : la moiti&#xE9; des actifs envisage de changer d&apos;emploi, dont un tiers dans les deux ans.<br \/>&#xAB; Les cadres ont besoin plus que jamais <a href=\"https:\/\/www.challenges.fr\/entreprise\/vie-de-bureau\/bonheur-au-travail-72-des-francais-considere-que-le-travail-contribue-a-leur-bonheur-personnel_743545\" target=\"_blank\" rel=\"noopener\">d&apos;&#xEA;tre en coh&#xE9;rence avec leurs valeurs et de trouver du sens &#xE0; leur travail<\/a> &#xBB; explique Patricia Massoni, consultante &#xE0; l&apos;Apec. Ces aspirations constituent une opportunit&#xE9; formidable pour tous les acteurs de l&apos;enseignement sup&#xE9;rieur. Certains l&apos;ont anticip&#xE9;e, comme Toulouse Business School, qui a red&#xE9;coup&#xE9; l&apos;offre de son programme grande &#xE9;cole par blocs de comp&#xE9;tences (lire interview ci-contre). &#xAB; Nous proposons aujourd&apos;hui 275 modules distincts dans les secteurs de la finance, du marketing, des ressources humaines ou de la strat&#xE9;gie, <a href=\"https:\/\/www.challenges.fr\/emploi\/formation\/certificats-professionnels-avancer-dans-sa-carriere-brique-par-brique_766536\" target=\"_blank\" rel=\"noopener\">qui sont tous valid&#xE9;s par un certificat<\/a> &#xBB; , explique Jacques Digout, le directeur charg&#xE9; de la formation continue. En additionnant les briques, il est m&#xEA;me possible d&apos;obtenir le MBA de l&apos;&#xE9;cole de management.<br \/>Parmi les plus enclins &#xE0; se former et &#xE0; bifurquer professionnellement, selon CSA, on trouve les femmes, les habitants des grandes villes ainsi que les jeunes, qui r&#xEA;vent d&apos;une vie moins lin&#xE9;aire que leurs a&#xEE;n&#xE9;s. Ils aspirent aussi &#xE0; des m&#xE9;tiers ayant un impact sur la soci&#xE9;t&#xE9; ou la plan&#xE8;te. Et pour cela, ils sont pr&#xEA;ts &#xE0; reprendre des &#xE9;tudes. D&apos;o&#xF9; la mont&#xE9;e en puissance de th&#xE9;matiques comme le d&#xE9;veloppement durable, le management &#xE9;thique, la transition &#xE9;nerg&#xE9;tique ou encore l&apos;intelligence collective. La transformation num&#xE9;rique impr&#xE8;gne, elle aussi, la formation continue des cadres. En particulier le marketing digital, la cybers&#xE9;curit&#xE9;, l&apos;intelligence artificielle, le big data, autant de comp&#xE9;tences tr&#xE8;s recherch&#xE9;es par les entreprises qui recrutent&#x2026;<br \/><span>Lire aussi<\/span><a href=\"https:\/\/www.challenges.fr\/emploi\/formation\/moncompteformation-l-appli-qui-revolutionne-l-acces-a-la-formation_685997\" target=\"_blank\" rel=\"noopener\"><em>&quot;Mon compte formation&quot;: l&apos;appli qui r&#xE9;volutionne l&apos;acc&#xE8;s &#xE0; la formation<\/em><\/a><br \/>Or la <a href=\"https:\/\/www.challenges.fr\/entreprise\/vie-de-bureau\/cpf-quels-sont-les-changements-a-connaitre-pour-vous-former_638318\" target=\"_blank\" rel=\"noopener\">cr&#xE9;ation du compte personnel de formation (CPF)<\/a> simplifie la possibilit&#xE9; d&apos;ajouter des lignes &#xE0; son CV. C&apos;est m&#xEA;me l&apos;objet de <a href=\"https:\/\/www.challenges.fr\/emploi\/formation\/formation-chomage-apprentissage-les-changements-majeurs-de-la-loi-avenir-professionnel-pour-les-salaries-et-les-entreprises_604804\" target=\"_blank\" rel=\"noopener\">la loi du 5 septembre 2018 pour la libert&#xE9; de choisir son avenir professionnel<\/a>. &#xAB; La mon&#xE9;tisation du CPF, qui permet d&#xE9;sormais &#xE0; chacun de savoir de combien il dispose en euros pour se former, y contribue beaucoup &#xBB;, souligne Mikael Charbit, le directeur de la certification professionnelle &#xE0; France Comp&#xE9;tences. En quelques mois, des centaines de milliers de sessions de formation ont ainsi &#xE9;t&#xE9; dispens&#xE9;es &#xE0; des cadres, dont plus d&apos;un tiers avait plus de 46 ans. &#xAB; Ils cherchent &#xE0; s&#xE9;curiser leur parcours professionnel ou &#xE0; entamer une deuxi&#xE8;me partie de carri&#xE8;re &#xBB; , d&#xE9;taille Laurent Durain, directeur de la formation professionnelle &#xE0; la Caisse des d&#xE9;p&#xF4;ts. L&apos;&#xE9;tablissement est charg&#xE9; de g&#xE9;rer le site Mon-CompteFormation, qui r&#xE9;pertorie toute l&apos;offre disponible. Parmi les domaines les plus demand&#xE9;s : le management du changement, l&apos;entrepreneuriat, l&apos;anglais professionnel et&#x2026; les bilans de comp&#xE9;tences. Une &#xE9;tape souvent indispensable avant de retourner sur les bancs de l&apos;&#xE9;cole.<br \/><strong>Dossier coordonn&#xE9; par Kira Mitrofanoff<\/strong><br \/>                <a href=\"https:\/\/www.challenges.fr\/emploi\/formation\/\" rel=\"tag\">Formation<\/a>         <a href=\"https:\/\/www.challenges.fr\/emploi\/formation\/classement-grandes-ecoles-de-commerce-2020_690006\" rel=\"tag\">classement \u00e9cole de commerce<\/a>         <a href=\"https:\/\/www.challenges.fr\/tag_organisation\/mba-master-of-business-administration_8432\/\" rel=\"tag\">MBA Master of business administration<\/a>      <br \/>       <span>         En cliquant sur \u00ab je m\u2019abonne \u00bb, vous acceptez que Challenges utilise votre adresse email dans le but de vous adresser ses newsletters. Vous affirmez avoir pris connaissance de nos <a href=\"\/page\/cgv-cgu\">Conditions g\u00e9n\u00e9rales d\u2019utilisation<\/a>, et de notre <a href=\"\/page\/donnees-personnelles\">Politique de confidentialit\u00e9<\/a> qui vous informe des modalit\u00e9s de traitement de vos donn\u00e9es, ainsi que des moyens d\u2019exercer vos droits sur ces donn\u00e9es. Vous pouvez vous d\u00e9sinscrire \u00e0 tout moment \u00e0 l\u2019aide des liens de d\u00e9sinscription ou en nous contactant \u00e0 l\u2019adresse <a href=\"mailto:dpo@challenges.fr\">dpo@challenges.fr<\/a>        <\/span>     <br \/>       <span>         En cliquant sur \u00ab je m\u2019abonne \u00bb, vous acceptez que Challenges utilise votre adresse email dans le but de vous adresser ses newsletters. Vous affirmez avoir pris connaissance de nos <a href=\"\/page\/cgv-cgu\">Conditions g\u00e9n\u00e9rales d\u2019utilisation<\/a>, et de notre <a href=\"\/page\/donnees-personnelles\">Politique de confidentialit\u00e9<\/a> qui vous informe des modalit\u00e9s de traitement de vos donn\u00e9es, ainsi que des moyens d\u2019exercer vos droits sur ces donn\u00e9es. Vous pouvez vous d\u00e9sinscrire \u00e0 tout moment \u00e0 l\u2019aide des liens de d\u00e9sinscription ou en nous contactant \u00e0 l\u2019adresse <a href=\"mailto:dpo@challenges.fr\">dpo@challenges.fr<\/a>        <\/span>     <br \/>Centre de pr\u00e9f\u00e9rence<br \/>de vos alertes infos<br \/>Vos pr\u00e9f\u00e9rences ont bien \u00e9t\u00e9 enregistr\u00e9es.<br \/>Si vous souhaitez modifier vos centres d&rsquo;int\u00e9r\u00eat, vous pouvez \u00e0 tout moment cliquer sur le lien Notifications, pr\u00e9sent en pied de toutes les pages du site.<br \/>Vous vous \u00eates inscrit pour recevoir l\u2019actualit\u00e9 en direct, qu\u2019est-ce qui vous int\u00e9resse?<br \/>Je souhaite recevoir uniquement les alertes infos parmi les th\u00e9matiques suivantes :<\/p>\n<p><a href=\"https:\/\/www.challenges.fr\/emploi\/formation\/50-formations-professionnelles-pour-rebondir_766532\">source<\/a><\/p>\n<!--CusAds0-->\n<div style=\"font-size: 0px; height: 0px; line-height: 0px; margin: 0; padding: 0; clear: both;\"><\/div>","protected":false},"excerpt":{"rendered":"<p>Challenges Emploi Formation Par Kira Mitrofanoff le 30.05.2021 \u00e0 10h00 Lecture 5 min. \u00c9PISODE 1. Confinement, t\u00e9l\u00e9travail, ch\u00f4mage partiel\u2026 Se former pour se reconvertir, gagner en comp\u00e9tences ou en responsabilit\u00e9 est le meilleur antidote \u00e0 la crise. Conseils et s\u00e9lection.Le campus de HEC Paris.C&apos;est une transformation profonde qui est &#xE0; l&apos;&#x153;uvre. Malgr&#xE9; une conjoncture tr&#xE8;s [&hellip;]<\/p>\n","protected":false},"author":1,"featured_media":0,"comment_status":"open","ping_status":"open","sticky":false,"template":"","format":"standard","meta":{"googlesitekit_rrm_CAow1sXXCw:productID":"","_jetpack_memberships_contains_paid_content":false,"footnotes":"","jetpack_publicize_message":"","jetpack_publicize_feature_enabled":true,"jetpack_social_post_already_shared":false,"jetpack_social_options":{"image_generator_settings":{"template":"highway","default_image_id":0,"font":"","enabled":false},"version":2}},"categories":[1],"tags":[],"class_list":["post-1979","post","type-post","status-publish","format-standard","hentry","category-non-classe"],"jetpack_publicize_connections":[],"jetpack_featured_media_url":"","jetpack_sharing_enabled":true,"_links":{"self":[{"href":"https:\/\/monblogeur.tech\/index.php\/wp-json\/wp\/v2\/posts\/1979","targetHints":{"allow":["GET"]}}],"collection":[{"href":"https:\/\/monblogeur.tech\/index.php\/wp-json\/wp\/v2\/posts"}],"about":[{"href":"https:\/\/monblogeur.tech\/index.php\/wp-json\/wp\/v2\/types\/post"}],"author":[{"embeddable":true,"href":"https:\/\/monblogeur.tech\/index.php\/wp-json\/wp\/v2\/users\/1"}],"replies":[{"embeddable":true,"href":"https:\/\/monblogeur.tech\/index.php\/wp-json\/wp\/v2\/comments?post=1979"}],"version-history":[{"count":0,"href":"https:\/\/monblogeur.tech\/index.php\/wp-json\/wp\/v2\/posts\/1979\/revisions"}],"wp:attachment":[{"href":"https:\/\/monblogeur.tech\/index.php\/wp-json\/wp\/v2\/media?parent=1979"}],"wp:term":[{"taxonomy":"category","embeddable":true,"href":"https:\/\/monblogeur.tech\/index.php\/wp-json\/wp\/v2\/categories?post=1979"},{"taxonomy":"post_tag","embeddable":true,"href":"https:\/\/monblogeur.tech\/index.php\/wp-json\/wp\/v2\/tags?post=1979"}],"curies":[{"name":"wp","href":"https:\/\/api.w.org\/{rel}","templated":true}]}}