{"id":1981,"date":"2021-11-29T22:27:52","date_gmt":"2021-11-29T21:27:52","guid":{"rendered":"https:\/\/monblogeur.tech\/index.php\/2021\/11\/29\/emploi-les-offres-demploi-de-la-semaine-du-29-novembre-dans-le-nord-et-le-pas-de-calais-nord-littoral\/"},"modified":"2021-11-29T22:27:52","modified_gmt":"2021-11-29T21:27:52","slug":"emploi-les-offres-demploi-de-la-semaine-du-29-novembre-dans-le-nord-et-le-pas-de-calais-nord-littoral","status":"publish","type":"post","link":"https:\/\/monblogeur.tech\/index.php\/2021\/11\/29\/emploi-les-offres-demploi-de-la-semaine-du-29-novembre-dans-le-nord-et-le-pas-de-calais-nord-littoral\/","title":{"rendered":"Emploi : Les offres d\u2019emploi de la semaine du 29 novembre dans le Nord et le Pas-de-Calais &#8211; Nord Littoral"},"content":{"rendered":"<div class=\"cfbc967f0983488262956e73eca9483a\" data-index=\"1\" style=\"float: none; margin:10px 0 10px 0; text-align:center;\">\n<script async src=\"https:\/\/pagead2.googlesyndication.com\/pagead\/js\/adsbygoogle.js?client=ca-pub-3859091246952232\" crossorigin=\"anonymous\"><\/script>\r\n<!-- blok -->\r\n<ins class=\"adsbygoogle\" data-ad-client=\"ca-pub-3859091246952232\" data-ad-slot=\"1334354390\"><\/ins>\r\n<script>\r\n     (adsbygoogle = window.adsbygoogle || []).push({});\r\n<\/script>\r\n\n<\/div>\n<p><!-- field printed from field.tpl.php --> \t<span class=\"gr-foretitle\">Emploi<\/span> <!-- \/ field -->\t  <br \/>Chaque semaine, P\u00f4le emploi publie des offres d\u2019emploi dans le Nord et Pas-de-Calais. D\u00e9couvrez les offres de la semaine du 29 novembre.<br \/><span class=\"gr-prefix\">Par <\/span> <span class=\"capitalize\">Nord Littoral<\/span><!-- field printed from field.tpl.php --> \t| <time class=\"pubdate updated\" datetime=\"2021-11-29T13:17:06\" ><span class=\"gr-prefix\">Publi\u00e9 le <\/span>29\/11\/2021<\/time><!-- \/ field -->\t  <br \/>                     <span class=\"drop-cap\">D<\/span>e Calais \u00e0 Arras, en passant par Tourcoing, Bailleul et Maubeuge, en CDD ou en CDI, voici les offres d\u2019emploi de P\u00f4le emploi de la semaine. Sur les 12 offres de cette semaine, 5 sont en CDI.<br \/>                     <strong>CDD 6 mois \u2013 Arras<\/strong>                 <br \/>Sous la responsabilit\u00e9 de la charg\u00e9e de formation, vous serez charg\u00e9e de la planification des actions de formation pr\u00e9vues aux plans de d\u00e9veloppement des comp\u00e9tences des \u00e9tablissements Vous assurerez le suivi administratif&nbsp;; \u00e9tablirez la facturation, soutiendrez la charg\u00e9e de formation au quotidien dans la gestion administrative des demandes de CPF, transition professionnelle, etc. Vous ma\u00eetrisez EXCEL et serez charg\u00e9 du suivi des entretiens professionnels.<br \/>Vous \u00eates titulaire d\u2019un dipl\u00f4me bac\/bac+2 vous avez une exp\u00e9rience significative dans l\u2019administration gestion ou dans le domaine de la formation. Exp\u00e9rience significative dans le poste demand\u00e9.<br \/>Si cette offre vous int\u00e9resse, rendez-vous sur pole-emploi.fr, muni du num\u00e9ro de l\u2019offre&nbsp;: 121tmjx d\u2019adresser votre candidature.<br \/>                     <strong>CDI \u2013 Arras<\/strong>                 <br \/>Vous mettez en \u0153uvre la politique d\u2019achat associative en analysant et optimisant les besoins en lien \u00e9troit avec les \u00e9tablissements et\/ou les secteurs d\u2019activit\u00e9 concern\u00e9s. \u2013 Vous aurez la promotion de l\u2019achat responsable et assistez les services acteurs du d\u00e9veloppement durable \u2013 Organiser et piloter les proc\u00e9dures de march\u00e9s publics pour l\u2019achat de produits, services et travaux \u2013 G\u00e9rer et pr\u00e9parer les commissions intervenant dans la commande publique&nbsp;: commission d\u2019appel d\u2019offres \u2013 Organiser la veille juridique en mati\u00e8re d\u2019achat public \u2013 Suivi de la mise en \u0153uvre des clauses sociales et environnementales dans les march\u00e9s publics \u2013 Suivi de l\u2019ex\u00e9cution des march\u00e9s en lien avec les services utilisateurs et les fournisseurs. Description du profil \u2013 Ma\u00eetrise approfondie de la r\u00e9glementation en mati\u00e8re de march\u00e9s publics \u2013 Fibre commerciale (n\u00e9gociation) \u2013 Tr\u00e8s forte aptitude \u00e0 la n\u00e9gociation \u2013 Niveau BAC+3 Acheteur-juriste<br \/>Exp\u00e9rience dans le poste&nbsp;: Minimum 2 ans. Zone de d\u00e9placement&nbsp;: R\u00e9gionale<br \/>Si cette offre vous int\u00e9resse, rendez-vous sur pole-emploi.fr, muni du num\u00e9ro de l\u2019offre&nbsp;: 122hxlx afin d\u2019adresser votre candidature.<br \/>                     <strong>CDD 4 mois \u2013 Baralle<\/strong>                 <br \/>Vous \u00eates motiv\u00e9\/e et passionn\u00e9\/e par l\u2019univers de l\u2019esth\u00e9tique. Vous \u00eates autonome, polyvalent, souriant, minutieux, \u00e0 l\u2019\u00e9coute et disponible. Vous assurez&nbsp;: \u2013 les soins du visage et du corps \u2013 les \u00e9pilations \u2013 les manucures et beaut\u00e9s des pieds \u2013 la pose de semi-permanent (french et couleur) \u2013 rallongement d\u2019ongles technique chablons et\/ou capsules \u2014 les maquillages.<br \/>24h hebdo \u2013 d\u00e9butant accept\u00e9 \u2013 salaire horaire de 10.48 euros<br \/>Si cette offre vous int\u00e9resse, rendez-vous sur pole-emploi.fr, muni du num\u00e9ro de l\u2019offre&nbsp;: 121hpft afin d\u2019adresser votre candidature.<br \/>                     <strong>CDD 12 mois \u2013 Arras<\/strong>                 <br \/>Vous avez pour mission le maintien \u00e0 domicile des personnes \u00e2g\u00e9es&nbsp;: \u2013 Aide au lever et au coucher \u2013 Aide \u00e0 la toilette et \u00e0 l\u2019habillage \u2013 Courses, pr\u00e9paration et aide \u00e0 la prise de repas \u2013 Entretien du linge et du cadre de vie \/ m\u00e9nage \u2013 Accompagnement (promenades, culture, loisirs, rendez-vous m\u00e9dicaux). Temps de travail&nbsp;: 151,67 H \/ mois dont 100 H chez le m\u00eame b\u00e9n\u00e9ficiaire. Possibilit\u00e9 de faire des gardes de nuit. Possibilit\u00e9 de travail \u00e0 temps partiel.<br \/>D\u00e9butant\/e accept\u00e9\/e si dipl\u00f4m\u00e9\/e.<br \/>Si cette offre vous int\u00e9resse, rendez-vous sur pole-emploi.fr, muni du num\u00e9ro de l\u2019offre&nbsp;: 123wwjy afin d\u2019adresser votre candidature.<br \/>+ offre d\u2019emploi num\u00e9ro 119shst&nbsp;: 35h hebdo \u2013 3 ans d\u2019exp\u00e9rience<br \/>                     <strong>CDD 4 mois \u2013 St Catherine<\/strong>                 <br \/>Plac\u00e9 sous l\u2019autorit\u00e9 d\u2019un cadre de direction, Chef de service \u00e9ducatif&nbsp;: \u2013 Il accompagne l\u2019enfant, seul ou en fratrie, au sein de la cellule familiale et propose au(x) parent(s) une guidance parentale&nbsp;: \u00c9coute, information, conseil et soutien\u2026 \u2013 Il s\u2019engage dans la relation et le travail aupr\u00e8s des enfants et des adolescents au domicile et hors du domicile en individuel et en collectif. \u2013 Il s\u2019implique dans les rapports avec les membres de la famille qu\u2019il accompagne au domicile et hors du domicile en individuel et en collectif. \u2013 Il fait preuve de professionnalisme, de rigueur et agit en collaboration avec les diff\u00e9rents membres de l\u2019\u00e9quipe pluridisciplinaire. \u2013 Il \u00e9labore et conduit la mise en \u0153uvre des projets personnalis\u00e9s. \u2013 Il participe \u00e0 l\u2019identification et \u00e0 l\u2019animation des r\u00e9seaux \u00ab&nbsp;Partenaires \u2013 Territoires&nbsp;\u00bb. \u2013 Lieu de travail&nbsp;: Ste Catherine ou Oignies (Service Turquoise) <br \/>Nature du contrat&nbsp;: CDD jusque mars 2022 (possibilit\u00e9 de renouvellement) \u2013 D\u00e9but du contrat&nbsp;: D\u00e8s que possible \u2013 Exp\u00e9rience&nbsp;: milieu ouvert ou dans la protection de l\u2019enfance<br \/>Si cette offre vous int\u00e9resse, rendez-vous sur pole-emploi.fr, muni du num\u00e9ro de l\u2019offre&nbsp;: 123shtn afin d\u2019adresser votre candidature.<br \/>                     <strong>CDI \u2013 Arras<\/strong>                 <br \/>Le Charg\u00e9 d\u2019op\u00e9rations (H\/F) \u00e9tudie les conditions techniques et financi\u00e8res de r\u00e9alisation des op\u00e9rations afin d\u2019en garantir la faisabilit\u00e9. Il assure, dans le cadre de la strat\u00e9gie patrimoniale de Pas-de-Calais habitat, le pilotage et la livraison des op\u00e9rations d\u2019investissement, d\u2019entretien, de r\u00e9habilitation ou de d\u00e9molition du patrimoine. \u00c9tudes de faisabilit\u00e9 \u2013 Montage des op\u00e9rations \u2013 Suivi des projets \u2013 R\u00e9ception des travaux \u2013 R\u00e9trocessions. De formation bac +5 en b\u00e2timent, g\u00e9nie civil, immobilier ou \u00e9quivalence professionnelle, avec des exp\u00e9riences r\u00e9ussies en conception, conduite de travaux ou gestion de programmes, vous poss\u00e9dez de bonnes bases techniques dans le domaine du b\u00e2timent, \u2013 De solides connaissances en droit de l\u2019urbanisme et de la construction ainsi que des proc\u00e9dures de passation des march\u00e9s. \u2013 \u00catre disponible, autonome et organis\u00e9, vous avez un fort sens des responsabilit\u00e9s. Permis B obligatoire, d\u00e9placements \u00e0 pr\u00e9voir.<br \/>2 ans d\u2019exp\u00e9rience \u2013 35h hebdo \u2013 BAC+5 g\u00e9nie civil<br \/>Si cette offre vous int\u00e9resse, rendez-vous sur pole-emploi.fr, muni du num\u00e9ro de l\u2019offre&nbsp;: 122gkvx afin d\u2019adresser votre candidature.<br \/>                     <strong>CDD 4 mois \u2013 Calais<\/strong>                 <br \/>Missions&nbsp;: \u2013 Accueillir, \u00e9valuer et diagnostiquer \u2013 Formuler un plan d\u2019action \u2013 Animer des groupes de participants \u2013 R\u00e9aliser des entretiens individuels m\u00e9thodiques et adapt\u00e9s avec les participants \u2013 Faire les d\u00e9marches avec la personne en fonction du besoin et de son degr\u00e9 d\u2019autonomie \u2013 Exercer un r\u00f4le de m\u00e9diation avec les partenaires \u2013 Conseiller sur le volet formation et emploi \u2013 Assurer le suivi administratif.<br \/>1 an d\u2019exp\u00e9rience \u2013 35h hebdo \u2013 BAC+3, +4 assistant de service social ou m\u00e9diateur familial \u2013 salaire mensuel de 2024 euros<br \/>Si cette offre vous int\u00e9resse, rendez-vous sur pole-emploi.fr, muni du num\u00e9ro de l\u2019offre&nbsp;: 124bjrd afin d\u2019adresser votre candidature.<br \/>                     <strong>CDI \u2013 Calais<\/strong>                 <br \/>Des perspectives de carri\u00e8re, une r\u00e9mun\u00e9ration attractive bas\u00e9e sur vos performances, un cadre de travail convivial\u2026 Rejoignez nos \u00e9quipes commerciales&nbsp;! \u00c0 l\u2019issue d\u2019une solide formation vous serez en charge de la fid\u00e9lisation client, de la vente directe de produits et services dans diff\u00e9rents secteurs d\u2019activit\u00e9, de nombreuses possibilit\u00e9s d\u2019\u00e9volution interne. Votre mission&nbsp;: Vous accompagnez vos clients par t\u00e9l\u00e9phone et les fid\u00e9lisez en leur proposant des services adapt\u00e9s. Vous avez le profil&nbsp;? Vous aimez communiquer, avez le sens du service, aimez le travail en \u00e9quipe, les challenges, l\u2019esprit d\u2019analyse, capacit\u00e9 d\u2019assimilation et d\u2019adaptation, une aisance informatique. Covid-19&nbsp;: Respect des gestes barri\u00e8res, distanciation.<br \/>D\u00e9butant accept\u00e9 \u2013 35h hebdo \u2013 salaire horaire de 10.48 euros<br \/>Si cette offre vous int\u00e9resse, rendez-vous sur pole-emploi.fr, muni du num\u00e9ro de l\u2019offre&nbsp;: 123yhjp afin d\u2019adresser votre candidature.<br \/>                     <strong>CDD 5 mois \u2013 Calais<\/strong>                 <br \/>Au sein d\u2019une plateforme de recrutement en lien avec les entreprises, vos missions sont les suivantes&nbsp;: \u2013 Assurer l\u2019interface et travailler en partenariat entre les diff\u00e9rents acteurs du projet&nbsp;: entreprises, acteurs de l\u2019emploi et de la formation, institutionnels \u2013 R\u00e9diger des fiches d\u2019offre d\u2019emploi. \u2013 Assurer le sourcing et la pr\u00e9s\u00e9lection de candidats&nbsp;: conduite d\u2019entretiens t\u00e9l\u00e9phoniques et physiques, validation et mise en relation avec les entreprises. \u2013 Suivre et mettre \u00e0 jour des tableaux de bord, reporting d\u2019activit\u00e9s, utilisation courante du syst\u00e8me d\u2019information. \u2013 Prospection des entreprises et entretenir les relations entreprises \u2013 Organiser et assurer la logistique et le suivi des \u00e9v\u00e9nements organis\u00e9s autour de l\u2019emploi \u2013 Gestion, et animation du recrutement sur les r\u00e9seaux sociaux (Facebook, Linkedin).<br \/>2 ans d\u2019exp\u00e9rience \u2013 BAC+3, +4 RH \u2013 35h hebdo \u2013 salaire mensuel de 1800 euros<br \/>Si cette offre vous int\u00e9resse, rendez-vous sur pole-emploi.fr, muni du num\u00e9ro de l\u2019offre&nbsp;: 123rmnl afin d\u2019adresser votre candidature.<br \/>                     <strong>CDI \u2013 Tourcoing<\/strong>                 <br \/>Directement rattach\u00e9 au Responsable d\u2019Agence, vous \u00eates en charge de la gestion des achats, des approvisionnements et du suivi des prestations de services g\u00e9n\u00e9raux. En tant qu\u2019interlocuteur privil\u00e9gi\u00e9 des fournisseurs de l\u2019agence, vous&nbsp;: \u2013 G\u00e9rez les achats de mati\u00e8res en CVC, en appliquant les accords-cadres nationaux et en optimisant les co\u00fbts (n\u00e9gociation des prix), \u2013 Commandez puis r\u00e9ceptionnez physiquement les marchandises ou organisez leur r\u00e9ception sur le chantier, \u2013 Pr\u00e9parez l\u2019\u00e9ch\u00e9ance fournisseurs mensuelle en contr\u00f4lant les factures re\u00e7ues, \u2013 Appliquez la proc\u00e9dure interne en mati\u00e8re de sous-traitance (recherche et s\u00e9lection de prestataires adapt\u00e9s aux travaux \u00e0 confier, r\u00e9ception et validation des documents administratifs obligatoires), \u2013 Assurez le suivi de l\u2019outillage individuel et commun, du parc v\u00e9hicules de l\u2019agence ainsi que l\u2019attribution des v\u00eatements de travail. Vous avez un v\u00e9ritable r\u00f4le d\u2019animation de la politique Achats de l\u2019entreprise au sein de l\u2019agence. Vous veillez \u00e0 agir et faire agir dans le respect des r\u00e8gles d\u2019hygi\u00e8ne et de s\u00e9curit\u00e9. De formation dans le domaine logistique, des achats ou autodidacte exp\u00e9riment\u00e9, vous justifiez d\u2019une exp\u00e9rience similaire.<br \/>D\u00e9butant accept\u00e9 \u2013 35h hebdo \u2013 salaire horaire de 10.48 euros \u00e0 n\u00e9gocier<br \/>Si cette offre vous int\u00e9resse, rendez-vous sur pole-emploi.fr, muni du num\u00e9ro de l\u2019offre&nbsp;: 124cjxf afin d\u2019adresser votre candidature.<br \/>                     <strong>CDD 3 mois \u2013 Bailleul<\/strong>                 <br \/>Dans le cadre d\u2019un remplacement, AVENIR CONSEIL \u00c9LEVAGE recherche un(e) Agent de pes\u00e9e, en CDD \u00e0 temps partiel 80-90 h\/ mois, sur le secteur d\u2019Hazebrouck \u2013 Bailleul. Missions&nbsp;: Vous collectez des \u00e9chantillons de lait pendant la traite des vaches le matin et le soir, chez les adh\u00e9rents avec le mat\u00e9riel fourni par ACE et validez les donn\u00e9es relev\u00e9es (quantit\u00e9 de lait produit) sur la tablette de saisie. Vous travaillez du lundi soir au samedi matin, environ 2h le matin et 2h le soir sur une amplitude horaire de 6h \u00e0 10h et de 16h30 \u00e0 20h30. Vous avez des Connaissances en informatique. Une exp\u00e9rience en \u00e9levage serait un plus. Formation interne assur\u00e9e. Vous \u00eates v\u00e9hicul\u00e9.<br \/>6 mois d\u2019exp\u00e9rience \u2013 20h hebdo \u2013 salaire horaire de 10.50 euros<br \/>Si cette offre vous int\u00e9resse, rendez-vous sur pole-emploi.fr, muni du num\u00e9ro de l\u2019offre&nbsp;: 123qcrb afin d\u2019adresser votre candidature.<br \/>                     <strong>CDI \u2013 Maubeuge<\/strong>                 <br \/>Au sein d\u2019un coll\u00e8ge vous aurez pour mission la pr\u00e9paration des repas (plats chauds et froids en cuisine traditionnelle) dans le respect des normes d\u2019hygi\u00e8ne et de s\u00e9curit\u00e9. Vous effectuerez un contr\u00f4le qualit\u00e9 r\u00e9gulier des plats et serez garant(e) de l\u2019entretien et du nettoyage du poste de travail, des ustensiles, des \u00e9quipements de la cuisine.<br \/>6 mois d\u2019exp\u00e9rience \u2013 CAP ou BEP cuisine \u2013 35h hebdo \u2013 salaire mensuel de 1589 euros<br \/>Si cette offre vous int\u00e9resse, rendez-vous sur pole-emploi.fr, muni du num\u00e9ro de l\u2019offre&nbsp;: 123wjpp afin d\u2019adresser votre candidature.<br \/><!-- field printed from field.tpl.php --> \t<span class=\"gr-foretitle\">Crise migratoire<\/span> <!-- \/ field -->\t  <!-- field printed from field.tpl.php --> \t<time class=\"\" datetime=\"2021-11-29T20:39:33\" ><span class=\"gr-prefix\">Publi\u00e9 le <\/span>29\/11\/2021<\/time><!-- \/ field -->\t  <br \/>L\u2019avion survolera la C\u00f4te d\u2019Opale \u00e0 partir de ce mercredi<br \/><!-- field printed from field.tpl.php --> \t<span class=\"gr-foretitle\">M\u00e9t\u00e9o<\/span> <!-- \/ field -->\t  <!-- field printed from field.tpl.php --> \t<time class=\"\" datetime=\"2021-11-29T18:42:44\" ><span class=\"gr-prefix\">Publi\u00e9 le <\/span>29\/11\/2021<\/time><!-- \/ field -->\t  <br \/>Un niveau jamais vu depuis un quart de si\u00e8cle.<br \/><!-- field printed from field.tpl.php --> \t<span class=\"gr-foretitle\">\u00c9pid\u00e9mie<\/span> <!-- \/ field -->\t  <!-- field printed from field.tpl.php --> \t<time class=\"\" datetime=\"2021-11-29T17:52:39\" ><span class=\"gr-prefix\">Publi\u00e9 le <\/span>29\/11\/2021<\/time><!-- \/ field -->\t  <br \/>Le pass sanitaire ne s\u2019appliquera finalement qu\u2019\u00e0 partir de 12 ans et 2 mois<br \/><!-- field printed from field.tpl.php --> \t<span class=\"gr-foretitle\">\u00c9pid\u00e9mie<\/span> <!-- \/ field -->\t  <!-- field printed from field.tpl.php --> \t<time class=\"\" datetime=\"2021-11-29T17:44:45\" ><span class=\"gr-prefix\">Publi\u00e9 le <\/span>29\/11\/2021<\/time><!-- \/ field -->\t  <br \/>Il existe trois fa\u00e7ons de r\u00e9cup\u00e9rer son pass sanitaire<br \/><!-- field printed from field.tpl.php --> \t<span class=\"gr-foretitle\">Sant\u00e9<\/span> <!-- \/ field -->\t  <!-- field printed from field.tpl.php --> \t<time class=\"\" datetime=\"2021-11-29T17:30:48\" ><span class=\"gr-prefix\">Publi\u00e9 le <\/span>29\/11\/2021<\/time><!-- \/ field -->\t  <br \/>Les rendez-vous sont \u00e0 prendre sur Doctolib<br \/><!-- field printed from field.tpl.php --> \t<span class=\"gr-foretitle\">\u00c9pid\u00e9mie<\/span> <!-- \/ field -->\t  <!-- field printed from field.tpl.php --> \t<time class=\"\" datetime=\"2021-11-29T17:24:44\" ><span class=\"gr-prefix\">Publi\u00e9 le <\/span>29\/11\/2021<\/time><!-- \/ field -->\t  <br \/>D\u00e9tect\u00e9 pour la premi\u00e8re fois le 25 novembre en Afrique du Sud, le variant Omicron met en alerte la majorit\u00e9 des pays<br \/><!-- field printed from field.tpl.php --> \t<span class=\"gr-foretitle\">Commerce<\/span> <!-- \/ field -->\t  <!-- field printed from field.tpl.php --> \t<time class=\"\" datetime=\"2021-11-29T16:48:05\" ><span class=\"gr-prefix\">Publi\u00e9 le <\/span>29\/11\/2021<\/time><!-- \/ field -->\t  <br \/>Les moteurs de recherche ont retir\u00e9 le site d\u2019e-commerce am\u00e9ricain Wish<br \/><!-- field printed from field.tpl.php --> \t<span class=\"gr-foretitle\">Gastronomie<\/span> <!-- \/ field -->\t  <!-- field printed from field.tpl.php --> \t<time class=\"\" datetime=\"2021-11-29T15:53:32\" ><span class=\"gr-prefix\">Publi\u00e9 le <\/span>29\/11\/2021<\/time><!-- \/ field -->\t  <br \/>\u00c7a y est, on a la date d\u2019ouverture!<br \/><!-- field printed from field.tpl.php --> \t<span class=\"gr-foretitle\">Soci\u00e9t\u00e9<\/span> <!-- \/ field -->\t  <!-- field printed from field.tpl.php --> \t<time class=\"\" datetime=\"2021-11-29T15:41:15\" ><span class=\"gr-prefix\">Publi\u00e9 le <\/span>29\/11\/2021<\/time><!-- \/ field -->\t  <br \/>Certaines femmes ont d\u00e9nonc\u00e9 le manque d&rsquo;informations.<br \/><!-- field printed from field.tpl.php --> \t<span class=\"gr-foretitle\">Inondations<\/span> <!-- \/ field -->\t  <!-- field printed from field.tpl.php --> \t<time class=\"\" datetime=\"2021-11-29T15:38:15\" ><span class=\"gr-prefix\">Publi\u00e9 le <\/span>29\/11\/2021<\/time><!-- \/ field -->\t  <br \/>Digues, \u00e9cluse et pompes n\u2019ont pas suffi \u00e0 prot\u00e9ger la propri\u00e9t\u00e9<br \/><!-- field printed from field.tpl.php --> \t<span class=\"gr-foretitle\">\u00c9pid\u00e9mie<\/span> <!-- \/ field -->\t  <!-- field printed from field.tpl.php --> \t<time class=\"\" datetime=\"2021-11-29T15:35:19\" ><span class=\"gr-prefix\">Publi\u00e9 le <\/span>29\/11\/2021<\/time><!-- \/ field -->\t  <br \/>Attention si vous vous rendez en Belgique<br \/><!-- field printed from field.tpl.php --> \t<span class=\"gr-foretitle\">Sport<\/span> <!-- \/ field -->\t  <!-- field printed from field.tpl.php --> \t<time class=\"\" datetime=\"2021-11-29T14:59:23\" ><span class=\"gr-prefix\">Publi\u00e9 le <\/span>29\/11\/2021<\/time><!-- \/ field -->\t  <br \/>Championne en titre, l\u2019\u00e9quipe du Pas-de-Calais s\u2019est inclin\u00e9e en finale face \u00e0 la Gironde.<br \/><!-- field printed from field.tpl.php --> \t<span class=\"gr-foretitle\">Faits divers<\/span> <!-- \/ field -->\t  <!-- field printed from field.tpl.php --> \t<time class=\"\" datetime=\"2021-11-29T14:27:40\" ><span class=\"gr-prefix\">Publi\u00e9 le <\/span>29\/11\/2021<\/time><!-- \/ field -->\t  <br \/>Une histoire qui se finit bien<br \/><!-- field printed from field.tpl.php --> \t<span class=\"gr-foretitle\">Stationnement<\/span> <!-- \/ field -->\t  <!-- field printed from field.tpl.php --> \t<time class=\"\" datetime=\"2021-11-29T13:32:44\" ><span class=\"gr-prefix\">Publi\u00e9 le <\/span>29\/11\/2021<\/time><!-- \/ field -->\t  <br \/>Il faut dire que la pol\u00e9mique enflait<br \/><!-- field printed from field.tpl.php --> \t<span class=\"gr-foretitle\">Emploi<\/span> <!-- \/ field -->\t  <!-- field printed from field.tpl.php --> \t<time class=\"\" datetime=\"2021-11-29T13:17:06\" ><span class=\"gr-prefix\">Publi\u00e9 le <\/span>29\/11\/2021<\/time><!-- \/ field -->\t  <br \/>Sur les 12 offres de cette semaine, 5 sont en CDI<br \/><!-- field printed from field.tpl.php --> \t<span class=\"gr-foretitle\">Intemp\u00e9ries<\/span> <!-- \/ field -->\t  <!-- field printed from field.tpl.php --> \t<time class=\"\" datetime=\"2021-11-29T13:09:38\" ><span class=\"gr-prefix\">Publi\u00e9 le <\/span>29\/11\/2021<\/time><!-- \/ field -->\t  <br \/>Les op\u00e9rations de pompage s\u2019annoncent compliqu\u00e9es<br \/><!-- field printed from field.tpl.php --> \t<span class=\"gr-foretitle\">\u00c9pid\u00e9mie<\/span> <!-- \/ field -->\t  <!-- field printed from field.tpl.php --> \t<time class=\"\" datetime=\"2021-11-29T11:40:22\" ><span class=\"gr-prefix\">Publi\u00e9 le <\/span>29\/11\/2021<\/time><!-- \/ field -->\t  <br \/>Voici les dates cl\u00e9s \u00e0 retenir<br \/><!-- field printed from field.tpl.php --> \t<span class=\"gr-foretitle\">Faits divers<\/span> <!-- \/ field -->\t  <!-- field printed from field.tpl.php --> \t<time class=\"\" datetime=\"2021-11-29T11:25:31\" ><span class=\"gr-prefix\">Publi\u00e9 le <\/span>29\/11\/2021<\/time><!-- \/ field -->\t  <br \/>Pour faire un cocktail?<br \/><!-- field printed from field.tpl.php --> \t<span class=\"gr-foretitle\">Intemp\u00e9ries<\/span> <!-- \/ field -->\t  <!-- field printed from field.tpl.php --> \t<time class=\"\" datetime=\"2021-11-29T11:16:26\" ><span class=\"gr-prefix\">Publi\u00e9 le <\/span>29\/11\/2021<\/time><!-- \/ field -->\t  <br \/>Les agents de la voirie d\u00e9partementale sont sur le pont pour assurer leur r\u00e9ouverture dans les meilleurs d\u00e9lais<br \/><!-- field printed from field.tpl.php --> \t<span class=\"gr-foretitle\">Inondations<\/span> <!-- \/ field -->\t  <!-- field printed from field.tpl.php --> \t<time class=\"\" datetime=\"2021-11-29T10:46:56\" ><span class=\"gr-prefix\">Publi\u00e9 le <\/span>29\/11\/2021<\/time><!-- \/ field -->\t  <br \/>On s\u2019oriente vers une accalmie. On fait le point<br \/><!-- field printed from field.tpl.php --> \t<span class=\"gr-foretitle\">\u00c9pid\u00e9mie<\/span> <!-- \/ field -->\t  <!-- field printed from field.tpl.php --> \t<time class=\"\" datetime=\"2021-11-29T10:28:45\" ><span class=\"gr-prefix\">Publi\u00e9 le <\/span>29\/11\/2021<\/time><!-- \/ field -->\t  <br \/>Le pass sanitaire d\u2019Emmanuel et Brigitte Macron est donc toujours valide\u2026<br \/><!-- field printed from field.tpl.php --> \t<span class=\"gr-foretitle\">Sant\u00e9<\/span> <!-- \/ field -->\t  <!-- field printed from field.tpl.php --> \t<time class=\"\" datetime=\"2021-11-29T10:18:00\" ><span class=\"gr-prefix\">Publi\u00e9 le <\/span>29\/11\/2021<\/time><!-- \/ field -->\t  <br \/>Un usage ponctuel est pr\u00e9f\u00e9rable<br \/><!-- field printed from field.tpl.php --> \t<span class=\"gr-foretitle\">Intemp\u00e9ries<\/span> <!-- \/ field -->\t  <!-- field printed from field.tpl.php --> \t<time class=\"\" datetime=\"2021-11-29T10:03:29\" ><span class=\"gr-prefix\">Publi\u00e9 le <\/span>29\/11\/2021<\/time><!-- \/ field -->\t  <br \/>L\u2019attention se porte d\u00e9sormais sur la Lys<br \/><!-- field printed from field.tpl.php --> \t<span class=\"gr-foretitle\">\u00c9v\u00e9nement<\/span> <!-- \/ field -->\t  <!-- field printed from field.tpl.php --> \t<time class=\"\" datetime=\"2021-11-29T08:48:36\" ><span class=\"gr-prefix\">Publi\u00e9 le <\/span>29\/11\/2021<\/time><!-- \/ field -->\t  <br \/>La saison est lanc\u00e9e !<br \/><!-- field printed from field.tpl.php --> \t<span class=\"gr-foretitle\">Transports<\/span> <!-- \/ field -->\t  <!-- field printed from field.tpl.php --> \t<time class=\"\" datetime=\"2021-11-28T22:00:00\" ><span class=\"gr-prefix\">Publi\u00e9 le <\/span>28\/11\/2021<\/time><!-- \/ field -->\t  <br \/>En raison des inondations qui touchent le secteur de la Flandre<br \/><!-- field printed from field.tpl.php --> \t<span class=\"gr-foretitle\">Intemp\u00e9ries<\/span> <!-- \/ field -->\t  <!-- field printed from field.tpl.php --> \t<time class=\"\" datetime=\"2021-11-28T18:22:45\" ><span class=\"gr-prefix\">Publi\u00e9 le <\/span>28\/11\/2021<\/time><!-- \/ field -->\t  <br \/>De gros moyens ont \u00e9t\u00e9 d\u00e9ploy\u00e9s par le Sdis 59<br \/><!-- field printed from field.tpl.php --> \t<span class=\"gr-foretitle\">Innovation<\/span> <!-- \/ field -->\t  <!-- field printed from field.tpl.php --> \t<time class=\"\" datetime=\"2021-11-28T17:20:37\" ><span class=\"gr-prefix\">Publi\u00e9 le <\/span>28\/11\/2021<\/time><!-- \/ field -->\t  <br \/>Rencontre avec des utilisateurs qui chantent les louanges de ce type de v\u00e9hicule<br \/><!-- field printed from field.tpl.php --> \t<span class=\"gr-foretitle\">Patrimoine<\/span> <!-- \/ field -->\t  <!-- field printed from field.tpl.php --> \t<time class=\"\" datetime=\"2021-11-28T16:55:00\" ><span class=\"gr-prefix\">Publi\u00e9 le <\/span>28\/11\/2021<\/time><!-- \/ field -->\t  <br \/>Les orgues de Steenbecque datent de 1858.<br \/><!-- field printed from field.tpl.php --> \t<span class=\"gr-foretitle\">M\u00e9t\u00e9o<\/span> <!-- \/ field -->\t  <!-- field printed from field.tpl.php --> \t<time class=\"\" datetime=\"2021-11-28T15:46:04\" ><span class=\"gr-prefix\">Publi\u00e9 le <\/span>28\/11\/2021<\/time><!-- \/ field -->\t  <br \/>La municipalit\u00e9 a d\u00e9clench\u00e9 son plan de sauvegarde communal<br \/><!-- field printed from field.tpl.php --> \t<span class=\"gr-foretitle\">Intemp\u00e9ries<\/span> <!-- \/ field -->\t  <!-- field printed from field.tpl.php --> \t<time class=\"\" datetime=\"2021-11-28T15:35:00\" ><span class=\"gr-prefix\">Publi\u00e9 le <\/span>28\/11\/2021<\/time><!-- \/ field -->\t  <br \/>Suite \u00e0 la crue de la Laquette<br \/><!-- field printed from field.tpl.php --> \t<span class=\"gr-foretitle\">Politique<\/span> <!-- \/ field -->\t  <!-- field printed from field.tpl.php --> \t<time class=\"\" datetime=\"2021-11-28T15:24:58\" ><span class=\"gr-prefix\">Publi\u00e9 le <\/span>28\/11\/2021<\/time><!-- \/ field -->\t  <br \/>C\u2019est la troisi\u00e8me visite de Darmanin en moins de deux mois<br \/><!-- field printed from field.tpl.php --> \t<span class=\"gr-foretitle\">Intemp\u00e9ries<\/span> <!-- \/ field -->\t  <!-- field printed from field.tpl.php --> \t<time class=\"\" datetime=\"2021-11-28T15:12:17\" ><span class=\"gr-prefix\">Publi\u00e9 le <\/span>28\/11\/2021<\/time><!-- \/ field -->\t  <br \/>On a rarement vu \u00e7a dans le village de Flandre<br \/><!-- field printed from field.tpl.php --> \t<span class=\"gr-foretitle\">Intemp\u00e9ries<\/span> <!-- \/ field -->\t  <!-- field printed from field.tpl.php --> \t<time class=\"\" datetime=\"2021-11-28T15:08:46\" ><span class=\"gr-prefix\">Publi\u00e9 le <\/span>28\/11\/2021<\/time><!-- \/ field -->\t  <br \/>Le bassin de r\u00e9tention voisin en construction est totalement rempli<br \/><!-- field printed from field.tpl.php --> \t<span class=\"gr-foretitle\">Faits divers<\/span> <!-- \/ field -->\t  <!-- field printed from field.tpl.php --> \t<time class=\"\" datetime=\"2021-11-28T13:58:39\" ><span class=\"gr-prefix\">Publi\u00e9 le <\/span>28\/11\/2021<\/time><!-- \/ field -->\t  <br \/>Le pronostic vital \u00e9tait engag\u00e9 au moment de son transport au CHAM<br \/><!-- field printed from field.tpl.php --> \t<span class=\"gr-foretitle\">Faits divers<\/span> <!-- \/ field -->\t  <!-- field printed from field.tpl.php --> \t<time class=\"\" datetime=\"2021-11-28T13:33:34\" ><span class=\"gr-prefix\">Publi\u00e9 le <\/span>28\/11\/2021<\/time><!-- \/ field -->\t  <br \/>L\u2019accident s\u2019est produit sur la route entre Marconne et Saint-Georges<br \/><!-- field printed from field.tpl.php --> \t<span class=\"gr-foretitle\">M\u00e9t\u00e9o<\/span> <!-- \/ field -->\t  <!-- field printed from field.tpl.php --> \t<time class=\"\" datetime=\"2021-11-28T12:33:04\" ><span class=\"gr-prefix\">Publi\u00e9 le <\/span>28\/11\/2021<\/time><!-- \/ field -->\t  <br \/>Des habitants d\u2019Esquelbecq ont \u00e9t\u00e9 \u00e9vacu\u00e9s<br \/><!-- field printed from field.tpl.php --> \t<span class=\"gr-foretitle\">Patrimoine<\/span> <!-- \/ field -->\t  <!-- field printed from field.tpl.php --> \t<time class=\"\" datetime=\"2021-11-28T11:45:44\" ><span class=\"gr-prefix\">Publi\u00e9 le <\/span>28\/11\/2021<\/time><!-- \/ field -->\t  <br \/>Ce n\u2019est pas parce qu\u2019elle n\u2019est pas class\u00e9e ou que St\u00e9phane Bern n\u2019est pas l\u00e0, qu\u2019elle ne m\u00e9rite pas d\u2019attention<br \/><!-- field printed from field.tpl.php --> \t<span class=\"gr-foretitle\">Vigilance<\/span> <!-- \/ field -->\t  <!-- field printed from field.tpl.php --> \t<time class=\"\" datetime=\"2021-11-28T11:16:07\" ><span class=\"gr-prefix\">Publi\u00e9 le <\/span>28\/11\/2021<\/time><!-- \/ field -->\t  <br \/>Des communes de Flandre touch\u00e9es par les inondations<br \/><!-- field printed from field.tpl.php --> \t<span class=\"gr-foretitle\">Festivit\u00e9s<\/span> <!-- \/ field -->\t  <!-- field printed from field.tpl.php --> \t<time class=\"\" datetime=\"2021-11-28T10:28:28\" ><span class=\"gr-prefix\">Publi\u00e9 le <\/span>28\/11\/2021<\/time><!-- \/ field -->\t  <br \/>C\u2019est parti pour cinq semaines d\u2019\u00e9merveillement \u00e0 B\u00e9thune<br \/><!-- field printed from field.tpl.php --> \t<span class=\"gr-foretitle\">Migrants<\/span> <!-- \/ field -->\t  <!-- field printed from field.tpl.php --> \t<time class=\"\" datetime=\"2021-11-28T10:08:33\" ><span class=\"gr-prefix\">Publi\u00e9 le <\/span>28\/11\/2021<\/time><!-- \/ field -->\t  <br \/>Les Anglais ne participeront pas aux \u00e9changes&#8230;<br \/><!-- field printed from field.tpl.php --> \t<span class=\"gr-foretitle\">Agression<\/span> <!-- \/ field -->\t  <!-- field printed from field.tpl.php --> \t<time class=\"\" datetime=\"2021-11-28T10:01:00\" ><span class=\"gr-prefix\">Publi\u00e9 le <\/span>28\/11\/2021<\/time><!-- \/ field -->\t  <br \/>L\u2019altercation avec un supporter de Longuenesse a eu lieu apr\u00e8s la rencontre<br \/><!-- field printed from field.tpl.php --> \t<span class=\"gr-foretitle\">\u00c9v\u00e9nement<\/span> <!-- \/ field -->\t  <!-- field printed from field.tpl.php --> \t<time class=\"\" datetime=\"2021-11-27T19:50:44\" ><span class=\"gr-prefix\">Publi\u00e9 le <\/span>27\/11\/2021<\/time><!-- \/ field -->\t  <br \/>Apr\u00e8s l\u2019\u00e9limintation en coupe de France, le CRfc6 se focalise sur la mont\u00e9e en R\u00e9gionale 2<br \/><!-- field printed from field.tpl.php --> \t<span class=\"gr-foretitle\">Chantier<\/span> <!-- \/ field -->\t  <!-- field printed from field.tpl.php --> \t<time class=\"\" datetime=\"2021-11-27T17:55:19\" ><span class=\"gr-prefix\">Publi\u00e9 le <\/span>27\/11\/2021<\/time><!-- \/ field -->\t  <br \/>Retour en images sur ce chantier spectaculaire<br \/><!-- field printed from field.tpl.php --> \t<span class=\"gr-foretitle\">Sport<\/span> <!-- \/ field -->\t  <!-- field printed from field.tpl.php --> \t<time class=\"\" datetime=\"2021-11-27T16:51:08\" ><span class=\"gr-prefix\">Publi\u00e9 le <\/span>27\/11\/2021<\/time><!-- \/ field -->\t  <br \/>Les Calonnois sont les premiers \u00e0 marquer un but<br \/><!-- field printed from field.tpl.php --> \t<span class=\"gr-foretitle\">Sant\u00e9<\/span> <!-- \/ field -->\t  <!-- field printed from field.tpl.php --> \t<time class=\"\" datetime=\"2021-11-27T13:55:00\" ><span class=\"gr-prefix\">Publi\u00e9 le <\/span>27\/11\/2021<\/time><!-- \/ field -->\t  <br \/>\u00abOn ne trouve plus suffisamment d\u2019infirmi\u00e8res\u00bb, cible le directeur de l\u2019h\u00f4pital, pr\u00eat \u00e0 accueillir ces dipl\u00f4m\u00e9s.<\/p>\n<p><a href=\"https:\/\/www.nordlittoral.fr\/130999\/article\/2021-11-29\/les-offres-d-emploi-de-la-semaine-du-29-novembre-dans-le-nord-et-le-pas-de\">source<\/a><\/p>\n<!--CusAds0-->\n<div style=\"font-size: 0px; height: 0px; line-height: 0px; margin: 0; padding: 0; clear: both;\"><\/div>","protected":false},"excerpt":{"rendered":"<p>Emploi Chaque semaine, P\u00f4le emploi publie des offres d\u2019emploi dans le Nord et Pas-de-Calais. D\u00e9couvrez les offres de la semaine du 29 novembre.Par Nord Littoral | Publi\u00e9 le 29\/11\/2021 De Calais \u00e0 Arras, en passant par Tourcoing, Bailleul et Maubeuge, en CDD ou en CDI, voici les offres d\u2019emploi de P\u00f4le emploi de la semaine. [&hellip;]<\/p>\n","protected":false},"author":1,"featured_media":0,"comment_status":"open","ping_status":"open","sticky":false,"template":"","format":"standard","meta":{"googlesitekit_rrm_CAow1sXXCw:productID":"","_jetpack_memberships_contains_paid_content":false,"footnotes":"","jetpack_publicize_message":"","jetpack_publicize_feature_enabled":true,"jetpack_social_post_already_shared":false,"jetpack_social_options":{"image_generator_settings":{"template":"highway","default_image_id":0,"font":"","enabled":false},"version":2}},"categories":[1],"tags":[],"class_list":["post-1981","post","type-post","status-publish","format-standard","hentry","category-non-classe"],"jetpack_publicize_connections":[],"jetpack_featured_media_url":"","jetpack_sharing_enabled":true,"_links":{"self":[{"href":"https:\/\/monblogeur.tech\/index.php\/wp-json\/wp\/v2\/posts\/1981","targetHints":{"allow":["GET"]}}],"collection":[{"href":"https:\/\/monblogeur.tech\/index.php\/wp-json\/wp\/v2\/posts"}],"about":[{"href":"https:\/\/monblogeur.tech\/index.php\/wp-json\/wp\/v2\/types\/post"}],"author":[{"embeddable":true,"href":"https:\/\/monblogeur.tech\/index.php\/wp-json\/wp\/v2\/users\/1"}],"replies":[{"embeddable":true,"href":"https:\/\/monblogeur.tech\/index.php\/wp-json\/wp\/v2\/comments?post=1981"}],"version-history":[{"count":0,"href":"https:\/\/monblogeur.tech\/index.php\/wp-json\/wp\/v2\/posts\/1981\/revisions"}],"wp:attachment":[{"href":"https:\/\/monblogeur.tech\/index.php\/wp-json\/wp\/v2\/media?parent=1981"}],"wp:term":[{"taxonomy":"category","embeddable":true,"href":"https:\/\/monblogeur.tech\/index.php\/wp-json\/wp\/v2\/categories?post=1981"},{"taxonomy":"post_tag","embeddable":true,"href":"https:\/\/monblogeur.tech\/index.php\/wp-json\/wp\/v2\/tags?post=1981"}],"curies":[{"name":"wp","href":"https:\/\/api.w.org\/{rel}","templated":true}]}}