{"id":1984,"date":"2021-11-29T23:33:42","date_gmt":"2021-11-29T22:33:42","guid":{"rendered":"https:\/\/monblogeur.tech\/index.php\/2021\/11\/29\/nba-le-basketteur-turc-enes-kanter-change-de-nom-et-de-nationalite-lci\/"},"modified":"2021-11-29T23:33:42","modified_gmt":"2021-11-29T22:33:42","slug":"nba-le-basketteur-turc-enes-kanter-change-de-nom-et-de-nationalite-lci","status":"publish","type":"post","link":"https:\/\/monblogeur.tech\/index.php\/2021\/11\/29\/nba-le-basketteur-turc-enes-kanter-change-de-nom-et-de-nationalite-lci\/","title":{"rendered":"NBA : le basketteur turc Enes Kanter change de nom et de nationalit\u00e9 &#8211; LCI"},"content":{"rendered":"<div class=\"cfbc967f0983488262956e73eca9483a\" data-index=\"1\" style=\"float: none; margin:10px 0 10px 0; text-align:center;\">\n<script async src=\"https:\/\/pagead2.googlesyndication.com\/pagead\/js\/adsbygoogle.js?client=ca-pub-3859091246952232\" crossorigin=\"anonymous\"><\/script>\r\n<!-- blok -->\r\n<ins class=\"adsbygoogle\" data-ad-client=\"ca-pub-3859091246952232\" data-ad-slot=\"1334354390\"><\/ins>\r\n<script>\r\n     (adsbygoogle = window.adsbygoogle || []).push({});\r\n<\/script>\r\n\n<\/div>\n<p>Une modification originale, mais qui n&apos;a rien d&apos;&#xE9;tonnante quand on conna&#xEE;t le personnage. L&apos;int&#xE9;rieur turc Enes Kanter, joueur de basket professionnel de l&apos;&#xE9;quipe des Boston Celtics, a d&#xE9;cid&#xE9; de changer officiellement son nom pour s&apos;appeler &quot;Enes Kanter Freedom&quot;.&#xA0;<br \/>Selon <a href=\"https:\/\/theathletic.com\/news\/celtics-enes-kanter-changes-name-to-enes-kanter-freedom-sources\/lYTsQm03lfPm\/\" target=\"_blank\" rel=\"nofollow noopener\">le m&#xE9;dia am&#xE9;ricain <em>The Athletic<\/em><\/a>, qui a r&#xE9;v&#xE9;l&#xE9; l&apos;information ce dimanche, le basketteur va doit aussi obtenir la nationalit&#xE9; am&#xE9;ricaine d&#xE8;s lundi.&#xA0; N&#xE9; en Turquie, le joueur de 29 ans critique depuis plusieurs ann&#xE9;es la politique du pr&#xE9;sident turc Recep Tayyip Erdogan. En cons&#xE9;quence, son passeport a &#xE9;t&#xE9; r&#xE9;voqu&#xE9; en 2017. Sur les quatre derni&#xE8;res ann&#xE9;es, la justice turque aurait par ailleurs &#xE9;mis au moins 10 mandats d&apos;arr&#xEA;t &#xE0; son encontre.<em> &quot;La raison est que je me soutiens les droits de l&apos;homme et les prisonniers politiques qui sont tortur&#xE9;s et viol&#xE9;s&quot;<\/em> en Turquie, selon ses mots.<br \/>Le basketteur est connu comme un opposant notoire au r&#xE9;gime chinois. R&#xE9;cemment il s&apos;est affich&#xE9; avec un t-shirt arborant le slogan <em>&quot;Stand with Hong Kong&quot;<\/em> en opposition &#xE0; la reprise en main de l&apos;ex-colonie britannique par P&#xE9;kin. Lors de ses matchs de NBA, il porte souvent des chaussures avec des messages engag&#xE9;s et appelle au boycott des Jeux olympiques d&apos;hiver qui doivent se tenir dans la capitale chinoise en 2022.&#xA0;<br \/>Tr&#xE8;s engag&#xE9; sur les r&#xE9;seaux sociaux, Enes Kanter soutient &#xE9;galement le peuple ou&#xEF;ghour, une minorit&#xE9; musulmane turcophone &#xA0;dont pr&#xE8;s d&apos;un million de membres seraient d&#xE9;tenus dans des camps de travail forc&#xE9; en Chine, selon des rapports d&apos;ONG. P&#xE9;kin nie le terme de g&#xE9;nocide et d&#xE9;crit les camps comme des centres de formation professionnelle, une affirmation rejet&#xE9;e par les Ou&#xEF;ghours qui disent &#xEA;tre forc&#xE9;s de renoncer &#xE0; leurs traditions religieuses.<br \/>Rien que le 17 novembre dernier, lors d&apos;un match face &#xE0; l&apos;&#xE9;quipe des Atlanta Hawks, le joueur portait aux pieds des chaussures customis&#xE9;es &quot;Free Oyghur&quot; (&quot;Libert&#xE9; pour les Ou&#xEF;ghours&quot; en fran&#xE7;ais) avec ses fils de fer barbel&#xE9;s et un drapeau chinois peints dessus. Depuis fin octobre, le num&#xE9;ro 13 des Boston Celtics s&apos;en est pris &#xE0; l&apos;&#xE9;quipementier Nike et &#xE0; plusieurs multinationales estimant qu&apos;ils profitent de cette main d&apos;&#x153;uvre pour confectionner leurs produits.&#xA0;<br \/>La r\u00e9daction de LCI<br \/>Mondial 2022 au Qatar : les footballeurs iront-ils jusqu&#39;au boycott ?<\/p>\n<p>Un joueur de football am\u00e9ricain proteste ? Trump l&#39;invite \u00e0 &quot;se chercher un autre pays&quot;<\/p>\n<p>Crise de Crim\u00e9e, opposition avec la Hongrie sur les discriminations LGBT&#8230; &quot;Le stade a toujours \u00e9t\u00e9 le lieu des revendications&quot;<\/p>\n<p>Boycott\u00e9 dans un tournoi de judo \u00e0 Abou Dhabi, Isra\u00ebl r\u00e9pond de fa\u00e7on cinglante\u2026 et obtient des excuses<\/p>\n<p>Un coach NBA parle d&#39;Hitler pour \u00e9voquer Trump et le &quot;Muslim ban&quot;<\/p>\n<p>En soutien aux Ou\u00efghours, Antoine Griezmann met fin \u00e0 son partenariat avec Huawei <\/p>\n<p>           <img decoding=\"async\"             src=\"https:\/\/org-lci-static.val1.p.tf1.fr\/assets\/images\/LCI-logo.svg\"             alt=\"Logo LCI\"             style=\"height: 12px\"           \/>           d\u00e9fend l&rsquo;ambition d&rsquo;une information           <strong style=\"font-weight: 500\"> gratuite<\/strong>,           <strong style=\"font-weight: 500\">v\u00e9rifi\u00e9e <\/strong> et accessible \u00e0           tous grace aux revenus de la           <strong style=\"font-weight: 500\"> publicit\u00e9 <\/strong>.         <br \/>           Pour nous aider \u00e0 maintenir ce service gratuit vous pouvez \u00ab\u00a0modifier           votre choix\u00a0\u00bb et accepter tous les cookies. <\/p>\n<div style=\"display:flex ; justify-content:center\">           <a id=\"href\" href=\"https:\/\/www.lci.fr\/cookie\/bandeau-pedagogique\/\" target=\"_blank\" style=\"color: white; padding-right: 3em; text-decoration: underline; font-size: 1.5em;\" rel=\"noopener\">             > En savoir plus.           <\/a> <\/div>\n<p><a href=\"\/fil-info\/\">Fil info<\/a><\/h1>\n<p>COVID, LES DERNI\u00c8RES INFOS<br \/>CRISE DES MIGRANTS<br \/>PR\u00c9SIDENTIELLE 2022<br \/>EN DIRECT &#8211; Pr\u00e9sidentielle 2022 : \u00c9ric Zemmour va officialiser sa candidature mardi<br \/>Covid-19 : &quot;Il est l\u00e9gitime de prendre des pr\u00e9cautions&quot; face au variant Omicron, explique le Pr Alain Fischer sur LCI<br \/>Crise aux Antilles : le couvre-feu prolong\u00e9 jusqu&#39;au 2 d\u00e9cembre en Guadeloupe<br \/>Une enqu\u00eate ouverte contre Pierre M\u00e9n\u00e8s pour &quot;agression sexuelle&quot; lors du match PSG-Nantes<br \/>Ballon d&#39;or 2021 : Lionel Messi remporte son septi\u00e8me troph\u00e9e <br \/>Les actus du moment<br \/>Live LCI<br \/>Newsletter<br \/>Fil Info<br \/>Partager<br \/>Recevez chaque jour une s\u00e9lection personnalis\u00e9e d&rsquo;articles et de vid\u00e9os<br \/>Merci !<br \/>Votre adresse de messagerie est utilis\u00e9e uniquement pour vous envoyer nos newsletters personnalis\u00e9es et autres messages de prospection pour des produits et services analogues du Groupe TF1. Vous pouvez \u00e0 tout moment utiliser le lien de d\u00e9sabonnement int\u00e9gr\u00e9 dans la newsletter.<a href=\"https:\/\/www.lci.fr\/politique-de-protection-des-donnees-du-service-lci\/\" class=\"tab-bar-popin__cnil--link\"> En savoir plus sur la gestion de vos donn\u00e9es et vos droits.<\/a><br \/>Partagez cette page<br \/><a href=\"\/actualites\/\">Toute l&#39;info<\/a><br \/><a href=\"\/mag-life\/\">Mag &amp; Life<\/a><br \/><a href=\"\/podcast\/\">Podcast<\/a><br \/><a href=\"https:\/\/www.tf1.fr\/\">MYTF1<\/a><br \/><a href=\"\/fil-info\/\">Fil Info<\/a><br \/><a href=\"https:\/\/sosvillages.fr\/\">SOS Villages<\/a><br \/><a href=\"https:\/\/www.lci.fr\/examens\/resultats\/bac\/\">R\u00e9sultats bac 2021<\/a><br \/><a href=\"\/direct\/\">Direct<\/a><br \/><a href=\"https:\/\/meteo.tf1.fr\/\">TF1 M\u00e9t\u00e9o<\/a><br \/><a href=\"\/sujets\/\">Sujets<\/a><br \/><a href=\"https:\/\/www.jpptv.fr\/\">JPPTV<\/a><br \/>LCI Copyright \u00a9 2021<\/p>\n<p><a href=\"https:\/\/www.lci.fr\/sport\/nba-turquie-le-basketteur-enes-kanter-change-de-nom-et-de-nationalite-ajoutant-le-terme-freedom-2203214.html\">source<\/a><\/p>\n<!--CusAds0-->\n<div style=\"font-size: 0px; height: 0px; line-height: 0px; margin: 0; padding: 0; clear: both;\"><\/div>","protected":false},"excerpt":{"rendered":"<p>Une modification originale, mais qui n&apos;a rien d&apos;&#xE9;tonnante quand on conna&#xEE;t le personnage. L&apos;int&#xE9;rieur turc Enes Kanter, joueur de basket professionnel de l&apos;&#xE9;quipe des Boston Celtics, a d&#xE9;cid&#xE9; de changer officiellement son nom pour s&apos;appeler &quot;Enes Kanter Freedom&quot;.&#xA0;Selon le m&#xE9;dia am&#xE9;ricain The Athletic, qui a r&#xE9;v&#xE9;l&#xE9; l&apos;information ce dimanche, le basketteur va doit aussi obtenir [&hellip;]<\/p>\n","protected":false},"author":1,"featured_media":0,"comment_status":"open","ping_status":"open","sticky":false,"template":"","format":"standard","meta":{"googlesitekit_rrm_CAow1sXXCw:productID":"","_jetpack_memberships_contains_paid_content":false,"footnotes":"","jetpack_publicize_message":"","jetpack_publicize_feature_enabled":true,"jetpack_social_post_already_shared":false,"jetpack_social_options":{"image_generator_settings":{"template":"highway","default_image_id":0,"font":"","enabled":false},"version":2}},"categories":[1],"tags":[],"class_list":["post-1984","post","type-post","status-publish","format-standard","hentry","category-non-classe"],"jetpack_publicize_connections":[],"jetpack_featured_media_url":"","jetpack_sharing_enabled":true,"_links":{"self":[{"href":"https:\/\/monblogeur.tech\/index.php\/wp-json\/wp\/v2\/posts\/1984","targetHints":{"allow":["GET"]}}],"collection":[{"href":"https:\/\/monblogeur.tech\/index.php\/wp-json\/wp\/v2\/posts"}],"about":[{"href":"https:\/\/monblogeur.tech\/index.php\/wp-json\/wp\/v2\/types\/post"}],"author":[{"embeddable":true,"href":"https:\/\/monblogeur.tech\/index.php\/wp-json\/wp\/v2\/users\/1"}],"replies":[{"embeddable":true,"href":"https:\/\/monblogeur.tech\/index.php\/wp-json\/wp\/v2\/comments?post=1984"}],"version-history":[{"count":0,"href":"https:\/\/monblogeur.tech\/index.php\/wp-json\/wp\/v2\/posts\/1984\/revisions"}],"wp:attachment":[{"href":"https:\/\/monblogeur.tech\/index.php\/wp-json\/wp\/v2\/media?parent=1984"}],"wp:term":[{"taxonomy":"category","embeddable":true,"href":"https:\/\/monblogeur.tech\/index.php\/wp-json\/wp\/v2\/categories?post=1984"},{"taxonomy":"post_tag","embeddable":true,"href":"https:\/\/monblogeur.tech\/index.php\/wp-json\/wp\/v2\/tags?post=1984"}],"curies":[{"name":"wp","href":"https:\/\/api.w.org\/{rel}","templated":true}]}}