{"id":2002,"date":"2021-11-30T01:25:47","date_gmt":"2021-11-30T00:25:47","guid":{"rendered":"https:\/\/monblogeur.tech\/index.php\/2021\/11\/30\/bar-le-duc-valoriser-la-formation-des-futurs-infirmiers-et-aides-soignants-est-republicain\/"},"modified":"2021-11-30T01:25:47","modified_gmt":"2021-11-30T00:25:47","slug":"bar-le-duc-valoriser-la-formation-des-futurs-infirmiers-et-aides-soignants-est-republicain","status":"publish","type":"post","link":"https:\/\/monblogeur.tech\/index.php\/2021\/11\/30\/bar-le-duc-valoriser-la-formation-des-futurs-infirmiers-et-aides-soignants-est-republicain\/","title":{"rendered":"Bar-le-Duc | Valoriser la formation des futurs infirmiers et aides-soignants &#8211; Est R\u00e9publicain"},"content":{"rendered":"<div class=\"cfbc967f0983488262956e73eca9483a\" data-index=\"1\" style=\"float: none; margin:10px 0 10px 0; text-align:center;\">\n<script async src=\"https:\/\/pagead2.googlesyndication.com\/pagead\/js\/adsbygoogle.js?client=ca-pub-3859091246952232\" crossorigin=\"anonymous\"><\/script>\r\n<!-- blok -->\r\n<ins class=\"adsbygoogle\" data-ad-client=\"ca-pub-3859091246952232\" data-ad-slot=\"1334354390\"><\/ins>\r\n<script>\r\n     (adsbygoogle = window.adsbygoogle || []).push({});\r\n<\/script>\r\n\n<\/div>\n<p>Vous pouvez lire L&rsquo;Est R\u00e9publicain sur  <span class=\"bold\">$this.View.AuthResponse.DeviceLimit appareils<\/span> maximum. Confirmez l\u2019utilisation de votre compte sur cet appareil en saisissant votre mot de passe<br \/><span class=\"bold\">CAS N\u00b01 : Vous (ou une autre personne) utilisez plus de $this.View.AuthResponse.DeviceLimit appareils et\/ou navigateurs en m\u00eame temps &#8594;<\/span>  \t\t\t\t\t\t\t\tD\u00e9connectez-vous des appareils et\/ou navigateurs que vous n&rsquo;utilisez pas<br \/><span class=\"bold\">CAS N\u00b02 : Vous naviguez en mode priv\u00e9 &#8594;<\/span>  \t\t\t\t\t\t\t\tD\u00e9connectez-vous syst\u00e9matiquement avant de fermer la fen\u00eatre du navigateur<br \/><span class=\"bold\">CAS N\u00b03 : Vous refusez les cookies de connexion dans les param\u00e8tres de votre navigateur (ou une mise \u00e0 jour a modifi\u00e9 vos param\u00e8tres) &#8594;<\/span>  \t\t\t\t\t\t\t\tChanger les param\u00e8tres d&rsquo;acceptation des cookies de votre navigateur<br \/><span class=\"bold\">DANS TOUS LES CAS &#8594;<\/span> cliquer sur \u00ab\u00a0continuer sur cet appareil\u00a0\u00bb r\u00e9sout le probl\u00e8me<br \/><span class=\"bold\">Que se passe-t-il si je clique sur \u00ab\u00a0continuer sur cet appareil\u00a0\u00bb ?<\/span><br \/>  \t\t\t\t\t\t\t\tVous pourrez profiter de votre compte sur cet appareil et tous vos autres appareils  \t\t\t\t\t\t\t\tseront d\u00e9connect\u00e9s. Vous pourrez toujours vous y reconnecter, dans la limite de  \t\t\t\t\t\t\t\t$this.View.AuthResponse.DeviceLimit appareils.<br \/><span class=\"bold\">Comment puis-je voir les appareils connect\u00e9s ?<\/span><br \/>  \t\t\t\t\t\t\t\tRendez-vous dans votre espace client puis cliquez sur \u00ab\u00a0g\u00e9rer les \u00e9quipements\u00a0\u00bb. Si vous y allez apr\u00e8s avoir cliqu\u00e9 sur \u00ab\u00a0Continuer sur cet appareil\u00a0\u00bb, il ne devrait y en avoir qu&rsquo;un seul.<br \/>  \t\t\t  Si vous voyez ce champ, ne le remplissez pas <input type=\"text\" name=\"hpUsername\" id=\"hpUsername\" value=\"\" \/>  \t\t\t<br \/>Edition du Soir Meurthe-et-Moselle<br \/>mar. 30\/11\/2021<br \/>                  <span>L&rsquo;\u00e9dition du soir en num\u00e9rique d\u00e8s 21h30<\/span>                  <span>Le journal en num\u00e9rique d\u00e8s 5h<\/span>                  <span>Acc\u00e9dez \u00e0 tous les contenus en illimit\u00e9<\/span>              <br \/>Edition du Soir Meurthe-et-Moselle<br \/>mar. 30\/11\/2021<br \/>Retrouvez tous nos contenus et notre journal en num\u00e9rique<br \/><span>T\u00e9l\u00e9chargez gratuitement l&rsquo;app<\/span><br \/>Les formations de l\u2019IFSI et de l\u2019IFAS du GHT C\u0153ur Grand Est font le plein de nouveaut\u00e9s. Le d\u00e9veloppement de l\u2019attractivit\u00e9 \u00e9ducative est une pi\u00e8ce maitresse pour lutter contre la d\u00e9sertification m\u00e9dicale. Objectif\u00a0: fid\u00e9liser les futurs professionnels pour qu\u2019ils s\u2019installent dans la Meuse.<br \/>Renforcer l\u2019attractivit\u00e9 des m\u00e9tiers de la sant\u00e9 est un d\u00e9fi de taille en Meuse. D\u00e9fi relev\u00e9 par les instituts de formations infirmiers (IFSI) et aides-soignants (IFAS) du Groupement Hospitalier de Territoire C\u0153ur Grand Est, qui regroupe les instituts de Verdun, Bar le Duc et Saint Dizier.<br \/>Les 50 professionnels p\u00e9dagogiques et administratifs des six instituts forment actuellement 750 \u00e9tudiants \u2013 600 infirmiers et 150 aides-soignants -, et travaillent d\u2019arrache-pied pour am\u00e9liorer leur offre p\u00e9dagogique. On fait le point sur les derni\u00e8res actualit\u00e9s.<br \/>La Validation des acquis de l\u2019exp\u00e9rience hybride est propos\u00e9e par l\u2019IFAS de Verdun depuis 2020. Port\u00e9e par le GHT C\u0153ur Grand Est, le Conseil R\u00e9gional Grand Est, l\u2019Agence r\u00e9gionale de Sant\u00e9 et, pour la Meuse, le GCSMS, elle permet \u00e0 des professionnels des m\u00e9tiers m\u00e9dico-sociaux (des agents de services hospitaliers qualifi\u00e9s, par exemple) de pr\u00e9tendre au statut d\u2019aide-soignant par une valorisation de leur exp\u00e9rience professionnelle. Par de la formation, des stages et un accompagnement de leur dossier, cette formation continue d\u2019environ six mois permet \u00e0 des professionnels du soin d\u2019obtenir une revalorisation professionnelle.<br \/>Les instituts de formations du GHT peuvent d\u00e9sormais proposer \u00e0 leurs \u00e9tudiants de r\u00e9aliser des stages \u00e0 l\u2019\u00e9tranger pour une dur\u00e9e de dix semaines. Si Verdun est labellis\u00e9 \u00ab\u00a0Erasmus\u00a0\u00bb depuis 2019 \u2013 et trois \u00e9tudiants d\u00e9j\u00e0 partis pour Malte\u00a0! -, Bar-le-Duc l\u2019a obtenue en 2020 mais, Covid-19 oblige, aucun n\u2019\u00e9tudiant n\u2019a pu partir et Saint-Dizier vient tout juste de d\u00e9crocher la labellisation. Cela permettra aux \u00e9tudiants \u2013 4 \u00e0 6 par institut \u2013 d\u2019apprendre, outre leur m\u00e9tier, une nouvelle langue et une autre culture professionnelle. Malte \u00e9tant d\u00e9j\u00e0 dans les starting-blocks, un partenariat avec l\u2019Autriche a \u00e9galement \u00e9t\u00e9 nou\u00e9. La Finlande, la Su\u00e8de, le Portugal et l\u2019Espagne sont en ligne de mire\u2026<br \/>Cette certification, qui garantit un haut niveau d\u2019exigence de la mise en \u0153uvre des processus de formation, a \u00e9t\u00e9 obtenue par toutes les \u00e9quipes de formations des six instituts. Cette reconnaissance de leur d\u00e9marche qualit\u00e9 et de gestion des risques garantit la bonne formation des \u00e9tudiants, visiblement entre de bonnes mains\u00a0!<br \/>C\u2019est une option qui reste m\u00e9connue\u00a0: il est possible de devenir infirmier ou aide-soignant en passant par la case apprentissage, c\u2019est-\u00e0-dire en \u00e9tant \u00e0 la fois \u00e9tudiant et salari\u00e9. Avec la crise sanitaire, le gouvernement a donn\u00e9 un coup d\u2019acc\u00e9l\u00e9rateur \u00e0 ce type de formation en augmentant les quotas d\u00e9di\u00e9s pour les m\u00e9tiers en tension. Dans les six instituts, au total, 40 places suppl\u00e9mentaires ont \u00e9t\u00e9 cr\u00e9\u00e9es en IFSI et 25 en IFAS.<br \/>L\u2019instauration de Parcoursup \u2013 plateforme qui accueille les v\u0153ux des futurs \u00e9tudiants \u2013 a entra\u00een\u00e9 la suppression des concours payants de l\u2019IFSI. Avec pour cons\u00e9quence l\u2019\u00e9largissement du bassin de recrutement des \u00e9tudiants, dont pr\u00e8s de la moiti\u00e9 est ext\u00e9rieure \u00e0 la r\u00e9gion Grand Est. Seulement, ce sont notamment ces \u00e9tudiants, loin de chez eux, qui se retrouvent en situation de pr\u00e9carit\u00e9. Les responsables p\u00e9dagogiques des diff\u00e9rents instituts, inquiets de la situation, tentent de les aider en les identifiant puis, en les orientant vers les structures associatives adapt\u00e9es.<\/p>\n<p><a href=\"https:\/\/www.estrepublicain.fr\/education\/2021\/11\/29\/valoriser-la-formation-des-futurs-infirmiers-et-aides-soignants\">source<\/a><\/p>\n<!--CusAds0-->\n<div style=\"font-size: 0px; height: 0px; line-height: 0px; margin: 0; padding: 0; clear: both;\"><\/div>","protected":false},"excerpt":{"rendered":"<p>Vous pouvez lire L&rsquo;Est R\u00e9publicain sur $this.View.AuthResponse.DeviceLimit appareils maximum. Confirmez l\u2019utilisation de votre compte sur cet appareil en saisissant votre mot de passeCAS N\u00b01 : Vous (ou une autre personne) utilisez plus de $this.View.AuthResponse.DeviceLimit appareils et\/ou navigateurs en m\u00eame temps &#8594; D\u00e9connectez-vous des appareils et\/ou navigateurs que vous n&rsquo;utilisez pasCAS N\u00b02 : Vous naviguez en [&hellip;]<\/p>\n","protected":false},"author":1,"featured_media":0,"comment_status":"open","ping_status":"open","sticky":false,"template":"","format":"standard","meta":{"googlesitekit_rrm_CAow1sXXCw:productID":"","_jetpack_memberships_contains_paid_content":false,"footnotes":"","jetpack_publicize_message":"","jetpack_publicize_feature_enabled":true,"jetpack_social_post_already_shared":false,"jetpack_social_options":{"image_generator_settings":{"template":"highway","default_image_id":0,"font":"","enabled":false},"version":2}},"categories":[1],"tags":[],"class_list":["post-2002","post","type-post","status-publish","format-standard","hentry","category-non-classe"],"jetpack_publicize_connections":[],"jetpack_featured_media_url":"","jetpack_sharing_enabled":true,"_links":{"self":[{"href":"https:\/\/monblogeur.tech\/index.php\/wp-json\/wp\/v2\/posts\/2002","targetHints":{"allow":["GET"]}}],"collection":[{"href":"https:\/\/monblogeur.tech\/index.php\/wp-json\/wp\/v2\/posts"}],"about":[{"href":"https:\/\/monblogeur.tech\/index.php\/wp-json\/wp\/v2\/types\/post"}],"author":[{"embeddable":true,"href":"https:\/\/monblogeur.tech\/index.php\/wp-json\/wp\/v2\/users\/1"}],"replies":[{"embeddable":true,"href":"https:\/\/monblogeur.tech\/index.php\/wp-json\/wp\/v2\/comments?post=2002"}],"version-history":[{"count":0,"href":"https:\/\/monblogeur.tech\/index.php\/wp-json\/wp\/v2\/posts\/2002\/revisions"}],"wp:attachment":[{"href":"https:\/\/monblogeur.tech\/index.php\/wp-json\/wp\/v2\/media?parent=2002"}],"wp:term":[{"taxonomy":"category","embeddable":true,"href":"https:\/\/monblogeur.tech\/index.php\/wp-json\/wp\/v2\/categories?post=2002"},{"taxonomy":"post_tag","embeddable":true,"href":"https:\/\/monblogeur.tech\/index.php\/wp-json\/wp\/v2\/tags?post=2002"}],"curies":[{"name":"wp","href":"https:\/\/api.w.org\/{rel}","templated":true}]}}