{"id":2050,"date":"2021-11-30T09:55:56","date_gmt":"2021-11-30T08:55:56","guid":{"rendered":"https:\/\/monblogeur.tech\/index.php\/2021\/11\/30\/a-landerneau-la-formation-des-jeunes-sapeurs-pompiers-est-a-relancer-le-telegramme\/"},"modified":"2021-11-30T09:55:56","modified_gmt":"2021-11-30T08:55:56","slug":"a-landerneau-la-formation-des-jeunes-sapeurs-pompiers-est-a-relancer-le-telegramme","status":"publish","type":"post","link":"https:\/\/monblogeur.tech\/index.php\/2021\/11\/30\/a-landerneau-la-formation-des-jeunes-sapeurs-pompiers-est-a-relancer-le-telegramme\/","title":{"rendered":"\u00c0 Landerneau, la formation des jeunes sapeurs-pompiers est \u00e0 relancer &#8211; Le T\u00e9l\u00e9gramme"},"content":{"rendered":"<div class=\"cfbc967f0983488262956e73eca9483a\" data-index=\"1\" style=\"float: none; margin:10px 0 10px 0; text-align:center;\">\n<script async src=\"https:\/\/pagead2.googlesyndication.com\/pagead\/js\/adsbygoogle.js?client=ca-pub-3859091246952232\" crossorigin=\"anonymous\"><\/script>\r\n<!-- blok -->\r\n<ins class=\"adsbygoogle\" data-ad-client=\"ca-pub-3859091246952232\" data-ad-slot=\"1334354390\"><\/ins>\r\n<script>\r\n     (adsbygoogle = window.adsbygoogle || []).push({});\r\n<\/script>\r\n\n<\/div>\n<p>Bollore<br \/>CRCAM Morbihan CCI<br \/>CRCAM Ile et Vilaine CCI<br \/>Videlio<br \/>                 <span href=\"#\" class=\"close\" id=\"miseEnAvantBigClose\"><\/span>             <br \/>                 <a style=\"text-decoration: underline;display: block;\" ><\/a>             <br \/>             <span href=\"#\" class=\"close\" id=\"miseEnAvantSmallClose\"><\/span>         <br \/>Ils n\u2019\u00e9taient pas les moins fiers, avec leurs parents, <a href=\"https:\/\/www.letelegramme.fr\/finistere\/landerneau\/brevet-en-poche-pour-les-jeunes-sapeurs-pompiers-de-landerneau-01-06-2021-12759692.php\" title=\"www.letelegramme.fr\">les douze jeunes sapeurs-pompiers (JSP) de Landerneau (n\u00e9s en\u00a02003 et\u00a02004) qui ont re\u00e7u leur brevet<\/a>, samedi, en ouverture de la s\u00e9rie de promotions et remises de m\u00e9dailles aux sapeurs-pompiers actifs. Peut-\u00eatre \u00e9tofferont-ils d\u2019ailleurs prochainement leurs rangs\u00a0? Comme les pr\u00e8s de 300\u00a0JSP, \u00e2g\u00e9s de 13 \u00e0 17 ans, form\u00e9s dans les centres d\u2019incendie et de secours du Finist\u00e8re\u00a0: \u00ab\u00a0Le futur vivier des sapeurs-pompiers volontaires, voire professionnels\u00a0\u00bb, a rappel\u00e9 Patrick Leclerc.<br \/>Mais pour les former pendant quatre ans, il faut, de toute \u00e9vidence, des formateurs. Ce dont le centre d\u2019incendie et de secours (CIS) de Landerneau ne dispose pas dans l\u2019imm\u00e9diat. Autour de David Drubbele, restaurateur, en 2015, de cette formation \u00e0 la caserne de Landerneau, les instructeurs b\u00e9n\u00e9voles ont exprim\u00e9 le souhait l\u00e9gitime de faire une pause, apr\u00e8s avoir men\u00e9 jusqu\u2019au dipl\u00f4me cette deuxi\u00e8me promotion, f\u00e9licit\u00e9e \u00e0 l\u2019occasion de la Sainte-Barbe.<br \/>\u00ab\u00a0Il faut relancer cette formation\u00a0\u00bb, convient aussi le pr\u00e9sident de la CCPLD et maire de Landerneau. \u00ab\u00a0Nous avons donc pour projet de relancer une \u00e9quipe de formateurs\u00a0\u00bb. L\u2019id\u00e9e restant d\u2019accueillir une nouvelle promotion en septembre\u00a02022.<br \/>Les voyagistes face \u00e0 la crainte du variant Omicron [Vid\u00e9o]<br \/>Quatre morts dont deux enfants dans l\u2019incendie d\u2019un squat \u00e0 Barcelone<br \/>Hugo Roellinger est le \u00ab\u00a0cuisinier de l\u2019ann\u00e9e\u00a0\u00bb du Gault &#038; Millau<br \/>L\u2019inflation acc\u00e9l\u00e8re \u00e0 2,8\u00a0% sur un an en novembre<br \/>             <span href=\"#\" class=\"close\" id=\"miseEnAvantSmallMobileClose\"><\/span>         <br \/>                                             Passe D\u00e9 ! Le foot du bout du monde, \u00e9pisode 11, saison 3 ! En association avec T\u00e9b\u00e9o, chaque jeudi, le rendez-vous des fans du Stade Brestois et des amateurs finist\u00e9riens vous fait vivre l&rsquo;actualit\u00e9 du ballon rond au bout du monde.                                         <br \/>                                             Passe d\u00e9 ! Le foot du bout du monde, \u00e9pisode 10, saison 3 ! En association avec T\u00e9b\u00e9o, chaque jeudi \u00e0 18 h 15, le rendez-vous des fans du Stade Brestois et des amateurs finist\u00e9riens vous fait vivre l&rsquo;actualit\u00e9 du ballon rond au bout du monde.                                         <br \/>                                             Passe d\u00e9 ! Le foot du bout du monde, \u00e9pisode 9, saison 3 ! En association avec T\u00e9b\u00e9o, chaque jeudi \u00e0 18 h 15, le rendez-vous des fans du Stade Brestois et des amateurs finist\u00e9riens vous fait vivre chaque semaine l&rsquo;actualit\u00e9 du ballon rond au bout du monde.                                         <br \/>                     Nos newsletters                 <br \/>                     Restez connect\u00e9 \u00e0 l\u2019actualit\u00e9 gr\u00e2ce \u00e0 nos newsletters                 <br \/>Visite virtuelle <br \/>du T\u00e9l\u00e9gramme<\/p>\n<p><a href=\"https:\/\/www.letelegramme.fr\/finistere\/landerneau\/a-landerneau-la-formation-des-jeunes-sapeurs-pompiers-est-a-relancer-28-11-2021-12876817.php\">source<\/a><\/p>\n<!--CusAds0-->\n<div style=\"font-size: 0px; height: 0px; line-height: 0px; margin: 0; padding: 0; clear: both;\"><\/div>","protected":false},"excerpt":{"rendered":"<p>BolloreCRCAM Morbihan CCICRCAM Ile et Vilaine CCIVidelio Ils n\u2019\u00e9taient pas les moins fiers, avec leurs parents, les douze jeunes sapeurs-pompiers (JSP) de Landerneau (n\u00e9s en\u00a02003 et\u00a02004) qui ont re\u00e7u leur brevet, samedi, en ouverture de la s\u00e9rie de promotions et remises de m\u00e9dailles aux sapeurs-pompiers actifs. Peut-\u00eatre \u00e9tofferont-ils d\u2019ailleurs prochainement leurs rangs\u00a0? Comme les pr\u00e8s [&hellip;]<\/p>\n","protected":false},"author":1,"featured_media":0,"comment_status":"open","ping_status":"open","sticky":false,"template":"","format":"standard","meta":{"googlesitekit_rrm_CAow1sXXCw:productID":"","_jetpack_memberships_contains_paid_content":false,"footnotes":"","jetpack_publicize_message":"","jetpack_publicize_feature_enabled":true,"jetpack_social_post_already_shared":false,"jetpack_social_options":{"image_generator_settings":{"template":"highway","default_image_id":0,"font":"","enabled":false},"version":2}},"categories":[1],"tags":[],"class_list":["post-2050","post","type-post","status-publish","format-standard","hentry","category-non-classe"],"jetpack_publicize_connections":[],"jetpack_featured_media_url":"","jetpack_sharing_enabled":true,"_links":{"self":[{"href":"https:\/\/monblogeur.tech\/index.php\/wp-json\/wp\/v2\/posts\/2050","targetHints":{"allow":["GET"]}}],"collection":[{"href":"https:\/\/monblogeur.tech\/index.php\/wp-json\/wp\/v2\/posts"}],"about":[{"href":"https:\/\/monblogeur.tech\/index.php\/wp-json\/wp\/v2\/types\/post"}],"author":[{"embeddable":true,"href":"https:\/\/monblogeur.tech\/index.php\/wp-json\/wp\/v2\/users\/1"}],"replies":[{"embeddable":true,"href":"https:\/\/monblogeur.tech\/index.php\/wp-json\/wp\/v2\/comments?post=2050"}],"version-history":[{"count":0,"href":"https:\/\/monblogeur.tech\/index.php\/wp-json\/wp\/v2\/posts\/2050\/revisions"}],"wp:attachment":[{"href":"https:\/\/monblogeur.tech\/index.php\/wp-json\/wp\/v2\/media?parent=2050"}],"wp:term":[{"taxonomy":"category","embeddable":true,"href":"https:\/\/monblogeur.tech\/index.php\/wp-json\/wp\/v2\/categories?post=2050"},{"taxonomy":"post_tag","embeddable":true,"href":"https:\/\/monblogeur.tech\/index.php\/wp-json\/wp\/v2\/tags?post=2050"}],"curies":[{"name":"wp","href":"https:\/\/api.w.org\/{rel}","templated":true}]}}