{"id":2110,"date":"2021-11-30T21:06:27","date_gmt":"2021-11-30T20:06:27","guid":{"rendered":"https:\/\/monblogeur.tech\/index.php\/2021\/11\/30\/elsevier-achete-osmosis-plateforme-de-formation-des-professionnels-de-sante-actualitte\/"},"modified":"2021-11-30T21:06:27","modified_gmt":"2021-11-30T20:06:27","slug":"elsevier-achete-osmosis-plateforme-de-formation-des-professionnels-de-sante-actualitte","status":"publish","type":"post","link":"https:\/\/monblogeur.tech\/index.php\/2021\/11\/30\/elsevier-achete-osmosis-plateforme-de-formation-des-professionnels-de-sante-actualitte\/","title":{"rendered":"Elsevier ach\u00e8te Osmosis, plateforme de formation des professionnels de sant\u00e9 &#8211; ActuaLitt\u00e9"},"content":{"rendered":"<div class=\"cfbc967f0983488262956e73eca9483a\" data-index=\"1\" style=\"float: none; margin:10px 0 10px 0; text-align:center;\">\n<script async src=\"https:\/\/pagead2.googlesyndication.com\/pagead\/js\/adsbygoogle.js?client=ca-pub-3859091246952232\" crossorigin=\"anonymous\"><\/script>\r\n<!-- blok -->\r\n<ins class=\"adsbygoogle\" data-ad-client=\"ca-pub-3859091246952232\" data-ad-slot=\"1334354390\"><\/ins>\r\n<script>\r\n     (adsbygoogle = window.adsbygoogle || []).push({});\r\n<\/script>\r\n\n<\/div>\n<p>     Rubriques   <br \/>     Multim\u00e9dia   <br \/>     \u00c0 la loupe   <br \/>Le groupe Elsevier, sp&eacute;cialis&eacute; dans l&rsquo;&eacute;dition scientifique, technique et m&eacute;dicale, annonce l&rsquo;acquisition de la plateforme de formation des professionnels de sant&eacute; Osmosis. Cette derni&egrave;re, dont l&rsquo;offre est disponible dans 195 pays du monde, vient compl&eacute;ter l&rsquo;offre d&rsquo;Elsevier en mati&egrave;re de formation.<br \/>             Le             30\/11\/2021             \u00e0             15:50                           par               <a href=\"\/auteurs\/215\/antoine-oury\">                 Antoine Oury               <\/a>                         <br \/>               <span style=\"display: none;\">                 0                 R\u00e9actions               <\/span>               <span style=\"display: none;\">                 |               <\/span>               <span style=\"display: none;\" class=\"article-page_mobile-shares-count_container\">                 <span class=\"article-page_mobile-shares-count\">0<\/span>                 Partages               <\/span>             <br \/>Publi\u00e9 le :<br \/>30\/11\/2021             \u00e0             15:50           <br \/>               <a class=\"article-page_author-link\" href=\"\/auteurs\/215\/antoine-oury\">                 Antoine Oury               <\/a>             <br \/>0<br \/>Commentaires<br \/>0<br \/>Partages<br \/>Depuis plusieurs ann\u00e9es, Elsevier investit dans des domaines connexes \u00e0 son c\u0153ur d&rsquo;activit\u00e9, l&rsquo;\u00e9dition scientifique, technique et m\u00e9dicale. Apr\u00e8s l&rsquo;intelligence artificielle, notamment, la formation \u00e0 distance attire \u00e0 pr\u00e9sent l&rsquo;attention du groupe, qui s&rsquo;offre Osmosis, soci\u00e9t\u00e9 cocr\u00e9\u00e9e par Ryan Haynes et Shiv Gaglani en 2015.<br \/>Cette plateforme d&rsquo;apprentissage et de formation propose des cours vid\u00e9o, des manuels et d&rsquo;autres contenus p\u00e9dagogiques sp\u00e9cifiquement con\u00e7us pour les professionnels de sant\u00e9. Osmosis h\u00e9berge plus de 2000 vid\u00e9os sur diff\u00e9rents domaines m\u00e9dicaux, dont la physiologie, la pharmacologie ou encore la pathologie.<br \/>Elsevier s&rsquo;appuiera sur les connaissances et expertises de la plateforme en mati\u00e8re d&rsquo;apprentissage pour am\u00e9liorer ses propres offres et solutions en la mati\u00e8re. \u00ab <em>Les premiers contenus \u00e9ducatifs dans le domaine de la sant\u00e9 que j&rsquo;ai utilis\u00e9, en \u00e9cole de m\u00e9decine, \u00e9taient ceux d&rsquo;Elsevier, les cultissimes Gray\u2019s Anatomy et Netter\u2019s<\/em> \u00bb, se f\u00e9licite Shiv Gaglani, cofondateur, heureux de boucler la boucle.<br \/><a href=\"https:\/\/actualitte.com\/article\/101706\/economie\/malgre-la-crise-sanitaire-des-resultats-en-hausse-pour-relx\"><strong>ECONOMIE: RELX (Elsevier) affiche des r\u00e9sultats en hausse<\/strong><\/a><br \/>Derni\u00e8rement, dans le domaine de la formation aux m\u00e9tiers de la sant\u00e9, Elsevier s&rsquo;est notamment offert Shadow Health et 3D4 Medical, qui proposent toutes deux des solutions de simulation \u00e0 des fins d&rsquo;apprentissage.<br \/>\u00c9videmment, tous ces investissements surviennent dans un contexte particuli\u00e8rement porteur pour les professions de la sant\u00e9.<br \/><span style=\"font-size: 12px;\">Photographie : illustration, ActuaLitt\u00e9, CC BY SA 2.0<\/span><br \/><iframe frameborder=\"0\" style=\"position: absolute; visibility: hidden; display: none; width: 0px; height: 0px; padding: 0px; border: none;\" scrolling=\"no\"><\/iframe><\/p>\n<p>&nbsp;<br \/>Aucun commentaire.<br \/>           Plus d&#039;articles sur le m\u00eame th\u00e8me       <br \/>Depuis septembre 2020, une fonctionnalit&eacute; sp&eacute;cifique pour les auteurs du groupe Hachette Livre &eacute;tait mise en place : Mon Espace Auteur, d&eacute;ploy&eacute; plus largement &agrave; partir de mai 2021, offre de multiples options. Plus d&rsquo;un an apr&egrave;s sa mise en oeuvre, le groupe fait un point sur cet outil destin&eacute; &agrave; offrir plus de transparence.<br \/>         30\/11\/2021, 17:32       <br \/>Le groupe Editis entend accompagner les auteurs dans leurs projets audiovisuels. D&eacute;j&agrave; pr&eacute;sent sur les cessions de droits audiovisuels, Editis souhaite monter d&rsquo;un cran plus loin et lance un nouveau service pour les auteurs de ses maisons d&rsquo;&eacute;dition : le Studio des Auteurs.&nbsp;<br \/>         30\/11\/2021, 16:14       <br \/>Gravitationnelles, sismiques, &eacute;lectromagn&eacute;tiques&hellip; les ondes se d&eacute;clinent &agrave; l&rsquo;envi, toujours avec cette id&eacute;e de propagation. Elles poursuivront ce chemin, cette fois vers les lecteurs, &agrave; travers le nouveau label de la collection La B&ecirc;te noire. Des textes, puisant dans l&rsquo;univers du crime, qui s&rsquo;inspirent de faits r&eacute;els pour des r&eacute;cits au c&oelig;ur du monde.<br \/>         30\/11\/2021, 16:00       <br \/>Les contes animaliers de Luis Sep&uacute;lveda sont enfin r&eacute;unis dans un m&ecirc;me volume ! Des contes profonds avec un souffle &eacute;pique, magnifi&eacute;s par les superbes illustrations de Jo&euml;lle Jolivet. Des aventures pleines d&rsquo;&eacute;motion et de sagesse qui c&eacute;l&egrave;brent des sujets chers &agrave; l&rsquo;auteur : l&rsquo;amiti&eacute;, la loyaut&eacute;, le respect de la nature, les liens entre l&rsquo;homme et l&rsquo;animal.<br \/>         29\/11\/2021, 14:20       <br \/>Le groupe Hachette Livre annonce la nomination de Ga&euml;tan Ruffault en tant que Directeur des Ressources Humaines et Directeur de la Responsabilit&eacute; Sociale et Environnementale groupe. Jusqu&rsquo;ici Directeur des Ressources Humaines France, Ga&euml;tan Ruffault aura pour mission de faire progresser Hachette Livre en tant qu&rsquo;entreprise socialement responsable et acteur reconnu du d&eacute;veloppement durable.&nbsp;<br \/>         29\/11\/2021, 14:16       <br \/>Il y a des enfants. Il y a leurs parents. Et il y a des professionnels dont le m&eacute;tier consiste &agrave; se pencher sur les enfants. Agir pour la petite enfance a pour mission de r&eacute;unir les trois. Les enfants doivent pouvoir grandir dans un monde qui leur donne toutes leurs chances. Les parents doivent &ecirc;tre accompagn&eacute;s. Les professionnels ont besoin d&rsquo;&ecirc;tre form&eacute;s et valoris&eacute;s.<br \/>         25\/11\/2021, 11:12       <br \/>Il existe un lieu fabuleux o&ugrave; sont conserv&eacute;s et consult&eacute;s des milliers de manuscrits in&eacute;dits d&eacute;pos&eacute;s par des inconnus : la biblioth&egrave;que-archive de l&rsquo;Association pour le Patrimoine Autobiographique (APA). &Agrave; partir de ces &laquo; &eacute;critures ordinaires &raquo;, Mauconduit, qui f&ecirc;te ses dix ans en 2022, a imagin&eacute; constituer peu &agrave; peu une biblioth&egrave;que de l&rsquo;histoire intime des Fran&ccedil;ais au XXe si&egrave;cle.<br \/>         24\/11\/2021, 09:26       <br \/>Les &eacute;ditions nous publient la correspondance de Franz Kafka et Milena Jesensk&aacute;, traduite par le regrett&eacute; Robert Kahn, d&eacute;j&agrave; &agrave; l&rsquo;origine des <em>Derniers cahiers<\/em> (2017) et de la premi&egrave;re &eacute;dition fran&ccedil;aise int&eacute;grale des <em>Journaux<\/em> (2020), chez le m&ecirc;me &eacute;diteur. Les lettres de Kafka &mdash; les r&eacute;ponses de Jesensk&aacute; sont perdues &mdash; dessinent un &laquo; <em>amour de loin<\/em> &raquo;, non moins puissant.<br \/>         23\/11\/2021, 09:51       <br \/>&laquo; <em>Me voil&agrave; donc &agrave; l&rsquo;&acirc;ge de 19 ans, 6 mois, 12 jours, condamn&eacute; &agrave; passer trente-six a ann&eacute;es de ma vie dans les prisons o&ugrave; je g&eacute;mis depuis l&rsquo;&acirc;ge de onze ans. Jeunes gens ! Gardez-vous de fr&eacute;quenter les mauvaises compagnies et surtout les maisons de d&eacute;bauche. Que les malheurs dont j&rsquo;ai &eacute;t&eacute; victime par ma faute vous engagent &agrave; ne jamais quitter les sentiers de la vertu ; vous serez plus heureux que moi qui ai d&eacute;sormais perdu tout espoir d&rsquo;&ecirc;tre rendu &agrave; la libert&eacute;&#8230;<\/em> &raquo; <em>L&rsquo;&eacute;ternel taulard<\/em>\u202fde Michel\u202fGlardon.<br \/>         22\/11\/2021, 16:34       <br \/>Le Prix Voltaire 2021, d&eacute;cern&eacute; par l&rsquo;Union internationale des &eacute;diteurs (UIE, IPA en VO, pour International Publishers Association), a &eacute;t&eacute; remis &agrave; la maison d&rsquo;&eacute;dition libanaise Dar Al Jadeed. Accompagn&eacute;e d&rsquo;une dotation de 10.000 francs suisses, la r&eacute;compense salue l&rsquo;engagement d&rsquo;un &eacute;diteur pour la libert&eacute; d&rsquo;expression.<br \/>         22\/11\/2021, 15:06       <br \/>La maison d&rsquo;&eacute;dition Autrement annonce la parution, le 5 janvier prochain, de <em>L&rsquo;enfant qui voulait disparaitre<\/em>, de Jason Mott. L&rsquo;ouvrage n&rsquo;est autre que la traduction de <em>Hell of a Book<\/em> (Dutton), laur&eacute;at du National Book Award 2021 dans la cat&eacute;gorie &laquo; Fiction &raquo;. La traduction a &eacute;t&eacute; assur&eacute;e par J&eacute;r&ocirc;me Schmidt.<br \/>         22\/11\/2021, 09:59       <br \/>En &eacute;t&eacute; 2020, l&rsquo;&eacute;diteur Penguin Random House a r&eacute;v&eacute;l&eacute; que les donn&eacute;es d&eacute;mographiques de ses auteurs, illustrateurs, traducteurs, en un mot, cr&eacute;ateurs, &laquo; <em>ne refl&egrave;tent pas les donn&eacute;es d&eacute;mographiques des lecteurs am&eacute;ricains en mati&egrave;re de race et d&rsquo;ethnie<\/em> &raquo;. Dans la continuit&eacute; du mouvement Black Lives Matter, la maison avait publi&eacute; un &laquo; <em>plan d&rsquo;action et de responsabilit&eacute; contre le racisme<\/em> &raquo;. En d&eacute;pit de cette volont&eacute;, les cr&eacute;ateurs et auteurs publi&eacute;s demeurent majoritairement d&rsquo;origine caucasienne, une probl&eacute;matique li&eacute;e &agrave; la diversit&eacute; qui perdure chez PRH.<br \/>         19\/11\/2021, 17:03       <br \/>Le groupe Editis annonce, dans un communiqu&eacute;, plusieurs nominations concernant les secteurs du poche et du manga. Pour le premier, le groupe souhaite &laquo; <em>retrouver sa place de leader<\/em> &raquo;, et, pour le second, lui accorder &laquo; <em>une place encore plus importante<\/em> &raquo; au sein du groupe, filiale de Vivendi.<br \/>         19\/11\/2021, 11:36       <br \/>La question, rh&eacute;torique, m&eacute;ritait tout de m&ecirc;me d&rsquo;&ecirc;tre pos&eacute;e. Ainsi, le directeur &eacute;ditorial de la collection Pl&eacute;iade de Gallimard s&rsquo;est vu interpell&eacute; : non pas est-ce qu&rsquo;Alphonse Allais, &laquo;&thinsp;prince des humoristes&thinsp;&raquo;, figurera un jour dans ladite collection, mais quand. Alors, quand&thinsp;? &Eacute;l&eacute;ments de r&eacute;ponse.<br \/>         19\/11\/2021, 10:13       <br \/>En octobre, la d&eacute;cision fut prise : celle d&rsquo;int&eacute;grer le pronom personnel &laquo; <em>iel <\/em>&raquo; &agrave; la version en ligne du dictionnaire Le Robert. Malgr&eacute; un usage encore faible &ndash; d&rsquo;autant plus &agrave; l&rsquo;oral qu&rsquo;&agrave; l&rsquo;&eacute;crit &ndash;, ce petit mot semble se faire une place dans la langue fran&ccedil;aise. Mais qui dit changement, dit (m&eacute;)contentement&hellip;<br \/>         18\/11\/2021, 18:03       <br \/>Tiffanie Gabu int&egrave;gre l&rsquo;&eacute;quipe des &eacute;ditions Julliard en tant qu&rsquo;attach&eacute;e de presse et responsable des relations libraires et des salons.<br \/>         17\/11\/2021, 14:14       <br \/>La grande d&eacute;fenseure de la fiction fantastique et romantique, Petra Mayer, et productrice-animatrice &agrave; National Public Radio (NPR) am&eacute;ricaine, est d&eacute;c&eacute;d&eacute;e le 13 novembre &agrave; l&rsquo;&acirc;ge de 46 ans d&rsquo;une embolie pulmonaire, nous apprend la radio publique. <em>Nerd<\/em> autoproclam&eacute;e, elle &eacute;tait surtout connue aux Etats-Unis pour avoir &eacute;t&eacute; la voix des livres et de la culture pour les auditeurs de la radio publique am&eacute;ricaine.&nbsp;<br \/>         17\/11\/2021, 13:43       <br \/>L&rsquo;&eacute;quipe du Bruit du monde sera bient&ocirc;t au complet. Rejoints d&eacute;but juillet par Benjamin Burguete (assistant d&rsquo;&eacute;dition) et d&eacute;but septembre par Marie Desmeures (&eacute;ditrice pour les langues fran&ccedil;aises), Marie-Pierre Gracedieu et Adrien Servieres accueilleront le 1er d&eacute;cembre deux nouveaux collaborateurs.&nbsp;<br \/>         17\/11\/2021, 10:14       <br \/>Le lancement d&rsquo;une OPA sur le groupe Lagard&egrave;re par son concurrent Vivendi, en septembre dernier, a mis l&rsquo;&eacute;dition en &eacute;moi. D&rsquo;une possible fusion naitrait un super-groupe &eacute;ditorial, particuli&egrave;rement puissant, aussi bien sur le plan &eacute;ditorial m&ecirc;me qu&rsquo;au niveau de la distribution. Cette perspective n&rsquo;enchante pas vraiment les autres acteurs du secteur, dont Antoine Gallimard, PDG du groupe homonyme.<br \/>         16\/11\/2021, 11:00       <br \/>HarperCollins France publiera en octobre 2022 le 1er tome de la s&eacute;rie <em>Rekke et Vargas<\/em> de David Lagercrantz. Disponible en Su&egrave;de depuis le 1er novembre sous le nom d&rsquo;<em>Obscuritas <\/em>aux &eacute;ditions Norstedts, ce premier tome para&icirc;tra en France, puis la collection HarperCollins Poche, dans une traduction de R&eacute;mi Cassaigne. Un nouveau tome para&icirc;tra tous les deux ans.<br \/>&nbsp;<br \/>&nbsp;<br \/>         15\/11\/2021, 16:16       <br \/>Fond&eacute;es en 1974 par Jacques Fortin, &agrave; Montr&eacute;al, les &Eacute;ditions Qu&eacute;bec Am&eacute;rique proposent un catalogue diversifi&eacute;, de romans, d&rsquo;essais, de dictionnaires et d&rsquo;encyclop&eacute;dies. Apr&egrave;s 30 ans pass&eacute;s au sein de la maison d&rsquo;&eacute;dition, o&ugrave; elle a &oelig;uvr&eacute; &agrave; la production comme au d&eacute;veloppement &eacute;ditorial, Caroline Fortin succ&egrave;de &agrave; son p&egrave;re aux &Eacute;ditions Qu&eacute;bec Am&eacute;rique, avec l&rsquo;acquisition d&rsquo;une part majoritaire des &Eacute;ditions Cardinal.<br \/>         13\/11\/2021, 11:39       <br \/>Ubik est partout. <em>Logik<\/em>. Mais comme la fleur du po&egrave;me mallarm&eacute;en, il manquait &eacute;trangement au bouquet. &Agrave; l&rsquo;occasion des 40 ans de la disparition de Philip K. Dick en 2022, les &eacute;ditions J&rsquo;ai Lu programment une s&eacute;rie d&rsquo;&eacute;v&eacute;nements consacr&eacute;s &agrave; ce mystique de la science-fiction. &Agrave; commencer par la nouvelle traduction de <em>Ubik <\/em>par H&eacute;l&egrave;ne Collon, que l&rsquo;&eacute;diteur vient enfin d&rsquo;int&eacute;grer &agrave; son catalogue, enrichi d&rsquo;une postface in&eacute;dite.&nbsp;<br \/>         13\/11\/2021, 11:10       <br \/>Le groupe Bayard a annonc&eacute; une prise de participation majoritaire au sein de la soci&eacute;t&eacute; Edoki Academy, &eacute;diteur fran&ccedil;ais sp&eacute;cialis&eacute; dans le d&eacute;veloppement d&rsquo;applications ludo-&eacute;ducatives pour les enfants de 3 &agrave; 10 ans. Au sein du catalogue d&rsquo;Edoki, notamment, La Maternelle Montessori, un succ&egrave;s dans le monde entier.<br \/>         12\/11\/2021, 11:52       <br \/>Les &Eacute;ditions d&rsquo;en bas sont n&eacute;es &agrave; Lausanne en 1976 &agrave; l&rsquo;initiative du sociologue et militant Michel Glardon (1943-2003). Sous la houlette de Jean Richard, la maison d&rsquo;&eacute;dition a continu&eacute; de d&eacute;velopper et d&rsquo;affirmer sa sensibilit&eacute; &agrave; l&rsquo;&eacute;gard des cultures en marge et des perspectives &eacute;mergentes dans le paysage litt&eacute;raire, social et politique. La maison est membre fondateur de l&rsquo;Alliance internationale des &eacute;diteurs ind&eacute;pendants, qui promeut la bibliodiversit&eacute;.<br \/>         10\/11\/2021, 15:50       <br \/>Exclusif &#8211; Sur le chemin de la guerre, le romancier gallois vient de poser une nouvelle pierre : <em>Pour rien au monde<\/em> (traduit par Odile Demange, Jean-Daniel Br&egrave;que, Nathalie Gouy&eacute;-Guilbert, Dominique Haas et Christel Gaillard-Paris) envisage un conflit d&rsquo;une nouvelle ampleur. &laquo; <em>L&rsquo;histoire la plus r&eacute;aliste que j&rsquo;aie jamais &eacute;crite <\/em>&raquo;, nous avait-il confi&eacute;. Avec le concours des &eacute;ditions Robert Laffont, l&rsquo;&eacute;crivain nous raconte la construction de son ouvrage, dans sa conception m&ecirc;me.<br \/>         10\/11\/2021, 13:53       <br \/>Le conseil d&rsquo;administration de l&rsquo;Asfored, a ente\u0301rine\u0301 aujourd&rsquo;hui la nomination de Fre\u0301de\u0301ric M&eacute;riot a\u0300 la te\u0302te de son conseil d&rsquo;administration. Apre\u0300s 3 ans a\u0300 la te\u0302te du Conseil d&rsquo;Administration de l&rsquo;Asfored, Guillaume Dervieux passe le relai a\u0300 Fre\u0301de\u0301ric M&eacute;riot alors Tre\u0301sorier et membre du conseil d&rsquo;administration.&nbsp;<br \/>         10\/11\/2021, 09:52       <br \/>Au rayon Atlas, le nom de Georges Duby fait d&eacute;sormais &eacute;cho &agrave; celui de Christian Grataloup. En effet, les deux atlas historiques publi&eacute;s par les Ar&egrave;nes ont su s&eacute;duire le milieu universitaire, mais pas que&hellip; Vendus respectivement &agrave; plus de 50.000 et 20.000 exemplaires (donn&eacute;es Edistat), l&rsquo;<em>Atlas historique mondial<\/em> et l&rsquo;<em>Atlas historique de la France<\/em> retrouvent les librairies, accompagn&eacute;s d&rsquo;un jeu de soci&eacute;t&eacute;. La cha&icirc;ne Youtube <em>Les Ar&egrave;nes du savoir<\/em>, aux 34.500 abonn&eacute;s, proposera aussi des programmes vid&eacute;os in&eacute;dits. Pour le plus grand plaisir des passionn&eacute;s de cartes et de tous les curieux d&rsquo;Histoire.&nbsp;<br \/>         10\/11\/2021, 09:19       <br \/>Sur moins de 300 pages, avec quatre titres par an propos&eacute;s pour 19 &euro; l&rsquo;unit&eacute;, Flammarion pr&eacute;sente Delta. Une collection qui d&eacute;butera en janvier 2022, avec des essais centr&eacute;s sur les transformations sociales et les th&eacute;ories critiques qui les accompagnent.&nbsp;<br \/>         09\/11\/2021, 15:02       <br \/>Sp&eacute;cialis&eacute; dans les &eacute;ditions de livres sur les sciences, les sciences humaines et l&rsquo;histoire, &agrave; travers les &eacute;ditions PUF, Belin, L&rsquo;Observatoire, Les &Eacute;quateurs, Pass&eacute;s compos&eacute;s, humenSciences et Le Pommier, le groupe Humensis lance une nouvelle collection de poche, Alpha. L&rsquo;ambition : &laquo; <em>P&eacute;renniser l&rsquo;acc&egrave;s aux meilleurs ouvrages des maisons du groupe. &raquo; <\/em>Quarante titres annuels enrichiront la collection Alpha qui<em> &laquo; entend ainsi devenir une r&eacute;f&eacute;rence dans le domaine de la connaissance durable<\/em> &raquo;.<br \/>         09\/11\/2021, 12:06       <br \/>Un journal suisse accuse l&rsquo;&eacute;ditrice des carnets et journaux intimes de la romanci&egrave;re am&eacute;ricaine Patricia Highsmith d&rsquo;avoir censur&eacute; les &eacute;crits antis&eacute;mites de l&rsquo;auteure. En effet, le <em>Neue Z&uuml;rcher Zeitung<\/em> accuse les &eacute;ditions suisses, le <em>Diogenes Verlag<\/em>, d&rsquo;avoir coup&eacute; les passages anti-juifs de la parution des &eacute;crits intimes de l&rsquo;&eacute;crivaine, d&eacute;c&eacute;d&eacute;e en 1995. <em>Les &eacute;crits intimes de Patricia Highsmith, 1941-1995 <\/em>(trad. Bernard Turle), &eacute;dit&eacute;s en France par les &eacute;ditions Calmann-L&eacute;vy, et disponibles en librairie depuis ce 3 novembre.<br \/>&nbsp;<br \/>         08\/11\/2021, 12:38       <br \/>Les &eacute;ditions Abrams Books proposent une nouvelle collection de romans graphiques LGBT+. &Eacute;difi&eacute;e par la sc&eacute;nariste de bande dessin&eacute;e canadienne, laur&eacute;ate d&rsquo;un Prix Eisner, Mariko Tamaki (<em>She-Hulk<\/em>, <em>This One Summer<\/em>, <em>Laura Dean Keeps Breaking Up with Me<\/em>), cette nouvelle ligne &eacute;ditoriale tend &agrave; d&eacute;velopper la pr&eacute;sence de cr&eacute;ateurs et contenu LGBTQIA dans le monde du 9e art.<br \/>         05\/11\/2021, 09:24       <br \/>James Bond a disparu : tel est le premier indice r&eacute;v&eacute;l&eacute; par l&rsquo;&eacute;diteur HarperCollins et les ayants droit de Ian Fleming, le cr&eacute;ateur du c&eacute;l&egrave;bre agent au service secret de Sa Majest&eacute;. La romanci&egrave;re Kim Sherwood signera une trilogie de romans qui poursuivra les aventures de 007, avec la parution du premier tome annonc&eacute;e pour septembre 2022.<br \/>         04\/11\/2021, 12:18       <br \/>C&rsquo;est officiel&nbsp;: Michel Houellebecq offrira bient&ocirc;t un nouveau roman &agrave; ses lecteurs. Trois ans apr&egrave;s la parution de son dernier livre, S&eacute;rotonine, les &eacute;ditions Flammarion ont annonc&eacute; l&rsquo;arriv&eacute;e d&rsquo;un prochain roman pour janvier 2022. Encore un peu de patience, donc&hellip;<br \/>         03\/11\/2021, 18:15       <br \/>Zozo la Tornade, personnage cr&eacute;&eacute; par Astrid Lindgren au d&eacute;but des ann&eacute;es 1960, fera son retour en librairie au format audio. SAGA Kids, filiale de la maison d&rsquo;&eacute;dition SAGA Egmont &mdash; elle-m&ecirc;me int&eacute;gr&eacute;e au groupe danois Egmont &mdash;, entend diversifier l&rsquo;offre jeunesse en traduisant et publiant des r&eacute;cits in&eacute;dits en livres audio.<br \/>         03\/11\/2021, 11:12       <br \/>Des dessins de Franz Kafka vont para&icirc;tre en France le 4 novembre aux &eacute;ditions Les Cahiers Dessin&eacute;s. Tout aussi surr&eacute;alistes que ses grandes &oelig;uvres litt&eacute;raires, ces dessins r&eacute;v&egrave;lent n&eacute;anmoins un Kafka plus burlesque. Un tr&eacute;sor de 150 dessins r&eacute;cup&eacute;r&eacute;s dans un coffre-fort d&rsquo;une banque suisse en 2019, apr&egrave;s des ann&eacute;es de querelles judiciaires. L&rsquo;auteur du <em>Ch&acirc;teau<\/em> (trad. Bernard Lortholary) avait exig&eacute; que ses dessins soient br&ucirc;l&eacute;s apr&egrave;s sa mort, sans succ&egrave;s.<br \/>         29\/10\/2021, 16:56       <br \/>&Agrave; partir du 4 novembre, la figure historique de la r&eacute;volution cubaine Ernesto Che Guevara (1928-1967), dit El Che, dominera les &eacute;talages des librairies fran&ccedil;aises. En effet, Au Diable Vauvert, qui publie une litt&eacute;rature mondiale, propose un nouveau projet &eacute;ditorial : remettre au go&ucirc;t du jour les textes du Che, avec plusieurs in&eacute;dits dont sa correspondance intime avec sa famille. Un projet qui s&rsquo;&eacute;tendra sur 3 ans&hellip;<br \/>         29\/10\/2021, 15:09       <br \/>           Autres articles de la rubrique M\u00e9tiers       <br \/>L&rsquo;autrice canadienne Margaret Atwood, figure litt&eacute;raire internationale, a &eacute;t&eacute; salu&eacute;e par un timbre &agrave; son effigie, d&eacute;voil&eacute; par les services postaux du pays. La cr&eacute;atrice de <em>La Servante &eacute;carlate<\/em> y appara&icirc;t devant un vers extrait de son po&egrave;me <em>Spelling<\/em>.<br \/>         30\/11\/2021, 16:00       <br \/>Mark T. Esper, ancien secr&eacute;taire &agrave; la D&eacute;fense de Trump entre 2019 et 2020, envisage de publier des M&eacute;moires, intitul&eacute;es <em>A Sacred Oath<\/em>, en mai 2022, qu&rsquo;il a confi&eacute;es &agrave; l&rsquo;&eacute;diteur HarperCollins. Or, le Pentagone, selon lui, en bloque la publication pour des motifs sp&eacute;cieux, raison pour laquelle il fait appel &agrave; la justice pour trancher.<br \/>         30\/11\/2021, 12:34       <br \/>Bernardine Evaristo est devenue la premi&egrave;re &eacute;crivaine noire &agrave; &ecirc;tre nomm&eacute;e pr&eacute;sidente de la <em>Royal Society of Literature<\/em> (RSL). C&rsquo;est &eacute;galement seulement la deuxi&egrave;me femme a &ecirc;tre choisie pour ce poste prestigieux. Le pr&eacute;sident, nomm&eacute; pour quatre ans, devient un ambassadeur de la soci&eacute;t&eacute;, et dirige la mission que s&rsquo;est donn&eacute;e l&rsquo;institution cr&eacute;&eacute;e en 1820 : soutenir les auteurs &eacute;tablis et &eacute;mergents et favoriser la litt&eacute;rature aupr&egrave;s des jeunes g&eacute;n&eacute;rations.<br \/>         30\/11\/2021, 11:58       <br \/>La ministre de la Culture Roselyne Bachelot-Narquin a ouvert ce matin les Assises de la formation en biblioth&egrave;que territoriale, organis&eacute;es &agrave; la Biblioth&egrave;que publique d&rsquo;information (Paris). Dans une allocution vid&eacute;o, elle s&rsquo;est f&eacute;licit&eacute;e d&rsquo;un &laquo; Moment Biblioth&egrave;ques &raquo; en cours, d&rsquo;apr&egrave;s elle, sous la pr&eacute;sidence d&rsquo;Emmanuel Macron.&nbsp;<br \/>         30\/11\/2021, 11:44       <br \/>En 2019, la Biblioth&egrave;que nationale de Nouvelle-Z&eacute;lande avait propos&eacute; un vaste d&eacute;sherbage, pour faire de la place, avec 600.000 ouvrages concern&eacute;s. La pol&eacute;mique li&eacute;e au retrait de ces documents avait conduit l&rsquo;&eacute;tablissement &agrave; contracter avec la plateforme Internet Archive, qui s&rsquo;&eacute;tait propos&eacute;e pour les conserver et les num&eacute;riser. Mais cette derni&egrave;re solution vient d&rsquo;&ecirc;tre &laquo; <em>mise en pause<\/em> &raquo; par la Biblioth&egrave;que nationale.<br \/>         30\/11\/2021, 09:42       <br \/>Quelque 4200 participants auront jou&eacute; le jeu de la solidarit&eacute; &agrave; travers toute la Suisse en investissant dans le projet Liber. Ce dernier visait au financement de bons d&rsquo;achats de livres : pour une somme de 30 ou 60 francs un compl&eacute;ment portant &agrave; 50 ou 100 francs le montant du cr&eacute;dit &agrave; d&eacute;penser en librairie. Le financement global s&rsquo;&eacute;l&egrave;ve &agrave; 544.866 francs, et permet donc d&rsquo;atteindre le million de francs attendu.&nbsp;<br \/>         29\/11\/2021, 19:44       <br \/>L&rsquo;approche de la fin d&rsquo;ann&eacute;e r&eacute;veille les injonctions consum&eacute;ristes, et l&rsquo;un des plus grands vendeurs du monde ne peut rester de marbre aux difficult&eacute;s d&rsquo;approvisionnement ressenties dans tous les secteurs. Aux &Eacute;tats-Unis, Amazon met ainsi les moyens pour se garantir de nouveaux records de vente, sans jamais d&eacute;cevoir le client, &eacute;videmment.<br \/>         29\/11\/2021, 17:12       <br \/>Elle vivait &agrave; Madrid, d&rsquo;o&ugrave; elle &eacute;crivait ces romans qui ont emport&eacute; le public : Almuneda Grandes comptait parmi les figures majeures de la litt&eacute;rature espagnole contemporaine. Elle s&rsquo;&eacute;tait mis en t&ecirc;te, dans ses ouvrages, de &laquo;&thinsp;<em>refl&eacute;ter les terribles ann&eacute;es de l&rsquo;apr&egrave;s-guerre, quand toute l&rsquo;Europe &eacute;tait &agrave; construire<\/em>&thinsp;&raquo;.<br \/>         29\/11\/2021, 15:56       <br \/>Milan a souvent &eacute;t&eacute; consid&eacute;r&eacute;e comme la capitale de l&rsquo;&eacute;dition italienne. D&eacute;sormais, elle pourrait &ecirc;tre aussi consid&eacute;r&eacute;e comme la capitale de la lecture, selon une enqu&ecirc;te men&eacute;e par l&rsquo;AIE (Association des &eacute;diteurs italiens) sur les habitudes de lecture des Milanais. Une enqu&ecirc;te unique dans le panorama national.<br \/>         29\/11\/2021, 12:26       <br \/>En attendant les audiences &agrave; proprement parler, chaque camp aff&ucirc;te ses armes, dans le cadre du proc&egrave;s Internet Archive, aux &Eacute;tats-Unis. Rappelons que quatre grands &eacute;diteurs am&eacute;ricains, Hachette, HarperCollins, John Wiley &amp; Sons et Penguin Random House, ont port&eacute; plainte en 2020 contre cette plateforme, l&rsquo;accusant d&rsquo;avoir partag&eacute; de mani&egrave;re ill&eacute;gale certains ouvrages num&eacute;riques de leurs catalogues.<br \/>         29\/11\/2021, 12:18       <br \/>Pas vraiment raccord avec le livre ou l&rsquo;industrie de l&rsquo;&eacute;dition &mdash; son mandat fut &eacute;maill&eacute; d&rsquo;incidents divers, et notamment de tentatives de censure &mdash; Donald Trump publie, ce 7 d&eacute;cembre, <em>Our Journey Together<\/em>, un beau-livre de photographies. Du c&ocirc;t&eacute; de l&rsquo;&eacute;dition, Trump reste dans la famille, puisque Winning Team Publishing, la maison d&rsquo;&eacute;dition, appartient &agrave; Donald Trump Jr., son propre fils.<br \/>         29\/11\/2021, 10:37       <br \/>Depuis son instauration, le pass sanitaire incarne l&rsquo;une des mesures que d&eacute;noncent les biblioth&eacute;caires. Les personnels soulignent qu&rsquo;il n&rsquo;est pas dans leurs attributions d&rsquo;effectuer des contr&ocirc;les &mdash; et plus encore, que ledit contr&ocirc;le des certificats sanitaires repr&eacute;sente une discrimination des publics. Sans apporter une solution compl&egrave;te, la gendarmerie nationale propose un outil &agrave; &eacute;tudier&hellip;<br \/>         29\/11\/2021, 09:56       <br \/>&laquo; <em>La Matrice part en vrille. Tout le monde panique. <\/em>&raquo; En l&rsquo;espace d&rsquo;une semaine, les probl&egrave;mes d&rsquo;approvisionnement en livres pour les librairies prennent des proportions invraisemblables. La r&eacute;union des acteurs impliqu&eacute;s, ce 25 novembre, a d&eacute;bouch&eacute; sur un d&eacute;saccord. Tentative d&rsquo;apaisement pour le distributeur, avec des solutions concr&egrave;tes, propositions insatisfaisantes pour le syndicat des libraires. No&euml;l ne parviendra pas &agrave; inspirer la paix sur Terre &ndash; pas forc&eacute;ment par manque d&rsquo;hommes de bonne volont&eacute;&hellip;<br \/>         27\/11\/2021, 16:27       <br \/>En refusant de c&eacute;der les droits de traduction de son dernier roman, <em>Beautiful World, Where Are You<\/em>, &agrave; un &eacute;diteur isra&eacute;lien, Sally Rooney proc&eacute;dait &agrave; un boycott afin d&rsquo;attirer l&rsquo;attention sur le sort r&eacute;serv&eacute; aux territoires palestiniens. Critiqu&eacute; par certains, notamment le ministre isra&eacute;lien de la Diaspora, son choix est salu&eacute; par 70 auteurs anglophones des &Eacute;tats-Unis et du Royaume-Uni.<br \/>         26\/11\/2021, 12:00       <br \/>Pi&ugrave; libri pi&ugrave; liberi, la foire italienne destin&eacute;e aux petits et moyens &eacute;diteurs, se tiendra &agrave; Rome du 4 au 8 d&eacute;cembre. L&rsquo;Association des &eacute;diteurs italiens (AIE) a annonc&eacute; dans un communiqu&eacute; de presse l&rsquo;un des chiffres qui seront pr&eacute;sent&eacute;s lors des rencontres professionnelles pr&eacute;vues par le salon. En bref, voici la nouvelle : les enfants et les jeunes jusqu&rsquo;&agrave; 14 ans sont la tranche d&rsquo;&acirc;ge qui lit le plus en Italie.<br \/>         26\/11\/2021, 11:50       <br \/>&laquo;&thinsp;<em>&Eacute;tranger, danger<\/em>&thinsp;&raquo;, clamait, hilare, cet &eacute;tudiant en droit originaire d&rsquo;Afghanistan, inscrit &agrave; l&rsquo;universit&eacute; de Gen&egrave;ve, dans un &eacute;lan d&rsquo;autod&eacute;rision et d&rsquo;ironie. Imaginait-il alors que, bien des ann&eacute;es plus tard, Fnac lui donnerait raison&thinsp;? L&rsquo;agitateur culturel a en effet d&eacute;cid&eacute; de classer le roman de Mohamed Mbougar Sarr, Prix Goncourt 2021, dans les meilleures ventes de&hellip; litt&eacute;rature &eacute;trang&egrave;re. WTF&thinsp;?<br \/>         26\/11\/2021, 11:41       <br \/>Le jour m&ecirc;me de l&rsquo;&eacute;lection de Mario Vargas Llosa au fauteuil 18 de l&rsquo;Acad&eacute;mie fran&ccedil;aise, les Immortels fixaient la date de la prochaine session de vote. Le fauteuil d&rsquo;Yves Pouliquen, d&eacute;c&eacute;d&eacute; le 5 f&eacute;vrier 2020, trouvera peut-&ecirc;tre son successeur &agrave; cette occasion&#8230;<br \/>         26\/11\/2021, 10:36       <br \/><em>Marasme<\/em>, <em>calamit&eacute;<\/em>, <em>vaste bordel<\/em>&hellip; les qualificatifs ne manquent pas chez les libraires pour d&eacute;crire la situation, alors que les f&ecirc;tes de fin d&rsquo;ann&eacute;es approchent. Pris de court, les voici entre le marteau et l&rsquo;enclume, avec la ferme intention de ne pas prendre de coups de la part de lecteurs m&eacute;contents. Conclusion, s&rsquo;il n&rsquo;est pas possible pour eux d&rsquo;&ecirc;tre fournis en bandes dessin&eacute;es, et autres titres dont s&rsquo;occupe MDS, ils sont bien d&eacute;cid&eacute;s &agrave; se passer des titres que distribue la filiale de M&eacute;dia Participations.<br \/>         25\/11\/2021, 23:43       <br \/>En octobre dernier, suite &agrave; une r&eacute;union du conseil scolaire de North Kansas City (Missouri), deux romans avaient &eacute;t&eacute; retir&eacute;s de la collection des biblioth&egrave;ques scolaires, jug&eacute;s inappropri&eacute;s et sexuellement explicites par des parents d&rsquo;&eacute;l&egrave;ves. Cette semaine, <em>All Boys Aren&rsquo;t Blue<\/em> de George M. Johnson (Farrar, Straus and Giroux) et <em>Fun Home: A Family Tragicomic<\/em> de Alison Bechdel (Mariner Books) feront finalement leur retour parmi les autres oeuvres propos&eacute;es aux jeunes lecteurs&hellip;&nbsp;<br \/>         25\/11\/2021, 16:56       <br \/>La commission L&eacute;goth&egrave;que de l&rsquo;Association des Biblioth&eacute;caires de France avait ouvert en juin dernier un questionnaire &agrave; destination des personnes trans, qu&rsquo;elles soient usag&egrave;res des biblioth&egrave;ques ou non. L&rsquo;id&eacute;e&thinsp;? &Agrave; partir des r&eacute;ponses, faire &eacute;voluer certains aspects des biblioth&egrave;ques pour qu&rsquo;elles se r&eacute;v&egrave;lent plus accueillantes, et deviennent des espaces plus s&ucirc;rs.<br \/>         25\/11\/2021, 16:52       <br \/>Sans trop de surprise, le candidat Mario Vargas Llosa aura attir&eacute; les votes des Acad&eacute;miciens. L&rsquo;auteur p&eacute;ruvien naturalis&eacute; espagnol si&egrave;gera au fauteuil 18, pr&eacute;c&eacute;demment occup&eacute; par Michel Serres. La nouvelle a &eacute;t&eacute; annonc&eacute;e par &Aacute;lvaro Vargas Llosa, le fils a&icirc;n&eacute; de l&rsquo;&eacute;crivain.<br \/>         25\/11\/2021, 16:04       <br \/>Avec une po&eacute;sie que Reverdy ne renierait pas, la librairie en ligne BDfugue.com se fait tendre. &laquo;&thinsp;<em>Il n&rsquo;y a pas d&rsquo;amour, il n&rsquo;y a que des preuves d&rsquo;amour<\/em>&thinsp;&raquo;, disait le po&egrave;te. Il en va de m&ecirc;me quand on exerce le m&eacute;tier de libraire sur internet : on ne peut que d&eacute;montrer son implication. Parce que ecommerce ne signifie certainement pas que l&rsquo;on est d&eacute;tach&eacute; du lien social.<br \/>         25\/11\/2021, 15:36       <br \/>Les derni&egrave;res annonces du gouvernement sur la lutte contre le coronavirus et la cinqui&egrave;me vague &eacute;pid&eacute;mique ont notamment instaur&eacute; le port du masque dans les lieux publics clos, y compris ceux soumis au &laquo; pass sanitaire &raquo;, &agrave; partir du vendredi 26 novembre.<br \/>         25\/11\/2021, 15:30       <br \/>En juillet, la journaliste Catherine Belton, autrice du livre <em>Putin&rsquo;s People: How the KGB Took Back Russia and then Took on the West<\/em>, et son &eacute;diteur HarperCollins r&eacute;pondaient &agrave; des accusations de diffamation devant une cour londonienne. Ce mercredi 24 novembre, la justice britannique s&rsquo;est enfin prononc&eacute;e.&nbsp;<br \/>         25\/11\/2021, 15:08       <br \/>Avec <em>La Nouvelle Urbanit&eacute;<\/em>, l&rsquo;&eacute;crivain espagnol Manuel Vilas signe cette ann&eacute;e l&rsquo;In&eacute;dit, le texte publi&eacute; par les libraires Initiales. &Agrave; partir du d&eacute;but du mois de d&eacute;cembre, il sera offert en cadeau dans les 56 librairies ind&eacute;pendantes de l&rsquo;association, en France et en Belgique.<br \/>         25\/11\/2021, 12:37       <br \/>La nouvelle mainmise de la Chine sur Hong Kong n&rsquo;est plus seulement une crainte : cela se manifeste d&eacute;sormais au quotidien, pour les r&eacute;sidents de cette zone administrative r&eacute;troc&eacute;d&eacute;e &agrave; P&eacute;kin. Ainsi, les biblioth&egrave;ques ont perdu un certain nombre d&rsquo;ouvrages relatifs au massacre de Tian&rsquo;anmen, en 1989.<br \/>         25\/11\/2021, 12:21       <br \/>Le Conseil des ministres de ce 24 novembre aura permis &agrave; la ministre de la Culture, Roselyne Bachelot-Narquin, de pr&eacute;senter au pr&eacute;sident de la R&eacute;publique un projet d&rsquo;ordonnance transposant des dispositions de la directive europ&eacute;enne sur le droit d&rsquo;auteur. Celles-ci portent sur les exceptions au titre de l&rsquo;enseignement et de la fouille de textes et de donn&eacute;es, mais aussi sur l&rsquo;exploitation des &oelig;uvres indisponibles par des organismes de gestion collective.<br \/>         25\/11\/2021, 11:43       <br \/>Plusieurs d&eacute;crets du pr&eacute;sident de la R&eacute;publique, publi&eacute;s ce jour au Journal officiel, font &eacute;tat de nominations ou promotions au sein de l&rsquo;Ordre national du M&eacute;rite. Parmi les noms cit&eacute;s au sein de ces listes, ceux d&rsquo;Annette Wieviorka, historienne, et Charles Dantzig, auteur et journaliste.<br \/>         25\/11\/2021, 09:49       <br \/>Le comit&eacute; des membres de la Coop&eacute;rative de Var&egrave;se-Malnate, en Italie, propose de combiner deux activit&eacute;s habituellement &eacute;loign&eacute;es : les courses et les livres. Voici un groupe de lecture organis&eacute; par un supermarch&eacute;.<br \/>         25\/11\/2021, 09:44       <br \/>Apr&egrave;s un vote sans trop de difficult&eacute; &agrave; l&rsquo;Assembl&eacute;e nationale en octobre dernier, deux lois qui portent sur le secteur du livre, l&rsquo;une sur les biblioth&egrave;ques et l&rsquo;autre sur l&rsquo;&eacute;conomie du livre, notamment les frais de port du livre, ont pass&eacute; sans encombre la Commission de la culture du S&eacute;nat.<br \/>         24\/11\/2021, 16:37       <br \/>Froid glacial, musiques sirupeuses, d&eacute;corations diverses : plusieurs indices annoncent les f&ecirc;tes de fin d&rsquo;ann&eacute;e. Les recommandations litt&eacute;raires de Bill Gates en font partie, tant le fondateur de Microsoft est fid&egrave;le &agrave; cette tradition. Cette ann&eacute;e, toutefois, le milliardaire a fait une place pour quelques librairies am&eacute;ricaines&#8230;<br \/>         24\/11\/2021, 11:46       <br \/>Apr&egrave;s une annulation en 2020 et une session de rattrapage en 2021 &mdash; attendue du 24 au 26 novembre &mdash; la San Diego Comic-Con, un des plus importants &eacute;v&eacute;nements du monde en mati&egrave;re de BD et comics, sera de retour en version normale en juillet 2022, ont annonc&eacute; les organisateurs.<br \/>         24\/11\/2021, 11:02       <br \/>Le groupe Mondadori est de plus en plus int&eacute;ress&eacute; par une expansion dans le secteur de l&rsquo;&eacute;dition de livres. Le 7 novembre, en effet, l&rsquo;autorit&eacute; antitrust a approuv&eacute; l&rsquo;acquisition de De Agostini Scuola. Le 22 novembre, le groupe bas&eacute; &agrave; Segrate a sign&eacute; un accord avec De Agostini Editore pour l&rsquo;achat de 50 % de DeA Planeta Libri.&nbsp;<br \/>         24\/11\/2021, 11:01       <br \/>&Acirc;g&eacute; de 94 ans, le po&egrave;te am&eacute;ricain Robert Bly est d&eacute;c&eacute;d&eacute;, ce 21 novembre. Assez peu connu en France &mdash; seul <em>L&rsquo;homme sauvage et l&rsquo;enfant<\/em> a &eacute;t&eacute; traduit en France au Seuil &mdash;, il &eacute;tait devenu une figure du mouvement masculiniste aux &Eacute;tats-Unis. Et cela, notamment avec la publication de ce m&ecirc;me ouvrage, en 1990, dans lequel il d&eacute;crivait des hommes &laquo; <em>adoucis et f&eacute;minis&eacute;s<\/em> &raquo;.<br \/>         24\/11\/2021, 10:20       <br \/>La saga <em>Mill&eacute;nium<\/em> r&eacute;siste d&eacute;cid&eacute;ment bien &agrave; la disparition de son cr&eacute;ateur, Stieg Larsson, survenue en 2004. La maison d&rsquo;&eacute;dition su&eacute;doise Polaris a ainsi annonc&eacute; la publication de trois nouveaux romans, apr&egrave;s acquisition des droits aupr&egrave;s de la famille de Larsson.<br \/>         23\/11\/2021, 11:58       <br \/>Dans le march&eacute; du divertissement physique (livres, consoles et jeux, musique et home vid&eacute;o), le livre reste le protagoniste principal. C&rsquo;est ce que r&eacute;v&egrave;lent les donn&eacute;es d&rsquo;une enqu&ecirc;te Gfk sur les march&eacute;s du divertissement physique en Italie, en Espagne et en France, publi&eacute;e par l&rsquo;&eacute;diteur italien Salani &agrave; la mi-novembre. En 2020, pour chaque 100 &euro; d&eacute;pens&eacute;, plus de 70 &euro; ont &eacute;t&eacute; consacr&eacute;s aux livres, et la valeur la plus &eacute;lev&eacute;e a &eacute;t&eacute; atteinte en Italie avec 78 &euro;&#8230;.<br \/>         23\/11\/2021, 10:39       <br \/>       Top Articles     <\/p>\n<p><a href=\"https:\/\/actualitte.com\/article\/103615\/edition\/elsevier-achete-osmosis-plateforme-de-formation-des-professionnels-de-sante\">source<\/a><\/p>\n<!--CusAds0-->\n<div style=\"font-size: 0px; height: 0px; line-height: 0px; margin: 0; padding: 0; clear: both;\"><\/div>","protected":false},"excerpt":{"rendered":"<p>Rubriques Multim\u00e9dia \u00c0 la loupe Le groupe Elsevier, sp&eacute;cialis&eacute; dans l&rsquo;&eacute;dition scientifique, technique et m&eacute;dicale, annonce l&rsquo;acquisition de la plateforme de formation des professionnels de sant&eacute; Osmosis. Cette derni&egrave;re, dont l&rsquo;offre est disponible dans 195 pays du monde, vient compl&eacute;ter l&rsquo;offre d&rsquo;Elsevier en mati&egrave;re de formation. Le 30\/11\/2021 \u00e0 15:50 par Antoine Oury 0 R\u00e9actions [&hellip;]<\/p>\n","protected":false},"author":1,"featured_media":0,"comment_status":"open","ping_status":"open","sticky":false,"template":"","format":"standard","meta":{"googlesitekit_rrm_CAow1sXXCw:productID":"","_jetpack_memberships_contains_paid_content":false,"footnotes":"","jetpack_publicize_message":"","jetpack_publicize_feature_enabled":true,"jetpack_social_post_already_shared":false,"jetpack_social_options":{"image_generator_settings":{"template":"highway","default_image_id":0,"font":"","enabled":false},"version":2}},"categories":[1],"tags":[],"class_list":["post-2110","post","type-post","status-publish","format-standard","hentry","category-non-classe"],"jetpack_publicize_connections":[],"jetpack_featured_media_url":"","jetpack_sharing_enabled":true,"_links":{"self":[{"href":"https:\/\/monblogeur.tech\/index.php\/wp-json\/wp\/v2\/posts\/2110","targetHints":{"allow":["GET"]}}],"collection":[{"href":"https:\/\/monblogeur.tech\/index.php\/wp-json\/wp\/v2\/posts"}],"about":[{"href":"https:\/\/monblogeur.tech\/index.php\/wp-json\/wp\/v2\/types\/post"}],"author":[{"embeddable":true,"href":"https:\/\/monblogeur.tech\/index.php\/wp-json\/wp\/v2\/users\/1"}],"replies":[{"embeddable":true,"href":"https:\/\/monblogeur.tech\/index.php\/wp-json\/wp\/v2\/comments?post=2110"}],"version-history":[{"count":0,"href":"https:\/\/monblogeur.tech\/index.php\/wp-json\/wp\/v2\/posts\/2110\/revisions"}],"wp:attachment":[{"href":"https:\/\/monblogeur.tech\/index.php\/wp-json\/wp\/v2\/media?parent=2110"}],"wp:term":[{"taxonomy":"category","embeddable":true,"href":"https:\/\/monblogeur.tech\/index.php\/wp-json\/wp\/v2\/categories?post=2110"},{"taxonomy":"post_tag","embeddable":true,"href":"https:\/\/monblogeur.tech\/index.php\/wp-json\/wp\/v2\/tags?post=2110"}],"curies":[{"name":"wp","href":"https:\/\/api.w.org\/{rel}","templated":true}]}}