{"id":2155,"date":"2021-12-01T04:50:05","date_gmt":"2021-12-01T03:50:05","guid":{"rendered":"https:\/\/monblogeur.tech\/index.php\/2021\/12\/01\/besancon-formation-le-lycee-jules-haag-se-met-a-lheure-de-lintelligence-artificielle-est-republicain\/"},"modified":"2021-12-01T04:50:05","modified_gmt":"2021-12-01T03:50:05","slug":"besancon-formation-le-lycee-jules-haag-se-met-a-lheure-de-lintelligence-artificielle-est-republicain","status":"publish","type":"post","link":"https:\/\/monblogeur.tech\/index.php\/2021\/12\/01\/besancon-formation-le-lycee-jules-haag-se-met-a-lheure-de-lintelligence-artificielle-est-republicain\/","title":{"rendered":"Besan\u00e7on | Formation : le lyc\u00e9e Jules-Haag se met \u00e0 l\u2019heure de l\u2019intelligence artificielle &#8211; Est R\u00e9publicain"},"content":{"rendered":"<div class=\"cfbc967f0983488262956e73eca9483a\" data-index=\"1\" style=\"float: none; margin:10px 0 10px 0; text-align:center;\">\n<script async src=\"https:\/\/pagead2.googlesyndication.com\/pagead\/js\/adsbygoogle.js?client=ca-pub-3859091246952232\" crossorigin=\"anonymous\"><\/script>\r\n<!-- blok -->\r\n<ins class=\"adsbygoogle\" data-ad-client=\"ca-pub-3859091246952232\" data-ad-slot=\"1334354390\"><\/ins>\r\n<script>\r\n     (adsbygoogle = window.adsbygoogle || []).push({});\r\n<\/script>\r\n\n<\/div>\n<p>Vous pouvez lire L&rsquo;Est R\u00e9publicain sur  <span class=\"bold\">$this.View.AuthResponse.DeviceLimit appareils<\/span> maximum. Confirmez l\u2019utilisation de votre compte sur cet appareil en saisissant votre mot de passe<br \/><span class=\"bold\">CAS N\u00b01 : Vous (ou une autre personne) utilisez plus de $this.View.AuthResponse.DeviceLimit appareils et\/ou navigateurs en m\u00eame temps &#8594;<\/span>  \t\t\t\t\t\t\t\tD\u00e9connectez-vous des appareils et\/ou navigateurs que vous n&rsquo;utilisez pas<br \/><span class=\"bold\">CAS N\u00b02 : Vous naviguez en mode priv\u00e9 &#8594;<\/span>  \t\t\t\t\t\t\t\tD\u00e9connectez-vous syst\u00e9matiquement avant de fermer la fen\u00eatre du navigateur<br \/><span class=\"bold\">CAS N\u00b03 : Vous refusez les cookies de connexion dans les param\u00e8tres de votre navigateur (ou une mise \u00e0 jour a modifi\u00e9 vos param\u00e8tres) &#8594;<\/span>  \t\t\t\t\t\t\t\tChanger les param\u00e8tres d&rsquo;acceptation des cookies de votre navigateur<br \/><span class=\"bold\">DANS TOUS LES CAS &#8594;<\/span> cliquer sur \u00ab\u00a0continuer sur cet appareil\u00a0\u00bb r\u00e9sout le probl\u00e8me<br \/><span class=\"bold\">Que se passe-t-il si je clique sur \u00ab\u00a0continuer sur cet appareil\u00a0\u00bb ?<\/span><br \/>  \t\t\t\t\t\t\t\tVous pourrez profiter de votre compte sur cet appareil et tous vos autres appareils  \t\t\t\t\t\t\t\tseront d\u00e9connect\u00e9s. Vous pourrez toujours vous y reconnecter, dans la limite de  \t\t\t\t\t\t\t\t$this.View.AuthResponse.DeviceLimit appareils.<br \/><span class=\"bold\">Comment puis-je voir les appareils connect\u00e9s ?<\/span><br \/>  \t\t\t\t\t\t\t\tRendez-vous dans votre espace client puis cliquez sur \u00ab\u00a0g\u00e9rer les \u00e9quipements\u00a0\u00bb. Si vous y allez apr\u00e8s avoir cliqu\u00e9 sur \u00ab\u00a0Continuer sur cet appareil\u00a0\u00bb, il ne devrait y en avoir qu&rsquo;un seul.<br \/>  \t\t\t  Si vous voyez ce champ, ne le remplissez pas <input type=\"text\" name=\"hpUsername\" id=\"hpUsername\" value=\"\" \/>  \t\t\t<br \/>Edition du Soir Meurthe-et-Moselle<br \/>mer. 01\/12\/2021<br \/>                  <span>L&rsquo;\u00e9dition du soir en num\u00e9rique d\u00e8s 21h30<\/span>                  <span>Le journal en num\u00e9rique d\u00e8s 5h<\/span>                  <span>Acc\u00e9dez \u00e0 tous les contenus en illimit\u00e9<\/span>              <br \/>Edition du Soir Meurthe-et-Moselle<br \/>mer. 01\/12\/2021<br \/>Retrouvez tous nos contenus et notre journal en num\u00e9rique<br \/><span>T\u00e9l\u00e9chargez gratuitement l&rsquo;app<\/span><br \/>Le Greta de Besan\u00e7on, install\u00e9 dans une aile du lyc\u00e9e Jules-Haag, sur le site Labb\u00e9, a r\u00e9pondu \u00e0 un appel d\u2019offres du conseil r\u00e9gional de Bourgogne Franche-Comt\u00e9 pour la mise en \u0153uvre d\u2019une formation en intelligence artificielle. Cette derni\u00e8re a commenc\u00e9 le 18\u00a0octobre dernier avec dix stagiaires.<br \/>Les dix stagiaires de la formation en intelligence artificielle (IA), mise en place au lyc&eacute;e Jules-Haag tout r&eacute;cemment, en partenariat avec le Greta de Besan&ccedil;on et <a href=\"https:\/\/simplon.co\/formation\/ecole-ia-microsoft\/23\" target=\"_blank\" rel=\"noopener\">Simplon Ecole Microsoft<\/a>, n&rsquo;ont pas le profil habituel des f&eacute;rus d&rsquo;informatique. Ils profitent tous, depuis le 18&nbsp;octobre, d&rsquo;une nouvelle opportunit&eacute; dipl&ocirc;mante et reconnue sur le march&eacute; du travail, d&eacute;j&agrave; au niveau local.<br \/>Trois femmes et sept hommes, entre 18 et 31 ans, de niveau bac et ayant fait des &eacute;tudes tr&egrave;s diff&eacute;rentes, ont choisi d&rsquo;acqu&eacute;rir des connaissances et une exp&eacute;rience dans un domaine qui ne touche pas seulement le num&eacute;rique, mais tous les secteurs d&rsquo;activit&eacute; et les industries.<br \/>Ce contenu est bloqu\u00e9 car vous n&rsquo;avez pas accept\u00e9 les traceurs.<br \/>En cliquant sur <span class=\"bold\">\u00ab J\u2019accepte \u00bb<\/span>, les traceurs seront d\u00e9pos\u00e9s et vous pourrez visualiser les contenus <span class=\"consentModule_purpose\"><\/span>.<br \/>En cliquant sur <span class=\"bold\">\u00ab J\u2019accepte tous les traceurs \u00bb<\/span>, vous autorisez des d\u00e9p\u00f4ts de traceurs pour le stockage de vos donn\u00e9es sur nos sites et applications \u00e0 des fins de personnalisation et de ciblage publicitaire.<br \/>Vous gardez la possibilit\u00e9 de retirer votre consentement \u00e0 tout moment. <br \/>               <a href=\"javascript:Didomi.notice.show()\" class=\"consentModule_cmp\">G\u00e9rer mes choix<\/a>          <br \/>&laquo; <a href=\"http:\/\/www.lycee-juleshaag.fr\/\" target=\"_blank\" rel=\"noopener\">&nbsp;Cette formation<\/a>, reconnue au Registre national des certifications, se d&eacute;roule sur deux ans, d&eacute;bouche sur un bac +&nbsp;3 &agrave; +&nbsp;4 et donne le titre professionnel de d&eacute;veloppeur en IA aux candidats&nbsp;&raquo;, confirment Laurent Cagne, le proviseur, C&eacute;cile Magu et Jean-Charles Duc, les responsables de l&rsquo;action. &laquo;&nbsp;Celle-ci a &eacute;t&eacute; cr&eacute;&eacute;e il y a deux ans &agrave; Nancy et &agrave; Strasbourg. Nous ne l&rsquo;avions pas ici. Aussi, le Greta de Besan&ccedil;on et celui de Dijon ont-ils r&eacute;pondu &agrave; l&rsquo;appel d&rsquo;offres du conseil r&eacute;gional de Bourgogne Franche-Comt&eacute; (CRBFC) dans le cadre du <a href=\"https:\/\/www.estrepublicain.fr\/economie\/2021\/09\/04\/plan-de-relance-1-7-milliard-d-euros-injecte-en-un-an\" target=\"_blank\" rel=\"noopener\">Plan de relance 2021<\/a>.&nbsp;&raquo;<br \/>Plusieurs entreprises locales telles que Bourgeois, Guillin emballages, Statice ou Scoder ont transmis leurs r\u00e9els besoins en personnel sp\u00e9cialis\u00e9 IA au CRBFC. Elles ont soutenu ce projet et lui ont permis d\u2019\u00eatre concr\u00e9tis\u00e9. \u00ab\u00a0Les candidats \u00e0 la recherche d\u2019un emploi, ou de cours sp\u00e9cifiques, se sont inform\u00e9s eux-m\u00eames ou ont \u00e9t\u00e9 avertis par P\u00f4le emploi ou leur Mission locale\u00a0\u00bb, d\u00e9taillent les responsables. \u00ab\u00a0M\u00eame si la formation est ouverte \u00e0 tous, il vaut mieux \u00eatre \u00e0 l\u2019aise avec les math\u00e9matiques, \u00eatre habile en programmation et codage, d\u00e9tenir des bases solides en anglais, \u00e9crit et lu.\u00a0\u00bb<br \/>Une forte app\u00e9tence \u00e0 l\u2019autoformation est requise. \u00ab\u00a0L\u2019apprentissage se fait par mini-projets que l\u2019on peut retravailler chez soi gr\u00e2ce aux programmes fournis par Simplon\u00a0\u00bb, affirment J\u00e9r\u00e9my Ranguis et Khaled Benaggoune, respectivement formateur, professeur en BTS syst\u00e8mes num\u00e9riques, informatiques r\u00e9seaux \u00e0 Jules-Haag, et chercheur post-doctorat \u00e0 l\u2019ENSMM. \u00ab\u00a0Nous sommes en tout dix enseignants \u00e0 nous relayer aupr\u00e8s des candidats. \u00c0 leur sortie, ils concevront des programmes eux-m\u00eames, capables de r\u00e9aliser, en quelques secondes, des t\u00e2ches qui pourraient demander des heures \u00e0 l\u2019humain.\u00a0\u00bb<br \/>L&rsquo;IA s&rsquo;applique d&eacute;j&agrave; dans des secteurs aussi vari&eacute;s que le shopping personnalis&eacute; (cr&eacute;ation de moteurs de recommandation sur sites de vente en ligne), la sant&eacute; (assurer un diagnostic pr&eacute;coce), l&rsquo;agriculture (identifications de d&eacute;fauts et carences des sols) ou l&rsquo;automobile (reconnaissance des panneaux de signalisation, par exemple). Les domaines du possible n&rsquo;ont plus de limites dans ce domaine.<br \/>La 1<span class=\"exposant\">re<\/span> ann&eacute;e, de 980 heures, enti&egrave;rement financ&eacute;e par le CRBFC et la 2<span class=\"exposant\">e<\/span> ann&eacute;e, de 450 heures, prise en charge par les entreprises qui accueillent des stagiaires en alternance, offriront aux futurs dipl&ocirc;m&eacute;s une opportunit&eacute; suppl&eacute;mentaire d&rsquo;&ecirc;tre embauch&eacute;s &agrave; terme.<br \/>\u00ab\u00a0Je souhaite m\u2019axer sur la s\u00e9curit\u00e9\u00a0\u00bb<br \/>Bastian, 21 ans, est entr\u00e9 dans la vie active apr\u00e8s son bac en sciences et technologies de l\u2019informatique industrielle et du d\u00e9veloppement durable au lyc\u00e9e Jules-Haag. Il a travaill\u00e9 trois ans dans l\u2019industrie en tant que pr\u00e9parateur de commandes. Il y a pass\u00e9 ses permis de conducteur d\u2019engins notamment pour conduire des chariots \u00e9l\u00e9vateurs. \u00ab\u00a0Je voulais faire autre chose. J\u2019ai cherch\u00e9 une formation sur le site internet du Greta et je suis tomb\u00e9 sur celle-ci. Je m\u2019y suis imm\u00e9diatement int\u00e9ress\u00e9. Peu connue, l\u2019IA ouvre plusieurs portes sur l\u2019avenir. Quand on n\u2019a pas les connaissances pr\u00e9alables ou sp\u00e9cifiques, il faut fournir beaucoup de travail personnel. Je peux le faire gr\u00e2ce aux modules d\u2019apprentissage dont nous disposons chacun. Je souhaite m\u2019axer sur la s\u00e9curit\u00e9 \u00e0 l\u2019issue des deux ans, notamment sur tout ce qui touche \u00e0 la cybers\u00e9curit\u00e9.\u00a0\u00bb <br \/>\u00ab\u00a0J\u2019ai progress\u00e9 en peu de temps\u00a0\u00bb<br \/>M&eacute;lody, 29 ans, originaire de Belfort, a pas mal &laquo;&nbsp;bourlingu&eacute;&nbsp;&raquo; avant de s&rsquo;asseoir devant un ordinateur pour composer le langage chiffr&eacute; qui permettra, ult&eacute;rieurement, &agrave; ses programmes de devenir intelligents et de &laquo;&nbsp;vivre leur vie&nbsp;&raquo;. &laquo;&nbsp;Apr&egrave;s un bac pro comptabilit&eacute;, j&rsquo;ai suivi des cours du soir pour passer l&rsquo;&eacute;quivalent d&rsquo;un bac scientifique. J&rsquo;ai ensuite tent&eacute; deux 1<span class=\"exposant\">res<\/span> &nbsp;ann&eacute;es en m&eacute;decine et ai renonc&eacute; pour entrer dans la vie active. J&rsquo;ai occup&eacute; diff&eacute;rents emplois sans parvenir &agrave; &ecirc;tre embauch&eacute;e. Il n&rsquo;y a pas longtemps, j&rsquo;ai entendu parler de cette formation &agrave; P&ocirc;le emploi. C&rsquo;&eacute;tait pour moi l&rsquo;opportunit&eacute;, indirecte, de travailler plus tard pour la sant&eacute;. J&rsquo;ai appel&eacute; une personne du Greta de Besan&ccedil;on et me voil&agrave;. Tout se passe tr&egrave;s bien. J&rsquo;ai progress&eacute; en peu de temps car je fournis un gros travail personnel.&nbsp;&raquo;<\/p>\n<p><a href=\"https:\/\/www.estrepublicain.fr\/education\/2021\/11\/29\/formation-le-lycee-jules-haag-se-met-a-l-heure-de-l-intelligence-artificielle\">source<\/a><\/p>\n<!--CusAds0-->\n<div style=\"font-size: 0px; height: 0px; line-height: 0px; margin: 0; padding: 0; clear: both;\"><\/div>","protected":false},"excerpt":{"rendered":"<p>Vous pouvez lire L&rsquo;Est R\u00e9publicain sur $this.View.AuthResponse.DeviceLimit appareils maximum. Confirmez l\u2019utilisation de votre compte sur cet appareil en saisissant votre mot de passeCAS N\u00b01 : Vous (ou une autre personne) utilisez plus de $this.View.AuthResponse.DeviceLimit appareils et\/ou navigateurs en m\u00eame temps &#8594; D\u00e9connectez-vous des appareils et\/ou navigateurs que vous n&rsquo;utilisez pasCAS N\u00b02 : Vous naviguez en [&hellip;]<\/p>\n","protected":false},"author":1,"featured_media":0,"comment_status":"open","ping_status":"open","sticky":false,"template":"","format":"standard","meta":{"googlesitekit_rrm_CAow1sXXCw:productID":"","_jetpack_memberships_contains_paid_content":false,"footnotes":"","jetpack_publicize_message":"","jetpack_publicize_feature_enabled":true,"jetpack_social_post_already_shared":false,"jetpack_social_options":{"image_generator_settings":{"template":"highway","default_image_id":0,"font":"","enabled":false},"version":2}},"categories":[1],"tags":[],"class_list":["post-2155","post","type-post","status-publish","format-standard","hentry","category-non-classe"],"jetpack_publicize_connections":[],"jetpack_featured_media_url":"","jetpack_sharing_enabled":true,"_links":{"self":[{"href":"https:\/\/monblogeur.tech\/index.php\/wp-json\/wp\/v2\/posts\/2155","targetHints":{"allow":["GET"]}}],"collection":[{"href":"https:\/\/monblogeur.tech\/index.php\/wp-json\/wp\/v2\/posts"}],"about":[{"href":"https:\/\/monblogeur.tech\/index.php\/wp-json\/wp\/v2\/types\/post"}],"author":[{"embeddable":true,"href":"https:\/\/monblogeur.tech\/index.php\/wp-json\/wp\/v2\/users\/1"}],"replies":[{"embeddable":true,"href":"https:\/\/monblogeur.tech\/index.php\/wp-json\/wp\/v2\/comments?post=2155"}],"version-history":[{"count":0,"href":"https:\/\/monblogeur.tech\/index.php\/wp-json\/wp\/v2\/posts\/2155\/revisions"}],"wp:attachment":[{"href":"https:\/\/monblogeur.tech\/index.php\/wp-json\/wp\/v2\/media?parent=2155"}],"wp:term":[{"taxonomy":"category","embeddable":true,"href":"https:\/\/monblogeur.tech\/index.php\/wp-json\/wp\/v2\/categories?post=2155"},{"taxonomy":"post_tag","embeddable":true,"href":"https:\/\/monblogeur.tech\/index.php\/wp-json\/wp\/v2\/tags?post=2155"}],"curies":[{"name":"wp","href":"https:\/\/api.w.org\/{rel}","templated":true}]}}