{"id":2176,"date":"2021-12-01T08:22:13","date_gmt":"2021-12-01T07:22:13","guid":{"rendered":"https:\/\/monblogeur.tech\/index.php\/2021\/12\/01\/penurie-de-main-doeuvre-en-sante-formation-acceleree-pour-les-infirmieres-auxiliaires-la-presse\/"},"modified":"2021-12-01T08:22:13","modified_gmt":"2021-12-01T07:22:13","slug":"penurie-de-main-doeuvre-en-sante-formation-acceleree-pour-les-infirmieres-auxiliaires-la-presse","status":"publish","type":"post","link":"https:\/\/monblogeur.tech\/index.php\/2021\/12\/01\/penurie-de-main-doeuvre-en-sante-formation-acceleree-pour-les-infirmieres-auxiliaires-la-presse\/","title":{"rendered":"P\u00e9nurie de main-d&#039;\u0153uvre en sant\u00e9 | Formation acc\u00e9l\u00e9r\u00e9e pour les infirmi\u00e8res auxiliaires &#8211; La Presse"},"content":{"rendered":"<div class=\"cfbc967f0983488262956e73eca9483a\" data-index=\"1\" style=\"float: none; margin:10px 0 10px 0; text-align:center;\">\n<script async src=\"https:\/\/pagead2.googlesyndication.com\/pagead\/js\/adsbygoogle.js?client=ca-pub-3859091246952232\" crossorigin=\"anonymous\"><\/script>\r\n<!-- blok -->\r\n<ins class=\"adsbygoogle\" data-ad-client=\"ca-pub-3859091246952232\" data-ad-slot=\"1334354390\"><\/ins>\r\n<script>\r\n     (adsbygoogle = window.adsbygoogle || []).push({});\r\n<\/script>\r\n\n<\/div>\n<p>PHOTO ALAIN ROBERGE, ARCHIVES LA PRESSE<br \/>En septembre, M.\u00a0Legault avait affirm\u00e9 que son gouvernement planchait sur l\u2019\u00e9laboration d\u2019une formation acc\u00e9l\u00e9r\u00e9e pour former davantage d\u2019infirmi\u00e8res auxiliaires. L\u2019Ordre des infirmi\u00e8res et infirmiers auxiliaires du Qu\u00e9bec (OIIAQ) s\u2019\u00e9tait alors dit \u00ab\u00a0ouvert\u00a0\u00bb \u00e0 la discussion avec le gouvernement. <br \/>(Qu\u00e9bec) Le gouvernement Legault donnera le feu vert au d\u00e9ploiement d\u2019une formation acc\u00e9l\u00e9r\u00e9e pour recruter des infirmi\u00e8res auxiliaires et pourvoir les quelque 3000\u00a0postes d\u2019agents administratifs qui doivent venir appuyer les infirmi\u00e8res dans le r\u00e9seau de la sant\u00e9. Les d\u00e9tails seront d\u00e9voil\u00e9s mercredi. <br \/>Le ministre de la Sant\u00e9, Christian Dub\u00e9, et le ministre de l\u2019\u00c9ducation, Jean-Fran\u00e7ois Roberge, annonceront mercredi le lancement de deux nouvelles formations acc\u00e9l\u00e9r\u00e9es pour agir contre la p\u00e9nurie de main-d\u2019\u0153uvre dans le r\u00e9seau de la sant\u00e9 et des services sociaux, selon les informations obtenues par <em>La\u00a0Presse<\/em>. L\u2019une visera les infirmi\u00e8res auxiliaires et l\u2019autre, les agents administratifs en soutien aux secteurs cliniques. <br \/>Cette annonce n\u2019est pas \u00e9trang\u00e8re \u00e0 \u00ab\u00a0l\u2019Op\u00e9ration main-d\u2019\u0153uvre\u00a0\u00bb que le premier ministre Fran\u00e7ois Legault a pr\u00e9sent\u00e9e mardi. Le plan du gouvernement pour s\u2019attaquer \u00e0 la p\u00e9nurie dans six secteurs, dont la sant\u00e9 et les services sociaux, s\u2019accompagne d\u2019un investissement de 3,9 milliards sur cinq ans. <br \/>En septembre, M.\u00a0Legault avait affirm\u00e9 que son gouvernement planchait sur l\u2019\u00e9laboration d\u2019une formation acc\u00e9l\u00e9r\u00e9e pour former davantage d\u2019infirmi\u00e8res auxiliaires. L\u2019Ordre des infirmi\u00e8res et infirmiers auxiliaires du Qu\u00e9bec (OIIAQ) s\u2019\u00e9tait alors dit \u00ab\u00a0ouvert\u00a0\u00bb \u00e0 la discussion avec le gouvernement. <br \/>L\u2019OIIAQ avait cependant pr\u00e9venu qu\u2019il est \u00ab\u00a0impensable\u00a0\u00bb de r\u00e9duire le contenu du programme d\u2019\u00e9tudes, contrairement \u00e0 ce qui a \u00e9t\u00e9 fait lors de la mise en \u0153uvre de la formation acc\u00e9l\u00e9r\u00e9e pour former des pr\u00e9pos\u00e9s aux b\u00e9n\u00e9ficiaires pendant la premi\u00e8re vague de la pand\u00e9mie de la COVID-19. <br \/>Contrairement aux pr\u00e9pos\u00e9s aux b\u00e9n\u00e9ficiaires, la pratique des infirmi\u00e8res auxiliaires est encadr\u00e9e par un ordre professionnel. Le programme Sant\u00e9, assistance et soins infirmiers, qui m\u00e8ne \u00e0 un dipl\u00f4me d\u2019\u00e9tudes professionnelles (DEP), est aussi beaucoup plus costaud avec 1800\u00a0heures de formation, souvent sur deux ans. <br \/>Parmi les pistes de solution, l\u2019OIIAQ avait sugg\u00e9r\u00e9 la possibilit\u00e9 de limiter les p\u00e9riodes de vacances ou d\u2019offrir les cours durant l\u2019\u00e9t\u00e9 pour effectuer la formation plus rapidement. Quelque 1100\u00a0candidates \u00e0 la profession r\u00e9ussissent l\u2019examen chaque ann\u00e9e apr\u00e8s avoir termin\u00e9 le DEP. Il manque au moins un millier d\u2019infirmi\u00e8res auxiliaires \u00e0 temps complet dans le r\u00e9seau, selon le minist\u00e8re. <br \/>Lors du d\u00e9marrage de son programme d\u2019embauche et de r\u00e9tention, qui s\u2019accompagne de prime de 15\u00a0000\u00a0$ par infirmi\u00e8re \u00e0 temps complet, le ministre Dub\u00e9 avait annonc\u00e9 la cr\u00e9ation de quelque 3000\u00a0postes d\u2019agents administratifs. On visait \u00e0 ce qu\u2019ils soient sur le terrain au printemps\u00a02022. <br \/>Leur embauche vise \u00e0 all\u00e9ger le travail des infirmi\u00e8res qui disent perdre un temps pr\u00e9cieux \u00e0 \u00ab\u00a0remplir de la paperasse\u00a0\u00bb. Le ministre Dub\u00e9 veut mettre en place un \u00ab\u00a0nouveau mod\u00e8le de gestion\u00a0\u00bb dans le r\u00e9seau et favoriser notamment \u00ab\u00a0une meilleure conciliation travail-famille et des horaires stables\u00a0\u00bb. <br \/>Les sommes li\u00e9es \u00e0 la cr\u00e9ation de ces nouveaux postes ont \u00e9t\u00e9 pr\u00e9vues dans le mini-budget Girard, pr\u00e9sent\u00e9 la semaine derni\u00e8re. <br \/>\u00ab\u00a0Le secteur de la sant\u00e9 et des services sociaux est l\u2019un des plus affect\u00e9s par la raret\u00e9 de main-d\u2019\u0153uvre. [\u2026] Le gouvernement met donc en place des initiatives concr\u00e8tes qui auront pour effet\u00a0: d\u2019optimiser l\u2019organisation du travail en proc\u00e9dant \u00e0 la formation et \u00e0 l\u2019embauche d\u2019agents administratifs afin de lib\u00e9rer les cliniciens des t\u00e2ches administratives et de leur permettre d\u2019augmenter leur temps de pr\u00e9sence aupr\u00e8s des patients et des usagers\u00a0\u00bb, peut-on lire dans le mini-budget <br \/>Infolettre<br \/>La matinale<br \/>Chaque matin, du lundi au vendredi, les plus grosses nouvelles de la journ\u00e9e y sont comment\u00e9es et r\u00e9sum\u00e9es par un journaliste.<br \/>Inscrivez-vous avec votre compte<br \/>La Presse                             <span class=\"subscriberEmail\"><\/span><br \/>                 (Ottawa) Le ministre f\u00e9d\u00e9ral de la Sant\u00e9, Jean-Yves Duclos, a d\u00e9clar\u00e9 que le Canada appuyait l\u2019\u00e9laboration d\u2019une nouvelle convention mondiale sur la pr\u00e9paration et l\u2019intervention en cas de pand\u00e9mie qui sera d\u00e9battue lors d\u2019une r\u00e9union sp\u00e9ciale de l\u2019Assembl\u00e9e mondiale de la sant\u00e9, lundi.              <br \/>                 Il y a 40\u00a0ans, un nouveau virus d\u00e9vastateur, le VIH, faisait irruption, fauchant en premier lieu et \u00e0 une allure terrifiante les vies d\u2019hommes gais de grandes villes am\u00e9ricaines. En 2021, le ruban rouge a disparu du paysage. Mais l\u2019heure n\u2019est pas \u00e0 la c\u00e9l\u00e9bration\u00a0: de nos jours, le sida continue de faire chaque ann\u00e9e des centaines de milliers de morts dans le monde.             <br \/>                 Le minist\u00e8re de la Sant\u00e9 estime que les cliniques de fertilit\u00e9 ont tout en main afin d\u2019appliquer la loi\u00a073, qui garantit la gratuit\u00e9 d\u2019un cycle de f\u00e9condation in vitro (FIV). <em>La\u00a0Presse<\/em> rapportait vendredi que certaines cliniques n\u2019acceptent plus de nouveaux patients depuis l\u2019instauration de la loi, en raison d\u2019un manque d\u2019informations de Qu\u00e9bec.              <br \/>                 \u00c0 la suite de l\u2019adoption de la loi\u00a073, assurant la gratuit\u00e9 d\u2019un cycle de f\u00e9condation in vitro (FIV), des cliniques de fertilit\u00e9 n\u2019acceptent plus de nouveaux patients pour une dur\u00e9e ind\u00e9termin\u00e9e. Un manque d\u2019informations de la part de Qu\u00e9bec qui auraient permis d\u2019appliquer la loi explique la d\u00e9cision des cliniques.              <br \/>                 L\u2019Alliance du personnel professionnel et technique de la sant\u00e9 et des services sociaux (APTS) a adopt\u00e9 une entente de principe avec le gouvernement du Qu\u00e9bec vendredi, au terme de plusieurs mois de n\u00e9gociations.              <br \/>                 (Qu\u00e9bec) Qu\u00e9bec a annonc\u00e9 vendredi une s\u00e9rie d\u2019assouplissements des crit\u00e8res d\u2019acc\u00e8s aux fameuses primes de r\u00e9tention de 15\u00a0000\u00a0$, que les syndicats trouvaient beaucoup trop contraignants. Malgr\u00e9 un certain compromis sur les cong\u00e9s sans solde, les nouveaux ajustements ratent encore la cible, selon les organisations syndicales.              <br \/>                 (Qu\u00e9bec) Apr\u00e8s avoir repris r\u00e9cemment ses discussions avec Qu\u00e9bec, l\u2019APTS pr\u00e9sentera une entente de principe \u00e0 sa d\u00e9l\u00e9gation lors d\u2019un conseil g\u00e9n\u00e9ral vendredi.              <br \/>                 Les 850\u00a0000 personnes vivant avec le diab\u00e8te au Qu\u00e9bec pourront sous peu b\u00e9n\u00e9ficier des travaux du Centre d\u2019expertise sur le diab\u00e8te qui voit le jour au Centre hospitalier de l\u2019Universit\u00e9 de Montr\u00e9al (CHUM).              <br \/>                 Vingt mois apr\u00e8s le d\u00e9but de la pand\u00e9mie, tout n\u2019est pas toujours clair dans les relations entre les CISSS et les centres d\u2019h\u00e9bergement pour personnes \u00e2g\u00e9es.              <br \/>                 Menaces, attaques personnelles et atteintes \u00e0 la cr\u00e9dibilit\u00e9. La loi doit prot\u00e9ger les m\u00e9decins de l\u2019intimidation qu\u2019ils subissent en ligne, exige l\u2019Association m\u00e9dicale canadienne.              <br \/>                 (Montr\u00e9al) La FIQ et les autres syndicats qui repr\u00e9sentent des infirmi\u00e8res d\u00e9posent une plainte au tribunal \u00e0 l\u2019encontre du gouvernement contre le recours r\u00e9p\u00e9t\u00e9 aux arr\u00eat\u00e9s minist\u00e9riels pour encadrer leurs conditions de travail.              <br \/>                 (Ottawa) La lev\u00e9e des interdictions de donner du sang visant les hommes gais et bisexuels, comme l\u2019avait promis le premier ministre Justin Trudeau en 2015, devrait \u00eatre officiellement recommand\u00e9e au cours des prochaines semaines.              <br \/>                 Les jeunes enfants subissent peu les effets physiques de la COVID-19, mais ils ressentent les contrecoups de la pand\u00e9mie tout autant, peut-\u00eatre m\u00eame parfois plus, que leurs parents, note l\u2019Observatoire des tout-petits (OTP) dans un rapport publi\u00e9 mardi.              <br \/>                 Des cliniques dentaires offrant des soins pr\u00e9ventifs et curatifs de premi\u00e8re ligne \u00e0 des personnes \u00e0 faible revenu ou vivant en r\u00e9gion \u00e9loign\u00e9e seront mises en place au Qu\u00e9bec.              <br \/>                 (Qu\u00e9bec) Le gouvernement Legault poursuit le d\u00e9veloppement de ses guichets d\u2019acc\u00e8s \u00e0 la premi\u00e8re ligne pour la population orpheline (GAP), qui permettent aux patients orphelins d\u2019appeler \u00e0 un num\u00e9ro de t\u00e9l\u00e9phone pour avoir acc\u00e8s au r\u00e9seau de la sant\u00e9. Tous les Qu\u00e9b\u00e9cois y auront acc\u00e8s d\u2019ici le printemps\u00a02022, indique Qu\u00e9bec.              <br \/>                 (Montr\u00e9al) La D<sup>re<\/sup>\u00a0Fahimy Saoud a pass\u00e9 un r\u00e9cent quart de travail aux urgences de Lachine \u00e0 attendre des patients qui, elle le savait tr\u00e8s bien, ne viendraient jamais.              <br \/>Nos applications<br \/>Contact<br \/>Services<br \/>Archives<br \/>Suivez-nous<br \/>L\u00e9gal<br \/>\u00a9 La Presse Inc. Tous droits r\u00e9serv\u00e9s.<br \/>             <a href=\"https:\/\/www.lapresse.ca\/conditions.php\">Conditions d&rsquo;utilisation<\/a><span class=\"legal\">|<\/span>             <a href=\"https:\/\/www.lapresse.ca\/politique.php\">Politique de confidentialit\u00e9<\/a><span class=\"legal\">|<\/span>             <a href=\"https:\/\/publicite-electorale.lapresse.ca\/\" target=\"_blank\" rel=\"noopener\">Registre de publicit\u00e9 \u00e9lectorale<\/a><span class=\"legal\">|<\/span>             <a href=\"https:\/\/www.lapresse.ca\/codedeconduite.pdf\" target=\"_blank\" rel=\"noopener\">Code de conduite<\/a>         <\/p>\n<p><a href=\"https:\/\/www.lapresse.ca\/actualites\/sante\/2021-11-30\/penurie-de-main-d-oeuvre-en-sante\/formation-acceleree-pour-les-infirmieres-auxiliaires.php\">source<\/a><\/p>\n<!--CusAds0-->\n<div style=\"font-size: 0px; height: 0px; line-height: 0px; margin: 0; padding: 0; clear: both;\"><\/div>","protected":false},"excerpt":{"rendered":"<p>PHOTO ALAIN ROBERGE, ARCHIVES LA PRESSEEn septembre, M.\u00a0Legault avait affirm\u00e9 que son gouvernement planchait sur l\u2019\u00e9laboration d\u2019une formation acc\u00e9l\u00e9r\u00e9e pour former davantage d\u2019infirmi\u00e8res auxiliaires. L\u2019Ordre des infirmi\u00e8res et infirmiers auxiliaires du Qu\u00e9bec (OIIAQ) s\u2019\u00e9tait alors dit \u00ab\u00a0ouvert\u00a0\u00bb \u00e0 la discussion avec le gouvernement. (Qu\u00e9bec) Le gouvernement Legault donnera le feu vert au d\u00e9ploiement d\u2019une formation [&hellip;]<\/p>\n","protected":false},"author":1,"featured_media":0,"comment_status":"open","ping_status":"open","sticky":false,"template":"","format":"standard","meta":{"googlesitekit_rrm_CAow1sXXCw:productID":"","_jetpack_memberships_contains_paid_content":false,"footnotes":"","jetpack_publicize_message":"","jetpack_publicize_feature_enabled":true,"jetpack_social_post_already_shared":false,"jetpack_social_options":{"image_generator_settings":{"template":"highway","default_image_id":0,"font":"","enabled":false},"version":2}},"categories":[1],"tags":[],"class_list":["post-2176","post","type-post","status-publish","format-standard","hentry","category-non-classe"],"jetpack_publicize_connections":[],"jetpack_featured_media_url":"","jetpack_sharing_enabled":true,"_links":{"self":[{"href":"https:\/\/monblogeur.tech\/index.php\/wp-json\/wp\/v2\/posts\/2176","targetHints":{"allow":["GET"]}}],"collection":[{"href":"https:\/\/monblogeur.tech\/index.php\/wp-json\/wp\/v2\/posts"}],"about":[{"href":"https:\/\/monblogeur.tech\/index.php\/wp-json\/wp\/v2\/types\/post"}],"author":[{"embeddable":true,"href":"https:\/\/monblogeur.tech\/index.php\/wp-json\/wp\/v2\/users\/1"}],"replies":[{"embeddable":true,"href":"https:\/\/monblogeur.tech\/index.php\/wp-json\/wp\/v2\/comments?post=2176"}],"version-history":[{"count":0,"href":"https:\/\/monblogeur.tech\/index.php\/wp-json\/wp\/v2\/posts\/2176\/revisions"}],"wp:attachment":[{"href":"https:\/\/monblogeur.tech\/index.php\/wp-json\/wp\/v2\/media?parent=2176"}],"wp:term":[{"taxonomy":"category","embeddable":true,"href":"https:\/\/monblogeur.tech\/index.php\/wp-json\/wp\/v2\/categories?post=2176"},{"taxonomy":"post_tag","embeddable":true,"href":"https:\/\/monblogeur.tech\/index.php\/wp-json\/wp\/v2\/tags?post=2176"}],"curies":[{"name":"wp","href":"https:\/\/api.w.org\/{rel}","templated":true}]}}