{"id":2226,"date":"2021-12-01T20:39:58","date_gmt":"2021-12-01T19:39:58","guid":{"rendered":"https:\/\/monblogeur.tech\/index.php\/2021\/12\/01\/ferrocampus-investit-79-millions-deuros-dans-la-formation-aux-trains-de-demain-objectif-aquitaine\/"},"modified":"2021-12-01T20:39:58","modified_gmt":"2021-12-01T19:39:58","slug":"ferrocampus-investit-79-millions-deuros-dans-la-formation-aux-trains-de-demain-objectif-aquitaine","status":"publish","type":"post","link":"https:\/\/monblogeur.tech\/index.php\/2021\/12\/01\/ferrocampus-investit-79-millions-deuros-dans-la-formation-aux-trains-de-demain-objectif-aquitaine\/","title":{"rendered":"Ferrocampus investit 7,9 millions d&#039;euros dans la formation aux trains de demain &#8211; Objectif Aquitaine"},"content":{"rendered":"<div class=\"cfbc967f0983488262956e73eca9483a\" data-index=\"1\" style=\"float: none; margin:10px 0 10px 0; text-align:center;\">\n<script async src=\"https:\/\/pagead2.googlesyndication.com\/pagead\/js\/adsbygoogle.js?client=ca-pub-3859091246952232\" crossorigin=\"anonymous\"><\/script>\r\n<!-- blok -->\r\n<ins class=\"adsbygoogle\" data-ad-client=\"ca-pub-3859091246952232\" data-ad-slot=\"1334354390\"><\/ins>\r\n<script>\r\n     (adsbygoogle = window.adsbygoogle || []).push({});\r\n<\/script>\r\n\n<\/div>\n<p>4 mn<br \/>Partager :<br \/><a href=\"https:\/\/objectifaquitaine.latribune.fr\/infrastructures\/2020-07-20\/ferrocampus-budget-porte-a-43-millions-d-euros-lancement-des-formations-en-2021-853005.html\">C&rsquo;&eacute;tait annonc&eacute; en juillet 2020<\/a>, c&rsquo;est d&eacute;sormais confirm&eacute; : Saintes va accueillir un campus des m&eacute;tiers et des qualifications, effectif d&egrave;s septembre 2022 sur son site Ferrocampus, soit un an plus tard que les annonces &agrave; la gen&egrave;se du projet. La r&eacute;gion Nouvelle-Aquitaine a pr&eacute;sent&eacute; son plan d&rsquo;investissement sur 10 ans, en d&eacute;taillant la r&eacute;partition des financements. L&rsquo;&eacute;tat va financer pour moiti&eacute; cette phase chiffr&eacute;e &agrave; 7,9 millions d&rsquo;euros &#8211; une petite partie des 43 millions budg&eacute;tis&eacute;s pour l&rsquo;int&eacute;gralit&eacute; du projet &#8211; dans le cadre de son <a href=\"https:\/\/www.latribune.fr\/economie\/france\/programmes-d-investissement-d-avenir-pia-la-cour-des-comptes-dresse-un-bilan-mitige-894490.html\">\u00ab\u00a0grand plan investissement d&rsquo;avenir\u00a0\u00bb.<\/a><br \/><span class=\"widgetlink\"><span class=\"header-widgetlink\">Lire aussi <span class=\"reading-time\"><span class=\"stop-watch-icon\"><\/span>4 mn<\/span><\/span><span class=\"body-widgetlink\"><span class=\"lt-protected-icon\"><\/span><a href=\"https:\/\/www.latribune.fr\/economie\/france\/le-gouvernement-annonce-20-milliards-d-euros-pour-les-investissements-d-avenir-870649.html\">Le gouvernement annonce 20 milliards d&rsquo;euros pour les investissements d&rsquo;avenir<\/a><\/span><\/span><\/p>\n<p>Pour compl&eacute;ter le financement de l&rsquo;op&eacute;ration, la r&eacute;gion et l&rsquo;association Ferrocampus ont formalis&eacute; un partenariat avec des acteurs r&eacute;gionaux et nationaux : les &eacute;coles d&rsquo;ing&eacute;nieurs Eigsi de La Rochelle et Estaca, la soci&eacute;t&eacute; d&rsquo;ing&eacute;nierie LGM, l&rsquo;institut de Soudure et le lyc&eacute;e Bernard Palissy de Saintes.<br \/><span class=\"widgetlink\"><span class=\"header-widgetlink\">Lire aussi <span class=\"reading-time\"><span class=\"stop-watch-icon\"><\/span>5 mn<\/span><\/span><span class=\"body-widgetlink\"><span class=\"lt-protected-icon\"><\/span><a href=\"https:\/\/objectifaquitaine.latribune.fr\/business\/industrie\/2020-03-09\/a-saintes-le-ferrocampus-formera-aux-metiers-ferroviaires-de-demain-841276.html\">A Saintes, le Ferrocampus formera aux m&eacute;tiers ferroviaires de demain<\/a><\/span><\/span><\/p>\n<p><img decoding=\"async\" src=\"https:\/\/static.latribune.fr\/article_body\/1814854\/signature-ferrocampus.jpg\" data-id=\"1814854\" class=\"content_media\" alt=\"signature ferrocampus\"><br \/><em>(De gauche &agrave; droite) B&eacute;n&eacute;dicte Robert, rectrice de l&rsquo;Acad&eacute;mie de Poitiers, Alain Rousset, pr&eacute;sident du conseil r&eacute;gional de Nouvelle-Aquitaine, Jacky Emon, pr&eacute;sident de l&rsquo;association Ferrocampus, et Patrick Martinez, directeur r&eacute;gional Nouvelle-Aquitaine de la Banque des territoires, le 16 novembre 2021 &agrave; Saintes. (Cr&eacute;dits : association Ferrocampus)<\/em><br \/>C&rsquo;est ce lyc&eacute;e qui va d&rsquo;ailleurs accueillir les premi&egrave;res formations d&egrave;s septembre 2022. \u00ab\u00a0<em>Certaines formations technologiques d&eacute;j&agrave; existantes seront color&eacute;es avec des unit&eacute;s d&rsquo;enseignement du ferroviaire<\/em>\u00ab\u00a0, appuie Ludovic Vermeulen, charg&eacute; d&rsquo;ing&eacute;nierie p&eacute;dagogique et qui assure la direction du volet formation. Une centaine d&rsquo;&eacute;tudiants sera attendue. Au total, quatorze actions de formation seront lanc&eacute;es d&rsquo;ici 2031 pour un campus du ferroviaire qui aura vocation &agrave; accueillir 2.000 apprenants sur le mod&egrave;le de <a href=\"https:\/\/objectifaquitaine.latribune.fr\/business\/2021-02-10\/pour-ses-dix-ans-aerocampus-vise-l-international-et-les-metiers-des-jets-prives-877366.html\">l&rsquo;A&eacute;rocampus, &agrave; Latresne (Gironde), qui vient de f&ecirc;ter ses 10 ans<\/a>.<br \/>Ces formations iront de la maintenance et du d&eacute;ploiement des nouvelles &eacute;nergies, &agrave; la s&eacute;curisation des syst&egrave;mes&nbsp; en passant par des \u00ab\u00a0labels ferroviaires\u00a0\u00bb attribu&eacute;s au BTS et BAC pro du lyc&eacute;e Palissy. Un d&eacute;fi de taille en terme d&rsquo;infrastructures, puisque Saintes n&rsquo;abrite pas de campus universitaire et n&rsquo;accueille qu&rsquo;une poign&eacute;e de formations de l&rsquo;enseignement sup&eacute;rieur aujourd&rsquo;hui.<br \/>En attendant, des travaux de r&eacute;am&eacute;nagement et de construction des lieux d&rsquo;enseignements et d&rsquo;innovation doivent &ecirc;tre entrepris. A ce titre, la r&eacute;gion va finaliser cet hiver un accord avec le technicentre saintais pour acqu&eacute;rir une partie du site.<br \/>L&rsquo;objectif vis&eacute; par les porteurs du projet est de faire de Ferrocampus une r&eacute;f&eacute;rence de la recherche ferroviaire. Plusieurs pistes sont ainsi &eacute;voqu&eacute;es pour replacer Saintes sur la carte du rail fran&ccedil;ais. D&eacute;velopper des mat&eacute;riaux innovants et l&eacute;gers, par exemple, pour construire les rames de demain et travailler sur de nouveaux moyens de motorisation (<a href=\"https:\/\/toulouse.latribune.fr\/innovation\/recherche-et-developpement\/2021-10-25\/le-train-a-hydrogene-en-occitanie-se-devoile-malgre-un-calendrier-encore-incertain-895060.html\">hydrog&egrave;ne<\/a>, bioGNV et syst&egrave;me &eacute;lectrique). Ou encore agir sur la maintenance pr&eacute;dictive, permettant d&rsquo;anticiper les besoins en maintenance par l&rsquo;analyse de donn&eacute;es. Le centre a par ailleurs d&eacute;j&agrave; commenc&eacute; &agrave; s&rsquo;int&eacute;resser &agrave; la <a href=\"https:\/\/objectifaquitaine.latribune.fr\/innovation\/2021-11-22\/la-securisation-des-transports-en-commun-de-demain-passe-par-le-campus-bordelais-896490.html\">s&eacute;curisation des passages &agrave; niveau avec la chaire mobilit&eacute; et transports intelligents<\/a> de l&rsquo;Universit&eacute; de Bordeaux.<br \/>Des ambitions de pointe, qui dessinent un avenir du rail plac&eacute; sous le signe des innovations connect&eacute;es et de la d&eacute;carbonation. Faut-il alors y voir une augmentation des prix pour les passagers r&eacute;gionaux &agrave; long terme ? \u00ab\u00a0<span><em>Si on d&eacute;veloppe des trains dot&eacute;s en technologie, c&rsquo;est aussi pour am&eacute;liorer le trafic, anticiper la maintenance, ce qui conduira &agrave; un gain sur le fonctionnement. Le co&ucirc;t du train sera peut-&ecirc;tre plus cher &#8211; et encore je ne sais pas &#8211; mais l&rsquo;usage sera am&eacute;lior&eacute;<\/em>\u00ab\u00a0, vise Ludovic Vermeulen. Une question centrale &agrave; l&rsquo;heure d&rsquo;une foire d&#8217;empoigne<a href=\"https:\/\/objectifaquitaine.latribune.fr\/politique\/2021-06-07\/regionales-peut-on-financer-la-lgv-bordeaux-toulouse-et-les-trains-du-quotidien-886220.html\"> autour de l&rsquo;entretien des lignes du quotidien, que certains &eacute;lus veulent opposer aux projets de lignes &agrave; grande vitesse<\/a> dans le sud-ouest.<\/span><br \/><span class=\"widgetlink\"><span class=\"header-widgetlink\">Lire aussi <span class=\"reading-time\"><span class=\"stop-watch-icon\"><\/span>11 mn<\/span><\/span><span class=\"body-widgetlink\"><span class=\"lt-protected-icon\"><\/span><a href=\"https:\/\/objectifaquitaine.latribune.fr\/politique\/2021-11-26\/gpso-l-alliance-entre-le-ps-la-droite-et-le-centre-valide-la-lgv-a-bordeaux-metropole-897269.html\">GPSO : l&rsquo;alliance entre le PS, la droite et le centre valide la LGV &agrave; Bordeaux M&eacute;tropole<\/a><\/span><\/span><\/p>\n<p>4 mn<br \/>Partager :<br \/>         Suivez La Tribune <br \/>         <span>Chaque jour dans votre newsletter, recevez l&rsquo;actualit\u00e9 \u00e9conomique de votre r\u00e9gion<\/span>     <br \/>Sujets les + lus<br \/>|<br \/>Sujets les + comment\u00e9s<br \/>1<br \/>                                                                                 Bordeaux : le jeu Sbires passe l\u2019\u00e9preuve d\u2019Ulule                                     <br \/>2<br \/>                                                                                 En sant\u00e9, la course d&#039;obstacles de la recherche jusqu&#039;au march\u00e9                                     <br \/>3<br \/>                                                                                 Bordeaux M\u00e9tropole : la ligne D du tramway s&#039;\u00e9lance jusqu&#039;au Bouscat                                     <br \/>4<br \/>                                                                                 Les scooters \u00e9lectriques en libre service de Yugo arrivent \u00e0 Bordeaux                                     <br \/>5<br \/>                                                                                 Vignes : les prix \u00e0 Saint-Emilion, Sauternes, Bordeaux, Pauillac&#8230;                                     <br \/>1<br \/>                                                                                 Vins de Bordeaux : Val\u00e9rie Murat, d&#039;Alerte aux toxiques, devra payer l&#039;amende avant de faire appel  (1)                                     <br \/>2<br \/>                                                                                 \u00ab Le financement de la lutte contre l\u2019\u00e9rosion c\u00f4ti\u00e8re rel\u00e8ve de la solidarit\u00e9 nationale ! \u00bb  (1)                                     <br \/>3<br \/>                                         <img decoding=\"async\" class=\"\" align=\"left\" height=\"24px\"  src=\"https:\/\/static.latribune.fr\/assets\/bundles\/latribunefront\/img\/logo-LT-abo-jaune.svg?version=20211118115217\" alt=\"revue T\" style=\"margin-right:8px; \"\/>                                        Lectra entre dans ses nouveaux habits de groupe fran\u00e7ais transatlantique  (1)                                     <br \/>4<br \/>                                                                                 Cdiscount \u00e9cope d&#039;une lourde amende  (1)                                     <br \/>5<br \/>                                                                                 Rue bordelaise : une offre commerciale revue et surveill\u00e9e \u00e0 Euratlantique  (1)                                     <br \/>             Votre email ne sera pas affich\u00e9 publiquement.<br \/>             Tous les champs sont obligatoires.         <br \/>Il n&rsquo;y a actuellement aucun commentaire concernant cet article.<br \/>                         Soyez le premier \u00e0 donner votre avis ! <\/p>\n<p>                     <span class=\"awaitingCommentPseudo comment-pseudo\"><\/span>                     <span class=\"awaitingCommentAction comment-date\">                         <span class=\"awaitingCommentDate\"><\/span> &#8211;                         <span class=\"awaitingCommentTime\"><\/span>                     <\/span>                 <\/p>\n<p>Merci pour votre commentaire. Il sera visible prochainement sous                 r\u00e9serve de validation.<\/p>\n<p><a href=\"https:\/\/objectifaquitaine.latribune.fr\/innovation\/2021-12-01\/ferrocampus-un-nouveau-programme-d-investissements-et-des-formations-pour-2022-897265.html\">source<\/a><\/p>\n<!--CusAds0-->\n<div style=\"font-size: 0px; height: 0px; line-height: 0px; margin: 0; padding: 0; clear: both;\"><\/div>","protected":false},"excerpt":{"rendered":"<p>4 mnPartager :C&rsquo;&eacute;tait annonc&eacute; en juillet 2020, c&rsquo;est d&eacute;sormais confirm&eacute; : Saintes va accueillir un campus des m&eacute;tiers et des qualifications, effectif d&egrave;s septembre 2022 sur son site Ferrocampus, soit un an plus tard que les annonces &agrave; la gen&egrave;se du projet. La r&eacute;gion Nouvelle-Aquitaine a pr&eacute;sent&eacute; son plan d&rsquo;investissement sur 10 ans, en d&eacute;taillant [&hellip;]<\/p>\n","protected":false},"author":1,"featured_media":0,"comment_status":"open","ping_status":"open","sticky":false,"template":"","format":"standard","meta":{"googlesitekit_rrm_CAow1sXXCw:productID":"","_jetpack_memberships_contains_paid_content":false,"footnotes":"","jetpack_publicize_message":"","jetpack_publicize_feature_enabled":true,"jetpack_social_post_already_shared":false,"jetpack_social_options":{"image_generator_settings":{"template":"highway","default_image_id":0,"font":"","enabled":false},"version":2}},"categories":[1],"tags":[],"class_list":["post-2226","post","type-post","status-publish","format-standard","hentry","category-non-classe"],"jetpack_publicize_connections":[],"jetpack_featured_media_url":"","jetpack_sharing_enabled":true,"_links":{"self":[{"href":"https:\/\/monblogeur.tech\/index.php\/wp-json\/wp\/v2\/posts\/2226","targetHints":{"allow":["GET"]}}],"collection":[{"href":"https:\/\/monblogeur.tech\/index.php\/wp-json\/wp\/v2\/posts"}],"about":[{"href":"https:\/\/monblogeur.tech\/index.php\/wp-json\/wp\/v2\/types\/post"}],"author":[{"embeddable":true,"href":"https:\/\/monblogeur.tech\/index.php\/wp-json\/wp\/v2\/users\/1"}],"replies":[{"embeddable":true,"href":"https:\/\/monblogeur.tech\/index.php\/wp-json\/wp\/v2\/comments?post=2226"}],"version-history":[{"count":0,"href":"https:\/\/monblogeur.tech\/index.php\/wp-json\/wp\/v2\/posts\/2226\/revisions"}],"wp:attachment":[{"href":"https:\/\/monblogeur.tech\/index.php\/wp-json\/wp\/v2\/media?parent=2226"}],"wp:term":[{"taxonomy":"category","embeddable":true,"href":"https:\/\/monblogeur.tech\/index.php\/wp-json\/wp\/v2\/categories?post=2226"},{"taxonomy":"post_tag","embeddable":true,"href":"https:\/\/monblogeur.tech\/index.php\/wp-json\/wp\/v2\/tags?post=2226"}],"curies":[{"name":"wp","href":"https:\/\/api.w.org\/{rel}","templated":true}]}}