{"id":2380,"date":"2021-12-03T00:46:45","date_gmt":"2021-12-02T23:46:45","guid":{"rendered":"https:\/\/monblogeur.tech\/index.php\/2021\/12\/03\/salon-top-marques-record-de-vitesse-formation-des-commissaires-rallye-lessentiel-de-lactu-monaco-tribune\/"},"modified":"2021-12-03T00:46:45","modified_gmt":"2021-12-02T23:46:45","slug":"salon-top-marques-record-de-vitesse-formation-des-commissaires-rallye-lessentiel-de-lactu-monaco-tribune","status":"publish","type":"post","link":"https:\/\/monblogeur.tech\/index.php\/2021\/12\/03\/salon-top-marques-record-de-vitesse-formation-des-commissaires-rallye-lessentiel-de-lactu-monaco-tribune\/","title":{"rendered":"Salon Top Marques, record de vitesse, formation des commissaires rallye&#8230; L&#039;essentiel de l&#039;actu &#8211; Monaco Tribune"},"content":{"rendered":"<div class=\"cfbc967f0983488262956e73eca9483a\" data-index=\"1\" style=\"float: none; margin:10px 0 10px 0; text-align:center;\">\n<script async src=\"https:\/\/pagead2.googlesyndication.com\/pagead\/js\/adsbygoogle.js?client=ca-pub-3859091246952232\" crossorigin=\"anonymous\"><\/script>\r\n<!-- blok -->\r\n<ins class=\"adsbygoogle\" data-ad-client=\"ca-pub-3859091246952232\" data-ad-slot=\"1334354390\"><\/ins>\r\n<script>\r\n     (adsbygoogle = window.adsbygoogle || []).push({});\r\n<\/script>\r\n\n<\/div>\n<p><strong>Le point sur les faits importants de l\u2019actualit\u00e9 ce jeudi 2 d\u00e9cembre 2021.<\/strong><br \/><strong>Billetterie du salon Top Marques &#8211; <\/strong>Vous pouvez d\u00e8s \u00e0 pr\u00e9sent prendre vos places pour le salon Top Marques Monaco, qui aura lieu du 8 au 12 juin au Grimaldi Forum. Ferrari, Aston Martin, Rolls Royce, Bentley\u2026 Les plus grandes marques de supercars et d\u2019hypercars seront pr\u00e9sentes, ainsi que des enseignes d\u2019horlogerie de luxe et des constructeurs de superboats. Une nouveaut\u00e9 cette ann\u00e9e : un hall sera d\u00e9di\u00e9 aux voitures de sport mythiques des ann\u00e9es 50 \u00e0 90. De plus, un cocktail VIP aura lieu pour l\u2019inauguration du salon en pr\u00e9sence du Prince. Tarif : de 45 \u00e0 120 euros ; 250 euros pour la soir\u00e9e d&rsquo;inauguration.<br \/><strong>Encore un record pour la Voxan Wattman<\/strong> &#8211; Imbattue ! La Voxan Wattman de Venturi et son pilote Max Biaggi ont <a href=\"https:\/\/www.monaco-tribune.com\/2021\/11\/wattman-la-celebre-moto-electrique-devient-encore-plus-rapide\/\">une fois de plus battu le record du monde de vitesse<\/a>, cat\u00e9gorie moto \u00e9lectrique semi-car\u00e9n\u00e9e de moins de 300 kilos. Le 22 novembre, sur la piste de Space Florida (USA), la moto de l&rsquo;\u00e9quipe de Gildo Pastor a atteint l\u2019incroyable vitesse de 455,737 km\/h (470,257 km\/h en vitesse instantan\u00e9e).<br \/><strong>Formation des commissaires rallye<\/strong> &#8211; Le Comit\u00e9 d\u2019Organisation et le Corps des Commissaires de l\u2019ACM se sont r\u00e9unis le 28 novembre au chapiteau de Fontvieille. L\u2019objectif ? Pr\u00e9parer le Rallye Monte-Carlo dont le coup d\u2019envoi sera donn\u00e9 dans moins de deux mois. Tous les commissaires rallye ont pass\u00e9 en revue leurs connaissances lors d\u2019une r\u00e9p\u00e9tition grandeur nature. Les mesures sanitaires li\u00e9es au Covid \u00e9taient aussi \u00e0 l\u2019ordre du jour.<br \/> \t\t\t\t\t\t<span>NEWSLETTER<\/span>MonacoTribune directement dans votre bo\u00eete mail ? C&rsquo;est gratuit !\t\t\t\t\t<br \/> \t\t\t\t\t\t<span>NEWSLETTER<\/span>MonacoTribune directement dans votre bo\u00eete mail ? C&rsquo;est gratuit !\t\t\t\t\t<br \/>\u00a9 Monaco Tribune 2020<br \/><a href=\"#newsletter-subscribe\" title=\"\"><em>Monaco Tribune<\/em> dans votre bo\u00eete mail<\/a><\/p>\n<p><a href=\"https:\/\/www.monaco-tribune.com\/2021\/12\/salon-top-marques-record-de-vitesse-formation-des-commissaires-rallye\/\">source<\/a><\/p>\n<!--CusAds0-->\n<div style=\"font-size: 0px; height: 0px; line-height: 0px; margin: 0; padding: 0; clear: both;\"><\/div>","protected":false},"excerpt":{"rendered":"<p>Le point sur les faits importants de l\u2019actualit\u00e9 ce jeudi 2 d\u00e9cembre 2021.Billetterie du salon Top Marques &#8211; Vous pouvez d\u00e8s \u00e0 pr\u00e9sent prendre vos places pour le salon Top Marques Monaco, qui aura lieu du 8 au 12 juin au Grimaldi Forum. Ferrari, Aston Martin, Rolls Royce, Bentley\u2026 Les plus grandes marques de supercars [&hellip;]<\/p>\n","protected":false},"author":1,"featured_media":0,"comment_status":"open","ping_status":"open","sticky":false,"template":"","format":"standard","meta":{"googlesitekit_rrm_CAow1sXXCw:productID":"","_jetpack_memberships_contains_paid_content":false,"footnotes":"","jetpack_publicize_message":"","jetpack_publicize_feature_enabled":true,"jetpack_social_post_already_shared":false,"jetpack_social_options":{"image_generator_settings":{"template":"highway","default_image_id":0,"font":"","enabled":false},"version":2}},"categories":[1],"tags":[],"class_list":["post-2380","post","type-post","status-publish","format-standard","hentry","category-non-classe"],"jetpack_publicize_connections":[],"jetpack_featured_media_url":"","jetpack_sharing_enabled":true,"_links":{"self":[{"href":"https:\/\/monblogeur.tech\/index.php\/wp-json\/wp\/v2\/posts\/2380","targetHints":{"allow":["GET"]}}],"collection":[{"href":"https:\/\/monblogeur.tech\/index.php\/wp-json\/wp\/v2\/posts"}],"about":[{"href":"https:\/\/monblogeur.tech\/index.php\/wp-json\/wp\/v2\/types\/post"}],"author":[{"embeddable":true,"href":"https:\/\/monblogeur.tech\/index.php\/wp-json\/wp\/v2\/users\/1"}],"replies":[{"embeddable":true,"href":"https:\/\/monblogeur.tech\/index.php\/wp-json\/wp\/v2\/comments?post=2380"}],"version-history":[{"count":0,"href":"https:\/\/monblogeur.tech\/index.php\/wp-json\/wp\/v2\/posts\/2380\/revisions"}],"wp:attachment":[{"href":"https:\/\/monblogeur.tech\/index.php\/wp-json\/wp\/v2\/media?parent=2380"}],"wp:term":[{"taxonomy":"category","embeddable":true,"href":"https:\/\/monblogeur.tech\/index.php\/wp-json\/wp\/v2\/categories?post=2380"},{"taxonomy":"post_tag","embeddable":true,"href":"https:\/\/monblogeur.tech\/index.php\/wp-json\/wp\/v2\/tags?post=2380"}],"curies":[{"name":"wp","href":"https:\/\/api.w.org\/{rel}","templated":true}]}}