{"id":2462,"date":"2021-12-03T16:50:00","date_gmt":"2021-12-03T15:50:00","guid":{"rendered":"https:\/\/monblogeur.tech\/index.php\/2021\/12\/03\/brest-le-forum-emploi-et-formation-talents-de-nos-quartiers-revient-en-decembre-a-brest-le-telegramme\/"},"modified":"2021-12-03T16:50:00","modified_gmt":"2021-12-03T15:50:00","slug":"brest-le-forum-emploi-et-formation-talents-de-nos-quartiers-revient-en-decembre-a-brest-le-telegramme","status":"publish","type":"post","link":"https:\/\/monblogeur.tech\/index.php\/2021\/12\/03\/brest-le-forum-emploi-et-formation-talents-de-nos-quartiers-revient-en-decembre-a-brest-le-telegramme\/","title":{"rendered":"Brest &#8211; Le forum Emploi et formation \u00ab Talents de nos quartiers \u00bb revient en d\u00e9cembre \u00e0 Brest &#8211; Le T\u00e9l\u00e9gramme"},"content":{"rendered":"<div class=\"cfbc967f0983488262956e73eca9483a\" data-index=\"1\" style=\"float: none; margin:10px 0 10px 0; text-align:center;\">\n<script async src=\"https:\/\/pagead2.googlesyndication.com\/pagead\/js\/adsbygoogle.js?client=ca-pub-3859091246952232\" crossorigin=\"anonymous\"><\/script>\r\n<!-- blok -->\r\n<ins class=\"adsbygoogle\" data-ad-client=\"ca-pub-3859091246952232\" data-ad-slot=\"1334354390\"><\/ins>\r\n<script>\r\n     (adsbygoogle = window.adsbygoogle || []).push({});\r\n<\/script>\r\n\n<\/div>\n<p>Bollore<br \/>CRCAM Morbihan CCI<br \/>CRCAM Ile et Vilaine CCI<br \/>Videlio<br \/>                 <span href=\"#\" class=\"close\" id=\"miseEnAvantBigClose\"><\/span>             <br \/>                 <a style=\"text-decoration: underline;display: block;\" ><\/a>             <br \/>             <span href=\"#\" class=\"close\" id=\"miseEnAvantSmallClose\"><\/span>         <br \/>Mercredi 1er\u00a0d\u00e9cembre, au <a href=\"https:\/\/www.letelegramme.fr\/finistere\/brest\/leurope\/brest-le-centre-social-horizons-a-pontanezen-a-rendu-hommage-au-chanteur-idir-decede-en-2020-24-11-2021-12874140.php\">centre social Horizons \u00e0 Pontan\u00e9zen<\/a>, <a href=\"https:\/\/www.letelegramme.fr\/tag\/philippe-mahe\">Philippe Mah\u00e9<\/a>, le pr\u00e9fet du Finist\u00e8re, et Bernadette Abiven, huiti\u00e8me vice-pr\u00e9sidente de Brest M\u00e9tropole en charge des Ressources humaines, emploi et insertion, ont pr\u00e9sent\u00e9 la formule du 10e forum Emploi et formation \u00ab\u00a0Talents de nos quartiers\u00a0\u00bb qui se d\u00e9roulera le mardi 14\u00a0d\u00e9cembre prochain.<br \/>\u00ab\u00a0C\u2019est l\u2019occasion de rencontrer et d\u2019\u00e9changer avec les entreprises du territoire, estime la vice-pr\u00e9sidente. Elles seront plus de 50 repr\u00e9sentants de tous les secteurs d\u2019activit\u00e9 (m\u00e9dico-social, transport, industrie, BTP, agriculture entre autres). Cette journ\u00e9e sera l\u2019occasion aux jeunes des quartiers et \u00e0 leurs familles d\u2019avoir de la visibilit\u00e9 sur les offres d\u2019emploi en relation directe avec des recruteurs\u00a0\u00bb.<br \/>Il sera donc possible de d\u00e9couvrir les m\u00e9tiers dans un espace d\u00e9di\u00e9, quand d\u2019autres espaces permettront d\u2019acc\u00e9der \u00e0 la m\u00e9diation num\u00e9rique, \u00e0 la cr\u00e9ation d\u2019activit\u00e9s pour des porteurs de projets, avec en sus un atelier d\u00e9di\u00e9 \u00e0 l\u2019entrepreneuriat, des femmes. Un cin\u00e9-d\u00e9bat permettra \u00e9galement des \u00e9changes.<br \/>Le pr\u00e9fet soutient cette action \u00ab\u00a0qui rentre dans la politique de la ville. (\u2026) Ce forum est un moyen pour les familles de construire des vies nouvelles \u00e0 travers des formations sur des m\u00e9tiers offrant la s\u00e9curit\u00e9 de l\u2019emploi. Le taux de ch\u00f4mage dans le Finist\u00e8re est de 6,8\u00a0%, un taux tr\u00e8s faible que l\u2019on peut encore faire baisser gr\u00e2ce \u00e0 des initiatives de ce genre\u00a0\u00bb.<br \/>Ce mardi 14\u00a0d\u00e9cembre, de 9\u00a0h\u00a030 \u00e0 16\u00a0h, acc\u00e8s libre, restauration gratuite \u00e0 midi, passe sanitaire et masque obligatoire. Au centre social Horizons, 5 rue Sisley, Pontan\u00e9zen. Contact\u00a0: t\u00e9l.\u00a009\u00a080\u00a022\u00a020\u00a000.<br \/>Saint-Brieuc : les hauturiers \u00e0 admirer au L\u00e9gu\u00e9 \u00e0 partir du 18\u00a0d\u00e9cembre<br \/>Sondages de l\u2019\u00c9lys\u00e9e\u00a0: r\u00e9quisitions revues \u00e0 la hausse contre Claude Gu\u00e9ant, un an ferme demand\u00e9<br \/>\u00c0 Lango, \u00e0 Morlaix, les plus de 30 ans vaccin\u00e9s au Moderna \u00e0 partir de ce lundi 6\u00a0d\u00e9cembre<br \/>Tombola du T\u00e9l\u00e9thon\u00a0: qui veut survoler une \u00e9tape du Tour de France en h\u00e9licopt\u00e8re\u00a0?<br \/>             <span href=\"#\" class=\"close\" id=\"miseEnAvantSmallMobileClose\"><\/span>         <br \/>                                             Passe D\u00e9 ! Le foot du bout du monde, \u00e9pisode 13, saison 3 ! En association avec T\u00e9b\u00e9o, chaque jeudi, le rendez-vous des fans du Stade Brestois et des amateurs finist\u00e9riens vous fait vivre l&rsquo;actualit\u00e9 du ballon rond au bout du monde.                                         <br \/>                                             Passe D\u00e9 ! Le foot du bout du monde, \u00e9pisode 11, saison 3 ! En association avec T\u00e9b\u00e9o, chaque jeudi, le rendez-vous des fans du Stade Brestois et des amateurs finist\u00e9riens vous fait vivre l&rsquo;actualit\u00e9 du ballon rond au bout du monde.                                         <br \/>                                             Passe d\u00e9 ! Le foot du bout du monde, \u00e9pisode 10, saison 3 ! En association avec T\u00e9b\u00e9o, chaque jeudi \u00e0 18 h 15, le rendez-vous des fans du Stade Brestois et des amateurs finist\u00e9riens vous fait vivre l&rsquo;actualit\u00e9 du ballon rond au bout du monde.                                         <br \/>                     Nos newsletters                 <br \/>                     Restez connect\u00e9 \u00e0 l\u2019actualit\u00e9 gr\u00e2ce \u00e0 nos newsletters                 <br \/>Visite virtuelle <br \/>du T\u00e9l\u00e9gramme<\/p>\n<p><a href=\"https:\/\/www.letelegramme.fr\/finistere\/brest\/le-forum-emploi-et-formation-talents-de-nos-quartiers-revient-en-decembre-a-brest-02-12-2021-12879869.php\">source<\/a><\/p>\n<!--CusAds0-->\n<div style=\"font-size: 0px; height: 0px; line-height: 0px; margin: 0; padding: 0; clear: both;\"><\/div>","protected":false},"excerpt":{"rendered":"<p>BolloreCRCAM Morbihan CCICRCAM Ile et Vilaine CCIVidelio Mercredi 1er\u00a0d\u00e9cembre, au centre social Horizons \u00e0 Pontan\u00e9zen, Philippe Mah\u00e9, le pr\u00e9fet du Finist\u00e8re, et Bernadette Abiven, huiti\u00e8me vice-pr\u00e9sidente de Brest M\u00e9tropole en charge des Ressources humaines, emploi et insertion, ont pr\u00e9sent\u00e9 la formule du 10e forum Emploi et formation \u00ab\u00a0Talents de nos quartiers\u00a0\u00bb qui se d\u00e9roulera le [&hellip;]<\/p>\n","protected":false},"author":1,"featured_media":0,"comment_status":"open","ping_status":"open","sticky":false,"template":"","format":"standard","meta":{"googlesitekit_rrm_CAow1sXXCw:productID":"","_jetpack_memberships_contains_paid_content":false,"footnotes":"","jetpack_publicize_message":"","jetpack_publicize_feature_enabled":true,"jetpack_social_post_already_shared":false,"jetpack_social_options":{"image_generator_settings":{"template":"highway","default_image_id":0,"font":"","enabled":false},"version":2}},"categories":[1],"tags":[],"class_list":["post-2462","post","type-post","status-publish","format-standard","hentry","category-non-classe"],"jetpack_publicize_connections":[],"jetpack_featured_media_url":"","jetpack_sharing_enabled":true,"_links":{"self":[{"href":"https:\/\/monblogeur.tech\/index.php\/wp-json\/wp\/v2\/posts\/2462","targetHints":{"allow":["GET"]}}],"collection":[{"href":"https:\/\/monblogeur.tech\/index.php\/wp-json\/wp\/v2\/posts"}],"about":[{"href":"https:\/\/monblogeur.tech\/index.php\/wp-json\/wp\/v2\/types\/post"}],"author":[{"embeddable":true,"href":"https:\/\/monblogeur.tech\/index.php\/wp-json\/wp\/v2\/users\/1"}],"replies":[{"embeddable":true,"href":"https:\/\/monblogeur.tech\/index.php\/wp-json\/wp\/v2\/comments?post=2462"}],"version-history":[{"count":0,"href":"https:\/\/monblogeur.tech\/index.php\/wp-json\/wp\/v2\/posts\/2462\/revisions"}],"wp:attachment":[{"href":"https:\/\/monblogeur.tech\/index.php\/wp-json\/wp\/v2\/media?parent=2462"}],"wp:term":[{"taxonomy":"category","embeddable":true,"href":"https:\/\/monblogeur.tech\/index.php\/wp-json\/wp\/v2\/categories?post=2462"},{"taxonomy":"post_tag","embeddable":true,"href":"https:\/\/monblogeur.tech\/index.php\/wp-json\/wp\/v2\/tags?post=2462"}],"curies":[{"name":"wp","href":"https:\/\/api.w.org\/{rel}","templated":true}]}}