{"id":2469,"date":"2021-12-03T18:16:18","date_gmt":"2021-12-03T17:16:18","guid":{"rendered":"https:\/\/monblogeur.tech\/index.php\/2021\/12\/03\/formation-de-formateur-professionnel-pour-adulte-a-beziers-herault-tribune\/"},"modified":"2021-12-03T18:16:18","modified_gmt":"2021-12-03T17:16:18","slug":"formation-de-formateur-professionnel-pour-adulte-a-beziers-herault-tribune","status":"publish","type":"post","link":"https:\/\/monblogeur.tech\/index.php\/2021\/12\/03\/formation-de-formateur-professionnel-pour-adulte-a-beziers-herault-tribune\/","title":{"rendered":"Formation de Formateur professionnel Pour Adulte \u00e0 B\u00e9ziers &#8211; H\u00e9rault-Tribune"},"content":{"rendered":"<div class=\"cfbc967f0983488262956e73eca9483a\" data-index=\"1\" style=\"float: none; margin:10px 0 10px 0; text-align:center;\">\n<script async src=\"https:\/\/pagead2.googlesyndication.com\/pagead\/js\/adsbygoogle.js?client=ca-pub-3859091246952232\" crossorigin=\"anonymous\"><\/script>\r\n<!-- blok -->\r\n<ins class=\"adsbygoogle\" data-ad-client=\"ca-pub-3859091246952232\" data-ad-slot=\"1334354390\"><\/ins>\r\n<script>\r\n     (adsbygoogle = window.adsbygoogle || []).push({});\r\n<\/script>\r\n\n<\/div>\n<p>L\u2019organisme de formation professionnelle CFPO R\u00e9gion Occitanie met en place \u00e0 partir du 2 d\u00e9cembre 2021 l\u2019action de formation Formateur professionnel en langue et culture occitanes ou catalanes financ\u00e9e par le Programme R\u00e9gional de Formation de la R\u00e9gion Occitanie.<br \/>Vous \u00eates demandeurs d\u2019emploi et titulaire d\u2019un BAC (ou \u00e9quivalent de niveau 4). Vous r\u00e9fl\u00e9chissez \u00e0 un projet professionnel, vous envisagez de vous reconvertir ?<br \/>Gr\u00e2ce au Programme R\u00e9gional de Formation, la R\u00e9gion Occitanie et le CFPO RO sont \u00e0 vos c\u00f4t\u00e9s pour construire votre projet et le r\u00e9aliser !<br \/>A l\u2019issue de cette formation de 10 mois, vous pr\u00e9senterez l\u2019examen de certification professionnelle FPA (\u00e9quivalent Niveau 5 d\u00e9livr\u00e9 par la DREETS) et l\u2019examen CECRL de niveau B.<br \/>Sur 23 personnes form\u00e9es entre 2015 et 2020, 19 sont en emploi.<br \/>Pour plus d&#8217;informations<br \/> Visiter le site internet https:\/\/www.cfpoccitan.org\/formation-professionnelle-en-occitan<br \/> ou<br \/> Contacter le 04 67 28 75 36<br \/> ou<br \/> Venez participez \u00e0 une des r\u00e9unions d\u2019informations collectives, organis\u00e9es chaque jour \u00e0 14h soit en pr\u00e9sentiel dans les locaux de la Maison de la Vie Association \u2013 2 rue Jeanne Jugan 34500 B\u00e9ziers 2e \u00e9tage escalier C (se munir de votre Pass-sanitaire) soit en visio-conference (nous contacter par t\u00e9l\u00e9phone).<br \/><strong>&gt; Ceci est une tribune libre, qui n\u2019engage que les personnes qui l\u2019ont \u00e9crite. Pour \u00e9crire votre propre tribune, rendez vous sur\u00a0<a href=\"http:\/\/www.herault-tribune.com\/\">www.herault-tribune.com<\/a>\u00a0et cliquez sur l\u2019onglet \u201cVotre tribune\u201d, puis sur \u201cProposer un article\u201d.<\/strong><br \/>Vos annonces l\u00e9gales publi\u00e9es en moins de 10 mn sur toute la France<br \/>Depuis 1973, d&#8217;abord sous format magazine, puis via son site, H\u00e9rault Tribune informe le public des \u00e9v\u00e9nements qui se produisent dans le grand Agathois, le Biterrois et le bassin de Thau.<br \/><a href=\"\/app\/uploads\/2021\/02\/logo-hje.svg\"><img decoding=\"async\" loading=\"lazy\" class=\"alignleft wp-image-80765\" title=\"logo H\u00e9rault Juridique et Economique\" src=\"\/app\/uploads\/2021\/02\/logo-hje.svg\" alt=\"logo hje\" width=\"170\" height=\"106\" \/><\/a><br \/>Depuis 1895, l\u2019H\u00e9rault Juridique &amp; Economique traite l&#8217;\u00e9conomie, le droit et la culture dans son hebdomadaire papier, puis via son site Internet. Il contribue au d\u00e9veloppement s\u00e9curis\u00e9 de l\u2019\u00e9conomie locale en publiant les annonces l\u00e9gales.<\/p>\n<p><a href=\"https:\/\/www.herault-tribune.com\/votre-tribune\/formation-de-formateur-professionnel-pour-adulte-a-beziers\/\">source<\/a><\/p>\n<!--CusAds0-->\n<div style=\"font-size: 0px; height: 0px; line-height: 0px; margin: 0; padding: 0; clear: both;\"><\/div>","protected":false},"excerpt":{"rendered":"<p>L\u2019organisme de formation professionnelle CFPO R\u00e9gion Occitanie met en place \u00e0 partir du 2 d\u00e9cembre 2021 l\u2019action de formation Formateur professionnel en langue et culture occitanes ou catalanes financ\u00e9e par le Programme R\u00e9gional de Formation de la R\u00e9gion Occitanie.Vous \u00eates demandeurs d\u2019emploi et titulaire d\u2019un BAC (ou \u00e9quivalent de niveau 4). Vous r\u00e9fl\u00e9chissez \u00e0 un [&hellip;]<\/p>\n","protected":false},"author":1,"featured_media":0,"comment_status":"open","ping_status":"open","sticky":false,"template":"","format":"standard","meta":{"googlesitekit_rrm_CAow1sXXCw:productID":"","_jetpack_memberships_contains_paid_content":false,"footnotes":"","jetpack_publicize_message":"","jetpack_publicize_feature_enabled":true,"jetpack_social_post_already_shared":false,"jetpack_social_options":{"image_generator_settings":{"template":"highway","default_image_id":0,"font":"","enabled":false},"version":2}},"categories":[1],"tags":[],"class_list":["post-2469","post","type-post","status-publish","format-standard","hentry","category-non-classe"],"jetpack_publicize_connections":[],"jetpack_featured_media_url":"","jetpack_sharing_enabled":true,"_links":{"self":[{"href":"https:\/\/monblogeur.tech\/index.php\/wp-json\/wp\/v2\/posts\/2469","targetHints":{"allow":["GET"]}}],"collection":[{"href":"https:\/\/monblogeur.tech\/index.php\/wp-json\/wp\/v2\/posts"}],"about":[{"href":"https:\/\/monblogeur.tech\/index.php\/wp-json\/wp\/v2\/types\/post"}],"author":[{"embeddable":true,"href":"https:\/\/monblogeur.tech\/index.php\/wp-json\/wp\/v2\/users\/1"}],"replies":[{"embeddable":true,"href":"https:\/\/monblogeur.tech\/index.php\/wp-json\/wp\/v2\/comments?post=2469"}],"version-history":[{"count":0,"href":"https:\/\/monblogeur.tech\/index.php\/wp-json\/wp\/v2\/posts\/2469\/revisions"}],"wp:attachment":[{"href":"https:\/\/monblogeur.tech\/index.php\/wp-json\/wp\/v2\/media?parent=2469"}],"wp:term":[{"taxonomy":"category","embeddable":true,"href":"https:\/\/monblogeur.tech\/index.php\/wp-json\/wp\/v2\/categories?post=2469"},{"taxonomy":"post_tag","embeddable":true,"href":"https:\/\/monblogeur.tech\/index.php\/wp-json\/wp\/v2\/tags?post=2469"}],"curies":[{"name":"wp","href":"https:\/\/api.w.org\/{rel}","templated":true}]}}