{"id":2512,"date":"2021-12-04T03:00:05","date_gmt":"2021-12-04T02:00:05","guid":{"rendered":"https:\/\/monblogeur.tech\/index.php\/2021\/12\/04\/formation-securite-incendie-et-manipulation-des-extincteurs-a-la-mjc-zoomdici-fr\/"},"modified":"2021-12-04T03:00:05","modified_gmt":"2021-12-04T02:00:05","slug":"formation-securite-incendie-et-manipulation-des-extincteurs-a-la-mjc-zoomdici-fr","status":"publish","type":"post","link":"https:\/\/monblogeur.tech\/index.php\/2021\/12\/04\/formation-securite-incendie-et-manipulation-des-extincteurs-a-la-mjc-zoomdici-fr\/","title":{"rendered":"Formation s\u00e9curit\u00e9 incendie et manipulation des extincteurs \u00e0 la MJC. &#8211; Zoomdici.fr"},"content":{"rendered":"<div class=\"cfbc967f0983488262956e73eca9483a\" data-index=\"1\" style=\"float: none; margin:10px 0 10px 0; text-align:center;\">\n<script async src=\"https:\/\/pagead2.googlesyndication.com\/pagead\/js\/adsbygoogle.js?client=ca-pub-3859091246952232\" crossorigin=\"anonymous\"><\/script>\r\n<!-- blok -->\r\n<ins class=\"adsbygoogle\" data-ad-client=\"ca-pub-3859091246952232\" data-ad-slot=\"1334354390\"><\/ins>\r\n<script>\r\n     (adsbygoogle = window.adsbygoogle || []).push({});\r\n<\/script>\r\n\n<\/div>\n<p>100% locale, 200% utile.<br \/>      Tous   <br \/>      <a href=\"\/taxonomy\/term\/4737\" hreflang=\"fr\">Espaly-Saint-Marcel<\/a>   <br \/>  <a href=\"\/formation\">Formation<\/a><br \/> Par O.St <span class=\"tSmall alpha-50 ml-0-5\"><span property=\"schema:dateCreated\" content=\"2021-12-03T09:00:00+00:00\" class=\"field field--name-created field--type-created field--label-hidden\">ven 03\/12\/2021 &#8211; 10:00<\/span> , Mise \u00e0 jour le 03\/12\/2021 \u00e0 10:00<\/span><br \/>Partager<br \/>Une vingtaine de personnes se sont retrouv\u00e9es \u00e0 la MJC Auguste Dumas pour une matin\u00e9e studieuse autour du th\u00e8me de la s\u00e9curit\u00e9 incendie.<br \/>Salari\u00e9s et b\u00e9n\u00e9voles de la MJC, responsables associatifs, employ\u00e9s des services techniques de la commune, personnels de la cr\u00e8che, de l\u2019\u00e9cole maternelle publique ou encore du restaurant municipal d&rsquo;Espaly, tous avaient r\u00e9pondu pr\u00e9sents \u00e0 l\u2019invitation de la directrice de la MJC, Agn\u00e8s Cosme.<br \/>Cette formation \u00e9tait mise en place dans le cadre de l\u2019Universit\u00e9 de la Vie Associative (U.V.A.) et anim\u00e9e par Michel MIALON (CONSEIL PROGEST), formateur b\u00e9n\u00e9vole de l\u2019U.V.A.<br \/>Apr\u00e8s l\u2019accueil autour d\u2019un caf\u00e9, Il \u00e9tait demand\u00e9 aux stagiaires d\u2019avoir un \u0153il attentif et critique sur des situations (9 cas) cr\u00e9\u00e9es par le formateur et faisant ressortir des probl\u00e8mes en mati\u00e8re de s\u00e9curit\u00e9 (ici un bloc d\u2019\u00e9clairage de s\u00e9curit\u00e9 masqu\u00e9 ou en panne, l\u00e0 une porte coupe-feu obstru\u00e9e, un ferme-porte hors service, un extincteur manquant, des multiprises surcharg\u00e9es, un d\u00e9clencheur manuel masqu\u00e9, ou encore un enrouleur \u00e9lectrique non enti\u00e8rement d\u00e9roul\u00e9, etc.).<br \/>Ensuite une partie th\u00e9orique permettait aux participants d\u2019acqu\u00e9rir des connaissances sur la notion de feu (triangle du feu), ses causes, cons\u00e9quences, modes de propagation, mais aussi les consignes, la conduite \u00e0 tenir en cas d\u2019incendie, l\u2019alarme, l\u2019alerte, l\u2019\u00e9vacuation des locaux.&nbsp;<br \/>Une visite comment\u00e9e des locaux et installations permettait aussi aux participants de se familiariser avec les diff\u00e9rents dispositifs pr\u00e9sents dans un ERP (Etablissement Recevant du Public) et leur usage&nbsp;: d\u00e9clencheurs manuel d\u2019alarme, signal\u00e9tique, plans d\u2019\u00e9vacuation et d\u2019intervention, t\u00e9l\u00e9phone d\u2019appel d\u2019urgence, coupure des \u00e9nergies, portes coupe-feu, syst\u00e8mes de d\u00e9senfumage, son sir\u00e8ne, etc.<br \/>Tout le monde se retrouvait ensuite sur une aire de feu ext\u00e9rieure et s\u00e9curis\u00e9e, pour manipuler les diff\u00e9rents extincteurs (photo) \u00e0 eau pulv\u00e9ris\u00e9e avec additif et CO2 (feux d\u2019origine \u00e9lectrique), mais aussi apprendre \u00e0 \u00e9teindre sans prendre de risques, un feu de friteuse.<br \/>Depuis plusieurs ann\u00e9es maintenant cette formation est propos\u00e9e annuellement pour les associations de la commune d\u2019Espaly. Elle peut \u00eatre mise en place \u00e0 la demande sur d\u2019autres communes du d\u00e9partement, pour toute structure associative g\u00e9rant des locaux accueillant du public.&nbsp;<br \/><em>Pour tous renseignements s\u2019adresser \u00e0 Agn\u00e8s Cosme \u2013 04 71 05 20 09-<\/em><br \/>Partager<br \/>Manifestation revendicative interdite ce samedi 4 d\u00e9cembre<br \/>          Social, \u00e9conomique et politique     <br \/>3<span class=\"sr-only\"> commentaires<\/span><br \/>Les retrait\u00e9s de la Haute-Loire \u00e0 Paris<br \/>          Social, \u00e9conomique et politique     <br \/>Pralhac \u00e0 Loudes\u00a0: les odeurs de la discorde<br \/>          Social, \u00e9conomique et politique     <br \/>4<span class=\"sr-only\"> commentaires<\/span><br \/>Matth\u00e9o : \u00ab Tu vois mon grand, les gens t&#039;aiment \u00bb<br \/>          Social, \u00e9conomique et politique     <br \/>1<span class=\"sr-only\"> commentaire<\/span><br \/>Engagement de l\u2019Etat concernant l\u2019avenir du Conservatoire national du saumon sauvage<br \/>          Social, \u00e9conomique et politique     <br \/>Les sympt\u00f4mes sp\u00e9cifiques du nouveau variant Omicron<br \/>          Social, \u00e9conomique et politique     <br \/>Exc\u00e9d\u00e9s, les soignants tapent du poing sur la table<br \/>          Social, \u00e9conomique et politique     <br \/>1<span class=\"sr-only\"> commentaire<\/span><br \/>Op\u00e9ration de soutien par la CPAM 43 aux Maisons de Sant\u00e9<br \/>          Social, \u00e9conomique et politique     <br \/>Contenus sponsoris\u00e9s<br \/>Schmidt \u00e0 Brives-Charensac  : le sur-mesure et la qualit\u00e9 avant tout<\/p>\n<p>Recevez la newsletter<br \/>Suivez Zoomdici<\/p>\n<p><a href=\"https:\/\/www.zoomdici.fr\/actualite\/formation-securite-incendie-et-manipulation-des-extincteurs-la-mjc\">source<\/a><\/p>\n<!--CusAds0-->\n<div style=\"font-size: 0px; height: 0px; line-height: 0px; margin: 0; padding: 0; clear: both;\"><\/div>","protected":false},"excerpt":{"rendered":"<p>100% locale, 200% utile. Tous Espaly-Saint-Marcel Formation Par O.St ven 03\/12\/2021 &#8211; 10:00 , Mise \u00e0 jour le 03\/12\/2021 \u00e0 10:00PartagerUne vingtaine de personnes se sont retrouv\u00e9es \u00e0 la MJC Auguste Dumas pour une matin\u00e9e studieuse autour du th\u00e8me de la s\u00e9curit\u00e9 incendie.Salari\u00e9s et b\u00e9n\u00e9voles de la MJC, responsables associatifs, employ\u00e9s des services techniques de [&hellip;]<\/p>\n","protected":false},"author":1,"featured_media":0,"comment_status":"open","ping_status":"open","sticky":false,"template":"","format":"standard","meta":{"googlesitekit_rrm_CAow1sXXCw:productID":"","_jetpack_memberships_contains_paid_content":false,"footnotes":"","jetpack_publicize_message":"","jetpack_publicize_feature_enabled":true,"jetpack_social_post_already_shared":false,"jetpack_social_options":{"image_generator_settings":{"template":"highway","default_image_id":0,"font":"","enabled":false},"version":2}},"categories":[1],"tags":[],"class_list":["post-2512","post","type-post","status-publish","format-standard","hentry","category-non-classe"],"jetpack_publicize_connections":[],"jetpack_featured_media_url":"","jetpack_sharing_enabled":true,"_links":{"self":[{"href":"https:\/\/monblogeur.tech\/index.php\/wp-json\/wp\/v2\/posts\/2512","targetHints":{"allow":["GET"]}}],"collection":[{"href":"https:\/\/monblogeur.tech\/index.php\/wp-json\/wp\/v2\/posts"}],"about":[{"href":"https:\/\/monblogeur.tech\/index.php\/wp-json\/wp\/v2\/types\/post"}],"author":[{"embeddable":true,"href":"https:\/\/monblogeur.tech\/index.php\/wp-json\/wp\/v2\/users\/1"}],"replies":[{"embeddable":true,"href":"https:\/\/monblogeur.tech\/index.php\/wp-json\/wp\/v2\/comments?post=2512"}],"version-history":[{"count":0,"href":"https:\/\/monblogeur.tech\/index.php\/wp-json\/wp\/v2\/posts\/2512\/revisions"}],"wp:attachment":[{"href":"https:\/\/monblogeur.tech\/index.php\/wp-json\/wp\/v2\/media?parent=2512"}],"wp:term":[{"taxonomy":"category","embeddable":true,"href":"https:\/\/monblogeur.tech\/index.php\/wp-json\/wp\/v2\/categories?post=2512"},{"taxonomy":"post_tag","embeddable":true,"href":"https:\/\/monblogeur.tech\/index.php\/wp-json\/wp\/v2\/tags?post=2512"}],"curies":[{"name":"wp","href":"https:\/\/api.w.org\/{rel}","templated":true}]}}