{"id":2516,"date":"2021-12-04T03:33:40","date_gmt":"2021-12-04T02:33:40","guid":{"rendered":"https:\/\/monblogeur.tech\/index.php\/2021\/12\/04\/les-syndicats-de-leducation-nationale-ont-ils-signe-une-motion-contre-la-vaccination-obligatoire-liberation\/"},"modified":"2021-12-04T03:33:40","modified_gmt":"2021-12-04T02:33:40","slug":"les-syndicats-de-leducation-nationale-ont-ils-signe-une-motion-contre-la-vaccination-obligatoire-liberation","status":"publish","type":"post","link":"https:\/\/monblogeur.tech\/index.php\/2021\/12\/04\/les-syndicats-de-leducation-nationale-ont-ils-signe-une-motion-contre-la-vaccination-obligatoire-liberation\/","title":{"rendered":"Les syndicats de l\u2019Education nationale ont-ils sign\u00e9 une motion contre la vaccination obligatoire ? &#8211; Lib\u00e9ration"},"content":{"rendered":"<div class=\"cfbc967f0983488262956e73eca9483a\" data-index=\"1\" style=\"float: none; margin:10px 0 10px 0; text-align:center;\">\n<script async src=\"https:\/\/pagead2.googlesyndication.com\/pagead\/js\/adsbygoogle.js?client=ca-pub-3859091246952232\" crossorigin=\"anonymous\"><\/script>\r\n<!-- blok -->\r\n<ins class=\"adsbygoogle\" data-ad-client=\"ca-pub-3859091246952232\" data-ad-slot=\"1334354390\"><\/ins>\r\n<script>\r\n     (adsbygoogle = window.adsbygoogle || []).push({});\r\n<\/script>\r\n\n<\/div>\n<p><span>Contrairement \u00e0 ce que peuvent laisser penser le mail largement diffus\u00e9 au sein des personnels de l\u2019Education nationale, tous les syndicats ne soutiennent pas l&rsquo;initiative de FO. <\/span>(Sophie Carr\u00e8re\/Sophie Carr\u00e8re)<br \/>Lundi, l\u2019ensemble des personnels de l\u2019Education nationale (<a href=\"https:\/\/www.education.gouv.fr\/l-education-nationale-en-chiffres-2020-305457\" target=\"_blank\" rel=\"noopener\">plus d\u20191,1 million de personnes<\/a>) ont re\u00e7u le m\u00eame mail sur leur bo\u00eete professionnelle, via un canal d\u00e9di\u00e9 aux syndicats. <i>\u00abRetrait de l\u2019obligation vaccinale (motion adopt\u00e9e par 220 personnels)\u00bb,<\/i> disent les caract\u00e8res blancs sur fond rouge. Si le courrier a \u00e9t\u00e9 envoy\u00e9 par la f\u00e9d\u00e9ration nationale de l\u2019enseignement et de la culture et de la formation professionnelle Force ouvri\u00e8re, d\u2019autres organisations sont cit\u00e9es dans le texte.<br \/><i>\u00abNous sommes 221 infirmiers, psychologues, m\u00e9decins, personnels administratifs, enseignants, AESH <\/i>[accompagnants des \u00e9l\u00e8ves en situation de handicap, ndlr],<i> AED <\/i>[assistant d\u2019\u00e9ducation],<i> CPE <\/i>[conseiller principal d\u2019\u00e9ducation]<i> et chefs d\u2019\u00e9tablissement de l\u2019Education nationale, ceux qui les soutiennent, syndiqu\u00e9s FO, CGT, FSU, SGEN-CFDT, UNSA, Action et d\u00e9mocratie, non syndiqu\u00e9s, vaccin\u00e9s, non vaccin\u00e9s et parents d\u2019\u00e9l\u00e8ves\u00bb,<\/i> lit-on dans la <a href=\"https:\/\/fo-fnecfp.fr\/wp-content\/uploads\/2021\/11\/Motion-obligation-vaccinale-loi-du-5-aout-adoptee-par-220-personnels-syndiques-et-non-syndiques.pdf\" target=\"_blank\" rel=\"noopener\">motion<\/a>. <i>\u00abR\u00e9unis \u00e0 l\u2019initiative du Syndicat national FO des infirmiers de l\u2019Education nationale (SNFOIEN) et de la Fnec FP-FO\u00bb,<\/i> les signataires d\u00e9noncent <i>\u00abfermement\u00bb<\/i> les suspensions de personnels de l\u2019Education nationale pour non-respect de l\u2019obligation vaccinale contre le Covid-19. Ils demandent ainsi la suspension des textes qui portent cette obligation, notamment <a href=\"https:\/\/www.legifrance.gouv.fr\/jorf\/id\/JORFTEXT000043909676\" target=\"_blank\" rel=\"noopener\">la loi du 5 ao\u00fbt 2021<\/a>.<br \/>Contrairement \u00e0 ce que peuvent laisser penser ces lignes, tous les syndicats de l\u2019Education nationale ne soutiennent pas cette initiative. Et certains ne la go\u00fbtent ni sur le fond ni sur la forme : <i>\u00abNous avons fait savoir \u00e0 FO que nous d\u00e9sapprouvions la m\u00e9thode consistant \u00e0 mettre en avant l\u2019appartenance syndicale de signataires qui ne repr\u00e9sentent pas leur organisation en laissant \u00e9ventuellement penser que l\u2019Unsa serait sur cette ligne\u00bb, <\/i>nous \u00e9crit par exemple l\u2019Union nationale des syndicats autonomes de l\u2019Education nationale. D\u2019autant que l\u2019Unsa \u00e9ducation<i> \u00abpense que la vaccination du plus grand nombre est essentielle pour nous prot\u00e9ger collectivement\u00bb<\/i> et<i> \u00abne remet pas en cause la loi du 5 ao\u00fbt 2021\u00bb.<\/i><br \/>Idem \u00e0 la F\u00e9d\u00e9ration syndicale unitaire : <i>\u00abLa FSU n\u2019a pas particip\u00e9 \u00e0 cette r\u00e9union en tant qu\u2019organisation et nous ne sommes donc pas signataires de cette motion, comme nous l\u2019avait fait savoir \u00e0 FO en d\u00e9plorant les m\u00e9thodes utilis\u00e9es. Nous consid\u00e9rons que la vaccination la plus large possible, avec une campagne incitative, est un outil incontournable pour faire face \u00e0 l\u2019\u00e9pid\u00e9mie [&#8230;] Nous ne demandons pas l\u2019abrogation de la loi du 5\/08.\u00bb<\/i><br \/>Au syndicat g\u00e9n\u00e9ral de l\u2019Education nationale (Sgen-CFDT), on n\u2019h\u00e9site pas \u00e0 dire que les adh\u00e9rents qui ont particip\u00e9 \u00e0 la r\u00e9union pr\u00e9alable \u00e0 cette motion de FO <i>\u00abont \u00e9t\u00e9 abus\u00e9s\u00bb,<\/i> car ils n\u2019avaient pas id\u00e9e que le texte serait envoy\u00e9 \u00e0 tous leurs coll\u00e8gues. <i>\u00abLe Sgen-CFDT consid\u00e8re que la vaccination la plus large est un des \u00e9l\u00e9ments pour faire face \u00e0 la pand\u00e9mie\u00bb,<\/i> avec d\u2019autres mesures (am\u00e9lioration de la qualit\u00e9 de l\u2019air, fourniture de masques\u2026). Ainsi, nous \u00e9crit le syndicat, celui-ci <i>\u00abn\u2019est pas demandeur d\u2019une abrogation [de la loi du 5 ao\u00fbt], et [n\u2019est] pas signataire de cette motion\u00bb.<\/i><br \/>Du c\u00f4t\u00e9 de la CGT, sans y adh\u00e9rer explicitement, on est plus proche de la position de la motion\u2009: <i>\u00abEffectivement, notre organisation est cit\u00e9e, comme d\u2019autres, du fait de la pr\u00e9sence de syndiqu\u00e9\u00b7e\u00b7s de notre organisation lors de la r\u00e9union dont \u00e9mane cette motion. En revanche, notre organisation n\u2019\u00e9tait pas partie prenante de la r\u00e9union. Nous sommes favorables \u00e0 la vaccination et \u00e0 toute campagne permettant d\u2019emporter la conviction des plus r\u00e9ticents, mais oppos\u00e9\u00b7e\u00b7s \u00e0 l\u2019obligation vaccinale\u00bb,<\/i> nous \u00e9crivent les cosecr\u00e9taires g\u00e9n\u00e9raux de CGT Educ\u2019action.<br \/>A quels fonctionnaires de l\u2019Education nationale s\u2019applique la fameuse loi portant obligation vaccinale\u2009? <a href=\"https:\/\/www.education.gouv.fr\/bo\/21\/Hebdo34\/MENH2127585J.htm\" target=\"_blank\" rel=\"noopener\">Sur son site,<\/a> le minist\u00e8re dresse la liste suivante\u2009: <i>\u00abAux m\u00e9decins de l\u2019\u00e9ducation nationale, m\u00e9decins du travail, personnels infirmiers de sant\u00e9 scolaire ou de sant\u00e9 au travail [\u2026] aux psychologues de l\u2019\u00e9ducation nationale et aux psychologues du travail [\u2026] aux personnels, notamment de secr\u00e9tariat ou d\u2019entretien, exer\u00e7ant leur activit\u00e9 dans les m\u00eames locaux que les professionnels de sant\u00e9 et les psychologues [\u2026] aux personnels, notamment de secr\u00e9tariat ou d\u2019entretien, exer\u00e7ant leur activit\u00e9 dans les services de pr\u00e9vention et de sant\u00e9 au travail [\u2026] aux internes et externes en m\u00e9decine et aux stagiaires infirmiers [\u2026] au personnel exer\u00e7ant dans les \u00e9tablissements de sant\u00e9 [\u2026] au personnel exer\u00e7ant dans les \u00e9tablissements et services m\u00e9dico-sociaux.\u00bb <\/i>Aussi, <i>\u00abun professionnel rempla\u00e7ant est soumis \u00e0 la m\u00eame obligation vaccinale que la personne qu\u2019il remplace\u00bb.<\/i><br \/>De combien de personnes parle-t-on\u2009? <i>\u00abCela repr\u00e9sente 7\u2009700 infirmi\u00e8res, 8\u2009000 psychologues de l\u2019Education nationale (premier et second degr\u00e9s) et environ 800 m\u00e9decins\u00bb,<\/i> nous \u00e9crit l\u2019Unsa. M\u00eame r\u00e9ponse de la CGT, qui chiffre les publics concern\u00e9s \u00e0 un peu plus de 16\u2009000 personnels.<br \/>Parmi eux, <i>\u00abentre 100 et 200\u00bb<\/i> psychologues feraient l\u2019objet de suspension, estime l\u2019Unsa. Qui nous fait aussi part de remont\u00e9es d\u2019informations venues du syndicat national des infirmiers et infirmi\u00e8res \u00e9ducateurs de sant\u00e9 (Snies Unsa), selon lesquelles <i>\u00ab60 infirmi\u00e8res en m\u00e9tropole, hors d\u00e9partements et r\u00e9gions d\u2019outre-mer\u00bb<\/i> seraient \u00e9galement suspendues. Enfin, <i>\u00able nombre serait beaucoup plus faible concernant les m\u00e9decins scolaires\u00bb,<\/i> compl\u00e8te l\u2019Unsa. <i>\u00abNous n\u2019avons pas de donn\u00e9es consolid\u00e9es et confirm\u00e9es par le minist\u00e8re\u00bb, <\/i>pr\u00e9vient la CFDT, tout en donnant la m\u00eame fourchette\u2009: <i>\u00abSans doute entre 200 et 300 agents ont \u00e9t\u00e9 suspendus.\u00bb<\/i><br \/>En l\u2019\u00e9tat, le processus pour un agent qui refuserait de se faire vacciner est le suivant, selon le site du minist\u00e8re de l\u2019Education nationale\u2009: <i>\u00abA sa demande et dans la mesure o\u00f9 c\u2019est compatible avec les n\u00e9cessit\u00e9s du service public, [il] peut recevoir une affectation temporaire dans un emploi ou un lieu de travail la dispensant de l\u2019obligation vaccinale. A d\u00e9faut, son employeur la suspend dans l\u2019int\u00e9r\u00eat du service pour des raisons d\u2019ordre public, afin de prot\u00e9ger la sant\u00e9 des personnes.\u00bb<\/i><br \/>Sans revendiquer leur r\u00e9int\u00e9gration comme le fait la motion de FO, la CGT et la CFDT d\u00e9plorent le manque de dialogue entre les administrations et les fonctionnaires refusant la vaccination. <i>\u00abNous demandons au minist\u00e8re de faciliter la possibilit\u00e9 pour les agents concern\u00e9s d\u2019avoir acc\u00e8s \u00e0 des alternatives y compris hors du minist\u00e8re via des d\u00e9tachements et des disponibilit\u00e9s\u00bb,<\/i> appuie la centrale r\u00e9formiste<i>. \u00abNous exigeons que les personnels soumis \u00e0 cette obligation se voient proposer des solutions d\u2019affectation sur d\u2019autres missions<\/i>, revendique de son c\u00f4t\u00e9 la CGT. <i>Nous exigeons qu\u2019aucun personnel ne soit suspendu avec perte de salaire.\u00bb <\/i>Contact\u00e9 ce mercredi soir, le minist\u00e8re de l\u2019Education nationale n\u2019a pour l\u2019heure pas r\u00e9pondu \u00e0 nos questions.<br \/><b>Mise \u00e0 jour le 3 d\u00e9cembre \u00e0 8h47 : <\/b>ajout de la r\u00e9ponse de la FSU<br \/><b>Mise \u00e0 jour le 3 d\u00e9cembre \u00e0 9h30 : <\/b>contrairement \u00e0 ce que nous \u00e9crivions initialement, ce n\u2019est pas la CGT mais la CFDT qui nous a communiqu\u00e9 une fourchette estimant le nombre de suspensions.<br \/>\u00a9 Lib\u00e9 2021<br \/>\u00a9 Lib\u00e9 2021<\/p>\n<p><a href=\"https:\/\/www.liberation.fr\/checknews\/les-syndicats-de-leducation-nationale-ont-ils-signe-une-motion-contre-la-vaccination-obligatoire-20211202_HXVAAFALFJAYVBLIREBMXMAFE4\/\">source<\/a><\/p>\n<!--CusAds0-->\n<div style=\"font-size: 0px; height: 0px; line-height: 0px; margin: 0; padding: 0; clear: both;\"><\/div>","protected":false},"excerpt":{"rendered":"<p>Contrairement \u00e0 ce que peuvent laisser penser le mail largement diffus\u00e9 au sein des personnels de l\u2019Education nationale, tous les syndicats ne soutiennent pas l&rsquo;initiative de FO. (Sophie Carr\u00e8re\/Sophie Carr\u00e8re)Lundi, l\u2019ensemble des personnels de l\u2019Education nationale (plus d\u20191,1 million de personnes) ont re\u00e7u le m\u00eame mail sur leur bo\u00eete professionnelle, via un canal d\u00e9di\u00e9 aux [&hellip;]<\/p>\n","protected":false},"author":1,"featured_media":0,"comment_status":"open","ping_status":"open","sticky":false,"template":"","format":"standard","meta":{"googlesitekit_rrm_CAow1sXXCw:productID":"","_jetpack_memberships_contains_paid_content":false,"footnotes":"","jetpack_publicize_message":"","jetpack_publicize_feature_enabled":true,"jetpack_social_post_already_shared":false,"jetpack_social_options":{"image_generator_settings":{"template":"highway","default_image_id":0,"font":"","enabled":false},"version":2}},"categories":[1],"tags":[],"class_list":["post-2516","post","type-post","status-publish","format-standard","hentry","category-non-classe"],"jetpack_publicize_connections":[],"jetpack_featured_media_url":"","jetpack_sharing_enabled":true,"_links":{"self":[{"href":"https:\/\/monblogeur.tech\/index.php\/wp-json\/wp\/v2\/posts\/2516","targetHints":{"allow":["GET"]}}],"collection":[{"href":"https:\/\/monblogeur.tech\/index.php\/wp-json\/wp\/v2\/posts"}],"about":[{"href":"https:\/\/monblogeur.tech\/index.php\/wp-json\/wp\/v2\/types\/post"}],"author":[{"embeddable":true,"href":"https:\/\/monblogeur.tech\/index.php\/wp-json\/wp\/v2\/users\/1"}],"replies":[{"embeddable":true,"href":"https:\/\/monblogeur.tech\/index.php\/wp-json\/wp\/v2\/comments?post=2516"}],"version-history":[{"count":0,"href":"https:\/\/monblogeur.tech\/index.php\/wp-json\/wp\/v2\/posts\/2516\/revisions"}],"wp:attachment":[{"href":"https:\/\/monblogeur.tech\/index.php\/wp-json\/wp\/v2\/media?parent=2516"}],"wp:term":[{"taxonomy":"category","embeddable":true,"href":"https:\/\/monblogeur.tech\/index.php\/wp-json\/wp\/v2\/categories?post=2516"},{"taxonomy":"post_tag","embeddable":true,"href":"https:\/\/monblogeur.tech\/index.php\/wp-json\/wp\/v2\/tags?post=2516"}],"curies":[{"name":"wp","href":"https:\/\/api.w.org\/{rel}","templated":true}]}}