{"id":2567,"date":"2022-01-26T20:19:01","date_gmt":"2022-01-26T19:19:01","guid":{"rendered":"https:\/\/monblogeur.tech\/index.php\/2022\/01\/26\/le-centre-de-formation-professionnelle-business-production-met-de-nouveaux-techniciens-en-energie-renouvelable-sur-le-marche-de-lemploi-agencebeninpresse-info\/"},"modified":"2022-01-26T20:19:01","modified_gmt":"2022-01-26T19:19:01","slug":"le-centre-de-formation-professionnelle-business-production-met-de-nouveaux-techniciens-en-energie-renouvelable-sur-le-marche-de-lemploi-agencebeninpresse-info","status":"publish","type":"post","link":"https:\/\/monblogeur.tech\/index.php\/2022\/01\/26\/le-centre-de-formation-professionnelle-business-production-met-de-nouveaux-techniciens-en-energie-renouvelable-sur-le-marche-de-lemploi-agencebeninpresse-info\/","title":{"rendered":"Le Centre de formation professionnelle Business production, met de nouveaux techniciens en \u00e9nergie renouvelable sur le march\u00e9 de l&#039;emploi &#8211; agencebeninpresse.info"},"content":{"rendered":"<div class=\"cfbc967f0983488262956e73eca9483a\" data-index=\"1\" style=\"float: none; margin:10px 0 10px 0; text-align:center;\">\n<script async src=\"https:\/\/pagead2.googlesyndication.com\/pagead\/js\/adsbygoogle.js?client=ca-pub-3859091246952232\" crossorigin=\"anonymous\"><\/script>\r\n<!-- blok -->\r\n<ins class=\"adsbygoogle\" data-ad-client=\"ca-pub-3859091246952232\" data-ad-slot=\"1334354390\"><\/ins>\r\n<script>\r\n     (adsbygoogle = window.adsbygoogle || []).push({});\r\n<\/script>\r\n\n<\/div>\n<p><span style=\"background-color: transparent;text-align: initial\">Natitingou, 25 janv. 2022 (ABP)- Les deux promotions des techniciens en installation et en maintenance des &eacute;quipements d&apos;&eacute;nergies renouvelables, form&eacute;s par le &nbsp;Centre de formation professionnelle Business production, &nbsp;avec l&apos;appui du Partenariat pour la formation professionnelle en &eacute;nergies renouvelables au B&eacute;nin (PFPERB), ont re&ccedil;u samedi, &agrave; la faveur dune c&eacute;r&eacute;monie organis&eacute;e &agrave; cet effet, au centre de formation professionnel de Natitingou, leur parchemin, en pr&eacute;sence du directeur d&eacute;partemental des enseignement secondaire technique et de la formation professionnelle de l&apos;Atacora. &nbsp;<\/span><br \/><span style=\"background-color: transparent;text-align: initial\">Durant des semaines, les laur&eacute;ats et cette promotion, ont eu droit &agrave; des sessions de formations th&eacute;oriques et pratiques sur trois modules bas&eacute;s sur les crit&egrave;res &eacute;labor&eacute;s par la Communaut&eacute; &Eacute;conomique des Etats de l&apos;Afrique de l&apos;Ouest (CEDEAO), pour la certification dun installateur photovolta&iuml;que et accr&eacute;dit&eacute; par le minist&egrave;re des enseignements secondaire technique et de la formation professionnelle.<\/span><br \/>Pour le directeur du Centre de formation professionnelle Business production, cette formation initi&eacute;e gr&acirc;ce &agrave; l&apos;appui technique et financier du minist&egrave;re f&eacute;d&eacute;ral de la coop&eacute;ration et du d&eacute;veloppement &eacute;conomique Allemand, a permis, d&apos;une part, aux laur&eacute;ats d&apos;am&eacute;liorer &nbsp;leurs comp&eacute;tences professionnelles, d&apos;accro&icirc;tre leur chance d&apos;insertion professionnelle et de pouvoir pr&eacute;tendre &agrave; un revenu d&eacute;cent. &nbsp;D&apos;autre part, soutient-il, cette formation permet aux entreprises artisanales, gr&acirc;ce &agrave; l&apos;am&eacute;lioration des comp&eacute;tences professionnelles des employ&eacute;s, d&apos;augmenter la qualit&eacute; de leur service, d&apos;am&eacute;liorer leur potentiel d&apos;innovation et de comp&eacute;titivit&eacute; et de passer dune logique de survie &agrave; celle de croissance et par la m&ecirc;me occasion de participer &agrave; la dynamique de l&apos;&eacute;conomie locale et nationale. &nbsp;<br \/>Gaston Agu&eacute; a, par ailleurs, t&eacute;moign&eacute; son admiration &agrave; tous les partenaires et d&eacute;cern&eacute; un satisf&eacute;cit aux formateurs, qui, &agrave; len croire, n&apos;ont m&eacute;nag&eacute; aucun effort pour donner le meilleur d&apos;eux-m&ecirc;mes. &laquo; Gr&acirc;ce &agrave; ses sessions de formation, le CFP &nbsp;a pu former 37 techniciens, dont 02 filles &nbsp;issus de deux promotions,sur les 37 r&eacute;cipiendaires, 2 ont &eacute;t&eacute; s&eacute;lectionn&eacute;s par le PFBERB et ont d&eacute;j&agrave; suivi la formation des formateurs &raquo;, a-t-il pr&eacute;cis&eacute;.<br \/>L&apos;artisanat, a indiqu&eacute; le pr&eacute;sident de la chambre interd&eacute;partementale des m&eacute;tiers, nourrit son homme. En soulignant la place de choix qu&apos;occupent d&eacute;sormais les &eacute;nergies renouvelables,Djibril Daouda Moriba, a plaid&eacute; aupr&egrave;s de l&apos;ANPE, pour l&apos;accompagnement en mat&eacute;riels de ces nouveaux techniciens.<br \/>Au regard des d&eacute;fis li&eacute;s aux changements climatique et &agrave; la perte de boussole de la nouvelle g&eacute;n&eacute;ration, le directeur d&eacute;partemental des enseignements secondaire technique et de la formation professionnelle, a salu&eacute; l&apos;engagement du Centre de formation professionnelle Business production, et surtout la prise de conscience des apprenants. Nahini Sarr&egrave; a exhort&eacute; les laur&eacute;ats &agrave; l&apos;esprit d&apos;innovations et &agrave; plus d&apos;abn&eacute;gation.<\/p>\n<p>Copargo<br \/>                    L\u2019Agence B\u00e9nin Presse (ABP) est l\u2019agence de presse officielle de la                    R\u00e9publique du B\u00e9nin.  Cr\u00e9\u00e9e depuis 1961, elle est aujourd\u2019hui                     une agence multim\u00e9dia. Avec 11 bureaux r\u00e9gionaux et plusieurs                     centres de collecte locaux, coordonn\u00e9s par la R\u00e9daction centrale                     \u00e0 Cotonou, l\u2019ABP s\u2019est positionn\u00e9e comme le leader de l\u2019information                     des r\u00e9gions. Elle offre une gamme vari\u00e9e de produits d\u2019information et                     de communication tels que les  d\u00e9p\u00eaches, les photos, les duplex, la vid\u00e9o,  l\u2019infographie, etc.                 <br \/> \t\tChers internautes et fid\u00e8les partenaires,<br \/> En raison de la migration en cours vers une plate-forme enti\u00e8rement r\u00e9nov\u00e9e et plus moderne, des perturbations s\u2019observent actuellement sur le site web de l\u2019Agence B\u00e9nin Presse (ABP).<br \/> La Direction G\u00e9n\u00e9rale vous pr\u00e9sente ses sinc\u00e8res excuses pour les d\u00e9sagr\u00e9ments subis et vous rassure que des dispositions idoines sont prises afin que la situation se r\u00e9tablisse dans les heures \u00e0 venir.<br \/> <b>Agence B\u00e9nin Presse, Leader de l\u2019information des r\u00e9gions<b>       <\/p>\n<p><a href=\"http:\/\/www.agencebeninpresse.info\/web\/depeche\/9\/le-centre-de-formation-professionnelle-business-production-met-de-nouveaux-techniciens-en-energie-renouvelable-sur-le-marche-de-\">source<\/a><\/p>\n<!--CusAds0-->\n<div style=\"font-size: 0px; height: 0px; line-height: 0px; margin: 0; padding: 0; clear: both;\"><\/div>","protected":false},"excerpt":{"rendered":"<p>Natitingou, 25 janv. 2022 (ABP)- Les deux promotions des techniciens en installation et en maintenance des &eacute;quipements d&apos;&eacute;nergies renouvelables, form&eacute;s par le &nbsp;Centre de formation professionnelle Business production, &nbsp;avec l&apos;appui du Partenariat pour la formation professionnelle en &eacute;nergies renouvelables au B&eacute;nin (PFPERB), ont re&ccedil;u samedi, &agrave; la faveur dune c&eacute;r&eacute;monie organis&eacute;e &agrave; cet effet, au [&hellip;]<\/p>\n","protected":false},"author":1,"featured_media":0,"comment_status":"open","ping_status":"open","sticky":false,"template":"","format":"standard","meta":{"googlesitekit_rrm_CAow1sXXCw:productID":"","_jetpack_memberships_contains_paid_content":false,"footnotes":"","jetpack_publicize_message":"","jetpack_publicize_feature_enabled":true,"jetpack_social_post_already_shared":false,"jetpack_social_options":{"image_generator_settings":{"template":"highway","default_image_id":0,"font":"","enabled":false},"version":2}},"categories":[1],"tags":[],"class_list":["post-2567","post","type-post","status-publish","format-standard","hentry","category-non-classe"],"jetpack_publicize_connections":[],"jetpack_featured_media_url":"","jetpack_sharing_enabled":true,"_links":{"self":[{"href":"https:\/\/monblogeur.tech\/index.php\/wp-json\/wp\/v2\/posts\/2567","targetHints":{"allow":["GET"]}}],"collection":[{"href":"https:\/\/monblogeur.tech\/index.php\/wp-json\/wp\/v2\/posts"}],"about":[{"href":"https:\/\/monblogeur.tech\/index.php\/wp-json\/wp\/v2\/types\/post"}],"author":[{"embeddable":true,"href":"https:\/\/monblogeur.tech\/index.php\/wp-json\/wp\/v2\/users\/1"}],"replies":[{"embeddable":true,"href":"https:\/\/monblogeur.tech\/index.php\/wp-json\/wp\/v2\/comments?post=2567"}],"version-history":[{"count":0,"href":"https:\/\/monblogeur.tech\/index.php\/wp-json\/wp\/v2\/posts\/2567\/revisions"}],"wp:attachment":[{"href":"https:\/\/monblogeur.tech\/index.php\/wp-json\/wp\/v2\/media?parent=2567"}],"wp:term":[{"taxonomy":"category","embeddable":true,"href":"https:\/\/monblogeur.tech\/index.php\/wp-json\/wp\/v2\/categories?post=2567"},{"taxonomy":"post_tag","embeddable":true,"href":"https:\/\/monblogeur.tech\/index.php\/wp-json\/wp\/v2\/tags?post=2567"}],"curies":[{"name":"wp","href":"https:\/\/api.w.org\/{rel}","templated":true}]}}