{"id":2622,"date":"2022-01-27T00:00:20","date_gmt":"2022-01-26T23:00:20","guid":{"rendered":"https:\/\/monblogeur.tech\/index.php\/2022\/01\/27\/la-formation-tout-au-long-de-la-vie-academie-de-nantes\/"},"modified":"2022-01-27T00:00:20","modified_gmt":"2022-01-26T23:00:20","slug":"la-formation-tout-au-long-de-la-vie-academie-de-nantes","status":"publish","type":"post","link":"https:\/\/monblogeur.tech\/index.php\/2022\/01\/27\/la-formation-tout-au-long-de-la-vie-academie-de-nantes\/","title":{"rendered":"La formation tout au long de la vie &#8211; Acad\u00e9mie de Nantes"},"content":{"rendered":"<div class=\"cfbc967f0983488262956e73eca9483a\" data-index=\"1\" style=\"float: none; margin:10px 0 10px 0; text-align:center;\">\n<script async src=\"https:\/\/pagead2.googlesyndication.com\/pagead\/js\/adsbygoogle.js?client=ca-pub-3859091246952232\" crossorigin=\"anonymous\"><\/script>\r\n<!-- blok -->\r\n<ins class=\"adsbygoogle\" data-ad-client=\"ca-pub-3859091246952232\" data-ad-slot=\"1334354390\"><\/ins>\r\n<script>\r\n     (adsbygoogle = window.adsbygoogle || []).push({});\r\n<\/script>\r\n\n<\/div>\n<p>Missions et organisation de l&#039;acad\u00e9mie, actualit\u00e9s, publications et statistiques, acteurs et partenaires du syst\u00e8me \u00e9ducatif.<br \/>La vie de l&#039;\u00e9cole, du coll\u00e8ge et du lyc\u00e9e, l\u2019orientation, les bourses et aides financi\u00e8res, les modalit\u00e9s d&#039;inscription, examens et dipl\u00f4mes, valeurs et engagements.<br \/>Pr\u00e9sentation g\u00e9n\u00e9rale des programmes de l&#039;\u00e9cole, du coll\u00e8ge et du lyc\u00e9e, les sites disciplinaires, innovation et exp\u00e9rimentation, num\u00e9rique pour l&#039;\u00e9ducation.<br \/>Les m\u00e9tiers de l\u2019\u00c9ducation nationale, l&#039;information sur les recrutements et concours, les carri\u00e8res, la formation et les informations et services de gestion des ressources humaines.<br \/>Les politiques de l&#039;\u00c9ducation pour la r\u00e9ussite, la s\u00e9curit\u00e9 et la sant\u00e9 des \u00e9l\u00e8ves, la soci\u00e9t\u00e9 dans l&#039;\u00e9cole.<br \/><strong><a href=\"https:\/\/www.education.gouv.fr\/covid19-mesures-pour-les-ecoles-colleges-et-lycees-modalites-pratiques-continuite-pedagogique-et-305467\" target=\"_blank\" rel=\"noopener\">Coronavirus Covid-19 : mesures pour les \u00e9coles, coll\u00e8ges et lyc\u00e9es pour l&rsquo;ann\u00e9e scolaire 2021-2022<\/a><\/strong><br \/>             La formation tout au long de la vie est un continuum entre la formation initiale, g\u00e9n\u00e9rale ou professionnelle, et l\u2019ensemble des situations o\u00f9 s\u2019acqui\u00e8rent des comp\u00e9tences.           <br \/>Elle inclut les d\u00e9marches d\u2019orientation, de bilan, d\u2019accompagnement vers l\u2019emploi, de formation et de validation des acquis de l\u2019exp\u00e9rience.<br \/>\u00a0<br \/>Mis \u00e0 jour : janvier 2022<br \/>Mis \u00e0 jour : janvier 2022<br \/>L\u2019\u00e9ducation nationale propose la validation des acquis de l\u2019exp\u00e9rience avec 700 dipl\u00f4mes.<br \/>Mis \u00e0 jour : janvier 2022<br \/>Groupement d&#039;Int\u00e9r\u00eat Public Formation Continue et Insertion Professionnelle Exp\u00e9rience.<br \/>Mis \u00e0 jour : janvier 2022<br \/>P\u00f4le r\u00e9gional d&#039;expertise et de comp\u00e9tences de l\u2019\u00e9ducation nationale.<br \/>Mis \u00e0 jour : janvier 2022<br \/>Le positionnement consiste \u00e0 prendre en compte les \u00e9tudes, l&#039;exp\u00e9rience professionnelle et les dipl\u00f4mes ant\u00e9rieurs du candidat, dans le but d&#039;am\u00e9nager son parcours de formation.<br \/>Mis \u00e0 jour : janvier 2022<\/p>\n<p>     Acad\u00e9mie de Nantes       <br \/> 2021 Acad\u00e9mie de Nantes &#8211; Tous droits r\u00e9serv\u00e9s  &nbsp;<\/p>\n<p><a href=\"https:\/\/www.ac-nantes.fr\/article\/la-formation-tout-au-long-de-la-vie-122089\">source<\/a><\/p>\n<!--CusAds0-->\n<div style=\"font-size: 0px; height: 0px; line-height: 0px; margin: 0; padding: 0; clear: both;\"><\/div>","protected":false},"excerpt":{"rendered":"<p>Missions et organisation de l&#039;acad\u00e9mie, actualit\u00e9s, publications et statistiques, acteurs et partenaires du syst\u00e8me \u00e9ducatif.La vie de l&#039;\u00e9cole, du coll\u00e8ge et du lyc\u00e9e, l\u2019orientation, les bourses et aides financi\u00e8res, les modalit\u00e9s d&#039;inscription, examens et dipl\u00f4mes, valeurs et engagements.Pr\u00e9sentation g\u00e9n\u00e9rale des programmes de l&#039;\u00e9cole, du coll\u00e8ge et du lyc\u00e9e, les sites disciplinaires, innovation et exp\u00e9rimentation, num\u00e9rique [&hellip;]<\/p>\n","protected":false},"author":1,"featured_media":0,"comment_status":"open","ping_status":"open","sticky":false,"template":"","format":"standard","meta":{"googlesitekit_rrm_CAow1sXXCw:productID":"","_jetpack_memberships_contains_paid_content":false,"footnotes":"","jetpack_publicize_message":"","jetpack_publicize_feature_enabled":true,"jetpack_social_post_already_shared":false,"jetpack_social_options":{"image_generator_settings":{"template":"highway","default_image_id":0,"font":"","enabled":false},"version":2}},"categories":[1],"tags":[],"class_list":["post-2622","post","type-post","status-publish","format-standard","hentry","category-non-classe"],"jetpack_publicize_connections":[],"jetpack_featured_media_url":"","jetpack_sharing_enabled":true,"_links":{"self":[{"href":"https:\/\/monblogeur.tech\/index.php\/wp-json\/wp\/v2\/posts\/2622","targetHints":{"allow":["GET"]}}],"collection":[{"href":"https:\/\/monblogeur.tech\/index.php\/wp-json\/wp\/v2\/posts"}],"about":[{"href":"https:\/\/monblogeur.tech\/index.php\/wp-json\/wp\/v2\/types\/post"}],"author":[{"embeddable":true,"href":"https:\/\/monblogeur.tech\/index.php\/wp-json\/wp\/v2\/users\/1"}],"replies":[{"embeddable":true,"href":"https:\/\/monblogeur.tech\/index.php\/wp-json\/wp\/v2\/comments?post=2622"}],"version-history":[{"count":0,"href":"https:\/\/monblogeur.tech\/index.php\/wp-json\/wp\/v2\/posts\/2622\/revisions"}],"wp:attachment":[{"href":"https:\/\/monblogeur.tech\/index.php\/wp-json\/wp\/v2\/media?parent=2622"}],"wp:term":[{"taxonomy":"category","embeddable":true,"href":"https:\/\/monblogeur.tech\/index.php\/wp-json\/wp\/v2\/categories?post=2622"},{"taxonomy":"post_tag","embeddable":true,"href":"https:\/\/monblogeur.tech\/index.php\/wp-json\/wp\/v2\/tags?post=2622"}],"curies":[{"name":"wp","href":"https:\/\/api.w.org\/{rel}","templated":true}]}}