{"id":2759,"date":"2022-01-27T18:38:32","date_gmt":"2022-01-27T17:38:32","guid":{"rendered":"https:\/\/monblogeur.tech\/index.php\/2022\/01\/27\/les-elus-generation-s-des-hauts-de-seine-lancent-une-formation-pour-contrer-les-idees-dextreme-droite-le-parisien\/"},"modified":"2022-01-27T18:38:32","modified_gmt":"2022-01-27T17:38:32","slug":"les-elus-generation-s-des-hauts-de-seine-lancent-une-formation-pour-contrer-les-idees-dextreme-droite-le-parisien","status":"publish","type":"post","link":"https:\/\/monblogeur.tech\/index.php\/2022\/01\/27\/les-elus-generation-s-des-hauts-de-seine-lancent-une-formation-pour-contrer-les-idees-dextreme-droite-le-parisien\/","title":{"rendered":"Les \u00e9lus G\u00e9n\u00e9ration.s des Hauts-de-Seine lancent une formation pour contrer les id\u00e9es d\u2019extr\u00eame droite &#8211; Le Parisien"},"content":{"rendered":"<div class=\"cfbc967f0983488262956e73eca9483a\" data-index=\"1\" style=\"float: none; margin:10px 0 10px 0; text-align:center;\">\n<script async src=\"https:\/\/pagead2.googlesyndication.com\/pagead\/js\/adsbygoogle.js?client=ca-pub-3859091246952232\" crossorigin=\"anonymous\"><\/script>\r\n<!-- blok -->\r\n<ins class=\"adsbygoogle\" data-ad-client=\"ca-pub-3859091246952232\" data-ad-slot=\"1334354390\"><\/ins>\r\n<script>\r\n     (adsbygoogle = window.adsbygoogle || []).push({});\r\n<\/script>\r\n\n<\/div>\n<p>Si les nombreux candidats de gauche \u00e0 la pr\u00e9sidentielle semblent incapables de jouer la carte du rassemblement, les \u00e9lus locaux, militants ou simples sympathisants n\u2019ont, eux, pas l\u2019intention de rester spectateurs de cette d\u00e9sunion. Certains ont d\u00e9cid\u00e9 de lancer une <a href=\"https:\/\/www.leparisien.fr\/politique\/presidentielle-114-artistes-dont-lactrice-juliette-binoche-appellent-a-voter-a-la-primaire-populaire-20-01-2022-FAZ42EST3FAHHIPLJQILIDK2WU.php\" target=\"_blank\" rel=\"noopener\">primaire populaire<\/a>, qui d\u00e9butera ce jeudi 27 janvier. D\u2019autres ont choisi de se concentrer sur les id\u00e9es \u00e0 diffuser sur les march\u00e9s.<br \/>\u00c0 l\u2019image de Francis Po\u00e9z\u00e9vara, conseiller municipal d\u2019opposition (G\u00e9n\u00e9ration.s) de Puteaux, qui vient de lancer <a href=\"http:\/\/ecoleduprogres.fr\/\" target=\"_blank\" rel=\"noopener\">l\u2019\u00c9cole du progr\u00e8s<\/a>, sorte de cours du soir pour militants. Chaque jeudi, un th\u00e8me est abord\u00e9 pendant pr\u00e8s de deux heures, pour fournir aux militants des arguments \u00e0 faire entendre sur le terrain.<br \/>\u00ab La droite et l\u2019extr\u00eame droite cannibalisent les d\u00e9bats. Dans ce contexte, il nous semblait important de d\u00e9velopper un argumentaire construit et concret pour apporter des r\u00e9ponses sur le terrain \u00bb, souligne celui qui est \u00e9lu de Puteaux depuis 2014, ancien secr\u00e9taire de la section PS locale et fondateur d\u2019une association \u00ab en dehors des partis \u00bb, baptis\u00e9e Le Printemps put\u00e9olien.<br \/>Reste que l\u2019\u00c9cole du progr\u00e8s \u00e9mane d\u2019\u00e9lus portant la banni\u00e8re G\u00e9n\u00e9ration.s, mouvement fond\u00e9 en 2017 par <a href=\"https:\/\/www.leparisien.fr\/hauts-de-seine-92\/on-taura-tot-ou-tard-benoit-hamon-menace-devant-chez-lui-a-issy-les-moulineaux-17-01-2022-WUQAKYRPF5CENKSA4OASNRMY4E.php\" target=\"_blank\" rel=\"noopener\">Beno\u00eet Hamon<\/a>, aujourd\u2019hui en retrait de la vie politique. \u00c0 savoir Roberto Romero, conseiller r\u00e9gional d\u2019\u00cele-de-France, L\u00e9a Filoche, ajointe au maire de Paris en charge des solidarit\u00e9s, Chlo\u00e9 Trividic, adjointe au maire de Bagneux en charge de la petite enfance et Romain Jehanin, conseiller municipal d\u2019opposition d\u2019Asni\u00e8res.<br \/>La premi\u00e8re session, \u00e0 la fois en pr\u00e9sentiel et en distanciel, a comptabilis\u00e9 pr\u00e8s de 400 connexions. Et pas seulement de militants franciliens. Elle \u00e9tait consacr\u00e9e au droit du travail et ses \u00e9volutions r\u00e9centes, avec pour invit\u00e9 G\u00e9rard Filoche, inspecteur du travail et fondateur de GDS (Gauche d\u00e9mocratique et sociale).<br \/>\u00ab On est parti du tweet de <a href=\"https:\/\/www.leparisien.fr\/economie\/covid-19-des-aides-aux-entreprises-tant-que-les-mesures-sanitaires-seront-maintenues-assure-le-maire-21-01-2022-FUDF7LIPNBBNRJWEJJQHREQJDQ.php\" target=\"_blank\" rel=\"noopener\">Bruno Le Maire<\/a> sur le million d\u2019entreprises soi-disant cr\u00e9\u00e9es en 2021 et dont il \u00e9tait tr\u00e8s fier. Sauf que le fait de comptabiliser les autoentrepreneurs est pour nous une erreur, car il s\u2019agit bien de pr\u00e9carisation et d\u2019ub\u00e9risation du travail \u00bb, d\u00e9veloppe Francis Po\u00e9z\u00e9vara.<br \/>Au programme de la r\u00e9union de ce jeudi 27 janvier, \u00ab Le bilan d\u2019Emmanuel Macron \u00bb, en pr\u00e9sence du journaliste et ancien membre du conseil \u00e9conomique, social et environnemental (CESE) Guillaume Duval, auteur du livre \u00ab L\u2019impasse. Comment Macron nous m\u00e8ne dans le mur \u00bb. Un sujet pour le moins rassembleur pour la gauche. \u00ab Notre objectif est de faire en sorte que <a href=\"https:\/\/www.leparisien.fr\/seine-saint-denis-93\/legislatives-en-seine-saint-denis-communistes-et-insoumis-veulent-sunir-pour-eviter-le-suicide-collectif-25-01-2022-JX7BTKWMRRBJ7FEVO5IJVFJ6II.php\" target=\"_blank\" rel=\"noopener\">toutes les composantes de la gauche se parlent<\/a> et \u00e9changent \u00bb, insiste l\u2019\u00e9lu de Puteaux, qui compte sur cette base locale pour faire avancer les choses. \u00ab Car au niveau local, l\u2019union de la gauche existe bel et bien \u00bb, assure-t-il.<br \/>Le calendrier des sessions de formation est boucl\u00e9 jusqu\u2019au 7 avril. Avec des sujets tr\u00e8s divers tels que l\u2019activisme, les in\u00e9galit\u00e9s scolaires, la strat\u00e9gie \u00e9lectorale \u00e0 l\u2019heure du Covid-19, l\u2019\u00e9cologie politique, le f\u00e9minisme\u2026<br \/>\u00ab Nous ferons une pause en avril pour reprendre ensuite en pr\u00e9vision des l\u00e9gislatives de juin \u00bb, indique Francis Po\u00e9z\u00e9vara, qui s\u2019est nourri de son exp\u00e9rience d\u2019\u00e9lu d\u2019opposition pour ce projet. \u00ab C\u2019est vrai que dans certaines villes, quand on est \u00e9lu d\u2019opposition, il faut \u00eatre tr\u00e8s pr\u00e9cis sur ses connaissances pour ne pas se faire marcher dessus \u00bb, reconna\u00eet le conseiller municipal.<br \/>Guide Shopping Le Parisien<br \/>Annonces l\u00e9gales<br \/>Codes promo<br \/>Annonces auto<br \/>Profitez des avantages de l\u2019offre num\u00e9rique<br \/>\u00a9 Le Parisien<\/p>\n<p><a href=\"https:\/\/www.leparisien.fr\/hauts-de-seine-92\/les-elus-generations-des-hauts-de-seine-lancent-une-formation-pour-contrer-les-idees-dextreme-droite-26-01-2022-X5TRHY6R6ZHFNKMPEBCD5TMV24.php\">source<\/a><\/p>\n<!--CusAds0-->\n<div style=\"font-size: 0px; height: 0px; line-height: 0px; margin: 0; padding: 0; clear: both;\"><\/div>","protected":false},"excerpt":{"rendered":"<p>Si les nombreux candidats de gauche \u00e0 la pr\u00e9sidentielle semblent incapables de jouer la carte du rassemblement, les \u00e9lus locaux, militants ou simples sympathisants n\u2019ont, eux, pas l\u2019intention de rester spectateurs de cette d\u00e9sunion. Certains ont d\u00e9cid\u00e9 de lancer une primaire populaire, qui d\u00e9butera ce jeudi 27 janvier. D\u2019autres ont choisi de se concentrer sur [&hellip;]<\/p>\n","protected":false},"author":1,"featured_media":0,"comment_status":"open","ping_status":"open","sticky":false,"template":"","format":"standard","meta":{"googlesitekit_rrm_CAow1sXXCw:productID":"","_jetpack_memberships_contains_paid_content":false,"footnotes":"","jetpack_publicize_message":"","jetpack_publicize_feature_enabled":true,"jetpack_social_post_already_shared":false,"jetpack_social_options":{"image_generator_settings":{"template":"highway","default_image_id":0,"font":"","enabled":false},"version":2}},"categories":[1],"tags":[],"class_list":["post-2759","post","type-post","status-publish","format-standard","hentry","category-non-classe"],"jetpack_publicize_connections":[],"jetpack_featured_media_url":"","jetpack_sharing_enabled":true,"_links":{"self":[{"href":"https:\/\/monblogeur.tech\/index.php\/wp-json\/wp\/v2\/posts\/2759","targetHints":{"allow":["GET"]}}],"collection":[{"href":"https:\/\/monblogeur.tech\/index.php\/wp-json\/wp\/v2\/posts"}],"about":[{"href":"https:\/\/monblogeur.tech\/index.php\/wp-json\/wp\/v2\/types\/post"}],"author":[{"embeddable":true,"href":"https:\/\/monblogeur.tech\/index.php\/wp-json\/wp\/v2\/users\/1"}],"replies":[{"embeddable":true,"href":"https:\/\/monblogeur.tech\/index.php\/wp-json\/wp\/v2\/comments?post=2759"}],"version-history":[{"count":0,"href":"https:\/\/monblogeur.tech\/index.php\/wp-json\/wp\/v2\/posts\/2759\/revisions"}],"wp:attachment":[{"href":"https:\/\/monblogeur.tech\/index.php\/wp-json\/wp\/v2\/media?parent=2759"}],"wp:term":[{"taxonomy":"category","embeddable":true,"href":"https:\/\/monblogeur.tech\/index.php\/wp-json\/wp\/v2\/categories?post=2759"},{"taxonomy":"post_tag","embeddable":true,"href":"https:\/\/monblogeur.tech\/index.php\/wp-json\/wp\/v2\/tags?post=2759"}],"curies":[{"name":"wp","href":"https:\/\/api.w.org\/{rel}","templated":true}]}}