{"id":2851,"date":"2022-01-28T06:58:19","date_gmt":"2022-01-28T05:58:19","guid":{"rendered":"https:\/\/monblogeur.tech\/index.php\/2022\/01\/28\/saint-andre-lez-lille-samedi-linstitut-de-formation-en-soins-infirmiers-ouvre-ses-portes-en-presentiel-la-voix-du-nord\/"},"modified":"2022-01-28T06:58:19","modified_gmt":"2022-01-28T05:58:19","slug":"saint-andre-lez-lille-samedi-linstitut-de-formation-en-soins-infirmiers-ouvre-ses-portes-en-presentiel-la-voix-du-nord","status":"publish","type":"post","link":"https:\/\/monblogeur.tech\/index.php\/2022\/01\/28\/saint-andre-lez-lille-samedi-linstitut-de-formation-en-soins-infirmiers-ouvre-ses-portes-en-presentiel-la-voix-du-nord\/","title":{"rendered":"Saint-Andr\u00e9-lez-Lille: samedi, l&#039;Institut de formation en soins infirmiers ouvre ses portes en pr\u00e9sentiel &#8211; La Voix du Nord"},"content":{"rendered":"<div class=\"cfbc967f0983488262956e73eca9483a\" data-index=\"1\" style=\"float: none; margin:10px 0 10px 0; text-align:center;\">\n<script async src=\"https:\/\/pagead2.googlesyndication.com\/pagead\/js\/adsbygoogle.js?client=ca-pub-3859091246952232\" crossorigin=\"anonymous\"><\/script>\r\n<!-- blok -->\r\n<ins class=\"adsbygoogle\" data-ad-client=\"ca-pub-3859091246952232\" data-ad-slot=\"1334354390\"><\/ins>\r\n<script>\r\n     (adsbygoogle = window.adsbygoogle || []).push({});\r\n<\/script>\r\n\n<\/div>\n<p>Vendredi 28 janvier 2022<br \/>Consulter le journal du jour<br \/><a href=\"\/1132990\/article\/2022-01-27\/lille-aux-assises-il-m-vole-ma-vie-ma-joie-mon-bonheur-il-m-tout-pris\">Lille : aux assises, \u00abil m\u2019a vol\u00e9 ma vie, ma joie, mon bonheur\u2026 Il m\u2019a tout pris!\u00bb<\/a> <br \/>Apr\u00e8s une premi\u00e8re journ\u00e9e portes ouvertes virtuelle en d\u00e9cembre dernier, l\u2019Institut de formation en soins infirmiers (IFSI) Daumezon r\u00e9cidive ce samedi, mais cette fois en pr\u00e9sentiel dans ses locaux.<br \/><span class=\"gr-prefix\">Par <\/span> <span class=\"capitalize\">S. C. (Clp)<\/span><!-- field printed from field.tpl.php --> \t<span class=\"separator\">| <\/span><span class=\"gr-prefix\">Publi\u00e9 le <\/span>27\/01\/2022<!-- \/ field -->\t  <br \/>L\u2019occasion pour les futurs candidats de Parcours Sup, mais aussi pour ceux issus de la formation professionnelle continue, de se renseigner sur la formation en soins infirmiers, sur la vie \u00e9tudiante et sur l\u2019association de l\u2019institut les petits DOM, de recueillir des informations sur les modalit\u00e9s d\u2019inscription et son financement, de poser des questions aux formateurs et aux \u00e9tudiants en soins infirmiers. Mais aussi de se renseigner sur la formation d\u2019aide-soignant(e).<br \/>L\u2019institut Daumezon est public et la formation des \u00e9l\u00e8ves, prise en charge par le conseil r\u00e9gional, est inscrite&#8230;<br \/>En direct<br \/>Le direct<br \/>You must be logged in to comment.<br \/><a href=\"\/\" target=\"\" rel=\"noopener\"><\/a><br \/>R\u00e9agir \u00e0 l&rsquo;article<\/p>\n<p><a href=\"https:\/\/www.lavoixdunord.fr\/1132768\/article\/2022-01-27\/saint-andre-lez-lille-samedi-l-institut-de-formation-en-soins-infirmiers-ouvre\">source<\/a><\/p>\n<!--CusAds0-->\n<div style=\"font-size: 0px; height: 0px; line-height: 0px; margin: 0; padding: 0; clear: both;\"><\/div>","protected":false},"excerpt":{"rendered":"<p>Vendredi 28 janvier 2022Consulter le journal du jourLille : aux assises, \u00abil m\u2019a vol\u00e9 ma vie, ma joie, mon bonheur\u2026 Il m\u2019a tout pris!\u00bb Apr\u00e8s une premi\u00e8re journ\u00e9e portes ouvertes virtuelle en d\u00e9cembre dernier, l\u2019Institut de formation en soins infirmiers (IFSI) Daumezon r\u00e9cidive ce samedi, mais cette fois en pr\u00e9sentiel dans ses locaux.Par S. C. [&hellip;]<\/p>\n","protected":false},"author":1,"featured_media":0,"comment_status":"open","ping_status":"open","sticky":false,"template":"","format":"standard","meta":{"googlesitekit_rrm_CAow1sXXCw:productID":"","_jetpack_memberships_contains_paid_content":false,"footnotes":"","jetpack_publicize_message":"","jetpack_publicize_feature_enabled":true,"jetpack_social_post_already_shared":false,"jetpack_social_options":{"image_generator_settings":{"template":"highway","default_image_id":0,"font":"","enabled":false},"version":2}},"categories":[1],"tags":[],"class_list":["post-2851","post","type-post","status-publish","format-standard","hentry","category-non-classe"],"jetpack_publicize_connections":[],"jetpack_featured_media_url":"","jetpack_sharing_enabled":true,"_links":{"self":[{"href":"https:\/\/monblogeur.tech\/index.php\/wp-json\/wp\/v2\/posts\/2851","targetHints":{"allow":["GET"]}}],"collection":[{"href":"https:\/\/monblogeur.tech\/index.php\/wp-json\/wp\/v2\/posts"}],"about":[{"href":"https:\/\/monblogeur.tech\/index.php\/wp-json\/wp\/v2\/types\/post"}],"author":[{"embeddable":true,"href":"https:\/\/monblogeur.tech\/index.php\/wp-json\/wp\/v2\/users\/1"}],"replies":[{"embeddable":true,"href":"https:\/\/monblogeur.tech\/index.php\/wp-json\/wp\/v2\/comments?post=2851"}],"version-history":[{"count":0,"href":"https:\/\/monblogeur.tech\/index.php\/wp-json\/wp\/v2\/posts\/2851\/revisions"}],"wp:attachment":[{"href":"https:\/\/monblogeur.tech\/index.php\/wp-json\/wp\/v2\/media?parent=2851"}],"wp:term":[{"taxonomy":"category","embeddable":true,"href":"https:\/\/monblogeur.tech\/index.php\/wp-json\/wp\/v2\/categories?post=2851"},{"taxonomy":"post_tag","embeddable":true,"href":"https:\/\/monblogeur.tech\/index.php\/wp-json\/wp\/v2\/tags?post=2851"}],"curies":[{"name":"wp","href":"https:\/\/api.w.org\/{rel}","templated":true}]}}