{"id":2863,"date":"2022-01-28T08:51:01","date_gmt":"2022-01-28T07:51:01","guid":{"rendered":"https:\/\/monblogeur.tech\/index.php\/2022\/01\/28\/cadre-en-activite-choisissez-une-formation-professionnelle-de-qualite-courrier-cadres\/"},"modified":"2022-01-28T08:51:01","modified_gmt":"2022-01-28T07:51:01","slug":"cadre-en-activite-choisissez-une-formation-professionnelle-de-qualite-courrier-cadres","status":"publish","type":"post","link":"https:\/\/monblogeur.tech\/index.php\/2022\/01\/28\/cadre-en-activite-choisissez-une-formation-professionnelle-de-qualite-courrier-cadres\/","title":{"rendered":"Cadre en activit\u00e9 : choisissez une formation professionnelle de qualit\u00e9 &#8211; Courrier Cadres"},"content":{"rendered":"<div class=\"cfbc967f0983488262956e73eca9483a\" data-index=\"1\" style=\"float: none; margin:10px 0 10px 0; text-align:center;\">\n<script async src=\"https:\/\/pagead2.googlesyndication.com\/pagead\/js\/adsbygoogle.js?client=ca-pub-3859091246952232\" crossorigin=\"anonymous\"><\/script>\r\n<!-- blok -->\r\n<ins class=\"adsbygoogle\" data-ad-client=\"ca-pub-3859091246952232\" data-ad-slot=\"1334354390\"><\/ins>\r\n<script>\r\n     (adsbygoogle = window.adsbygoogle || []).push({});\r\n<\/script>\r\n\n<\/div>\n<p>    <a class=\"accueil\" href=\"http:\/\/courriercadres.com\" title=\"Retour en page d'accueil\">       <strong>L&rsquo;Officiel de la Franchise<\/strong>       <span>Groupe, une marque du Courrier Cadres<\/span>     <\/a>   <br \/>Les derniers articles<br \/><img loading=\"lazy\" decoding=\"async\" width=\"150\" height=\"85\" src=\"http:\/\/courriercadres.com\/wp-content\/uploads\/2017\/03\/senior-web.jpg\" class=\"attachment-thumb wp-post-image\" alt=\"senior-web\" \/><br \/>Une fin de carri\u00e8re qui reste d\u00e9licate pour les cadres seniors<br \/><img loading=\"lazy\" decoding=\"async\" width=\"150\" height=\"85\" src=\"http:\/\/courriercadres.com\/wp-content\/uploads\/2017\/12\/reb-entretien-annuel-2017.jpg\" class=\"attachment-thumb wp-post-image\" alt=\"Reb-entretien-annuel-2017\" \/><br \/>Salaires : trois secteurs en plein essor<br \/>Les derniers articles<br \/><img loading=\"lazy\" decoding=\"async\" width=\"150\" height=\"85\" src=\"http:\/\/courriercadres.com\/wp-content\/uploads\/2016\/05\/entretien-embauche-entreprise-1.jpg\" class=\"attachment-thumb wp-post-image\" alt=\"entretien-embauche-entreprise\" \/><br \/>Les embauches de cadres reviennent \u00e0 leur niveau d\u2019avant-crise<br \/><img loading=\"lazy\" decoding=\"async\" width=\"150\" height=\"85\" src=\"http:\/\/courriercadres.com\/wp-content\/uploads\/2019\/11\/teletravail.jpg\" class=\"attachment-thumb wp-post-image\" alt=\"teletravail\" \/><br \/>Le t\u00e9l\u00e9travail ne sera plus obligatoire \u00e0 compter du 2 f\u00e9vrier<br \/>Les derniers articles<br \/><img loading=\"lazy\" decoding=\"async\" width=\"150\" height=\"85\" src=\"http:\/\/courriercadres.com\/wp-content\/uploads\/2022\/01\/thumbnail_happy-office.jpg\" class=\"attachment-thumb wp-post-image\" alt=\"thumbnail_happy office\" \/><br \/>Les Fran\u00e7ais, satisfaits mais encore stress\u00e9s au travail<br \/><img loading=\"lazy\" decoding=\"async\" width=\"150\" height=\"85\" src=\"http:\/\/courriercadres.com\/wp-content\/uploads\/2022\/01\/thumbnail_travail-hybride.jpeg\" class=\"attachment-thumb wp-post-image\" alt=\"thumbnail_travail hybride\" \/><br \/>Travail hybride : \u00e0 la recherche de nouveaux \u00e9quilibres<br \/>Les derniers articles<br \/><img loading=\"lazy\" decoding=\"async\" width=\"150\" height=\"85\" src=\"http:\/\/courriercadres.com\/wp-content\/uploads\/2021\/08\/ia_recrutement_courrier_cadres.png\" class=\"attachment-thumb wp-post-image\" alt=\"ia_recrutement_courrier_cadres\" \/><br \/>L\u2019utilisation de l\u2019IA dans le recrutement en est encore \u00e0 ses d\u00e9buts<br \/><img loading=\"lazy\" decoding=\"async\" width=\"150\" height=\"85\" src=\"http:\/\/courriercadres.com\/wp-content\/uploads\/2021\/05\/dematerialisation_ucaas_courrier_cadres.png\" class=\"attachment-thumb wp-post-image\" alt=\"dematerialisation_ucaas_courrier_cadres\" \/><br \/>D\u00e9mat\u00e9rialisation : l&rsquo;Ucaas, une solution pour gagner en agilit\u00e9<br \/>Les derniers articles<br \/><img loading=\"lazy\" decoding=\"async\" width=\"150\" height=\"85\" src=\"http:\/\/courriercadres.com\/wp-content\/uploads\/2019\/10\/rse-bureaux-verts2.jpg\" class=\"attachment-thumb wp-post-image\" alt=\"rse-bureaux-verts2\" \/><br \/>Entreprises \u00e0 mission : o\u00f9 en est-on ?<br \/><img loading=\"lazy\" decoding=\"async\" width=\"150\" height=\"85\" src=\"http:\/\/courriercadres.com\/wp-content\/uploads\/2017\/08\/teletravail.jpg\" class=\"attachment-thumb wp-post-image\" alt=\"teletravail\" \/><br \/>L\u2019\u00e9quit\u00e9, principal d\u00e9fi des entreprises \u00e0 l\u2019heure du travail hybride<br \/>Les derniers articles<br \/><img loading=\"lazy\" decoding=\"async\" width=\"150\" height=\"100\" src=\"http:\/\/courriercadres.com\/wp-content\/uploads\/2018\/10\/handicap-travail.jpg\" class=\"attachment-thumb wp-post-image\" alt=\"handicap-travail\" \/><br \/>RH : Int\u00e9grer une personne en situation de handicap<br \/><img loading=\"lazy\" decoding=\"async\" width=\"150\" height=\"85\" src=\"http:\/\/courriercadres.com\/wp-content\/uploads\/2019\/04\/courriercadresapecjeunes.jpg\" class=\"attachment-thumb wp-post-image\" alt=\"CourrierCadresApecjeunes\" \/><br \/>Quelle entreprise id\u00e9ale pour les jeunes\u00a0?<br \/>Les derniers articles<br \/><img loading=\"lazy\" decoding=\"async\" width=\"150\" height=\"85\" src=\"http:\/\/courriercadres.com\/wp-content\/uploads\/2021\/10\/native_site_nvp2021_638x361.jpg\" class=\"attachment-thumb wp-post-image\" alt=\"Native_site_NVP2021_638x361\" \/><br \/>[Partenaire] Le 9 novembre, prenez un nouveau d\u00e9part<br \/><img loading=\"lazy\" decoding=\"async\" width=\"150\" height=\"85\" src=\"http:\/\/courriercadres.com\/wp-content\/uploads\/2021\/08\/54-salon-solutions-rh.jpg\" class=\"attachment-thumb wp-post-image\" alt=\"SALON SOLUTIONS RH\" \/><br \/>[Partenaire] Le salon Solutions RH revient les 7,8 et 9 septembre 2021 \u00e0 Paris !<br \/>Les derniers articles<br \/><img loading=\"lazy\" decoding=\"async\" width=\"150\" height=\"85\" src=\"http:\/\/courriercadres.com\/wp-content\/uploads\/2021\/12\/luge-famille-alpes-gillesbaron.jpg\" class=\"attachment-thumb wp-post-image\" alt=\"Photo Gilles Baron\" \/><br \/>LES ALPES DU SUD : UNE EXPERIENCE MONTAGNE A 360\u00b0<br \/><img loading=\"lazy\" decoding=\"async\" width=\"150\" height=\"85\" src=\"http:\/\/courriercadres.com\/wp-content\/uploads\/2021\/11\/thumbnail_transmission-patrimoine.jpg\" class=\"attachment-thumb wp-post-image\" alt=\"thumbnail_transmission patrimoine\" \/><br \/>Transmettre son patrimoine: quels leviers utiliser ?<br \/>  \t\t\t\t<span class=\"category sponsorise\">Sponsoris\u00e9<\/span>  \t      \t      <img loading=\"lazy\" decoding=\"async\" width=\"638\" height=\"361\" src=\"http:\/\/courriercadres.com\/wp-content\/uploads\/2022\/01\/esgexecutive.jpeg\" class=\"illu\" alt=\"\" \/>            <\/p>\n<p>      \tjeudi 27 janvier 2022,      \tpar <strong class=\"auteur\">Florent White<\/strong>            <br \/><em>Cet article est sponsoris\u00e9 par ESG Executive<\/em><br \/>&nbsp;<br \/>&nbsp;<br \/><span style=\"font-weight: 400\">Les raisons qui poussent les cadres et les professionnels \u00e0 reprendre une activit\u00e9 sont multiples. La plupart du temps, il s\u2019agit pour eux de d\u00e9velopper et de renforcer leurs acquis, dans une perspective de d\u00e9veloppement de carri\u00e8re. Mais la reprise d\u2019\u00e9tudes peut \u00e9galement co\u00efncider avec la volont\u00e9 de repartir \u00e0 z\u00e9ro, ou d\u2019acc\u00e9der \u00e0 de nouvelles responsabilit\u00e9s par le biais de l\u2019entrepreneuriat. Quel que soit le contexte, il est essentiel pour les cadres en activit\u00e9 d\u2019avoir acc\u00e8s \u00e0 des formations certifiantes de qualit\u00e9. L\u2019<\/span><a href=\"https:\/\/www.esg-executive.fr\/\"><span style=\"font-weight: 400\">\u00e9cole ESG Executive<\/span><\/a><span style=\"font-weight: 400\"> dispose d\u2019un catalogue de formations et d\u2019une politique d\u2019admission qui convient parfaitement \u00e0 cette typologie de public.<\/span><br \/>&nbsp;<br \/><span style=\"font-weight: 400\">L\u2019admission des professionnels en activit\u00e9 dans un cursus dipl\u00f4mant se fait g\u00e9n\u00e9ralement par le biais de la VAP (ou Validation des Acquis Professionnels). Il s\u2019agit d\u2019un dispositif qui permet un acc\u00e8s simplifi\u00e9 \u00e0 la formation et la reprise d\u2019\u00e9tudes. Id\u00e9alement, les candidats disposent des dipl\u00f4mes ou des certifications leur permettant d\u2019acc\u00e9der \u00e0 la formation m\u00eame si cela ne constitue pas une obligation. Ainsi, en l\u2019absence d\u2019un dipl\u00f4me, les candidats doivent justifier d\u2019une interruption de formation initiale depuis au moins 2 ou 3 ans.<\/span><br \/>&nbsp;<br \/><span style=\"font-weight: 400\">La VAP est accessible aux personnes r\u00e9pondant \u00e0 certaines conditions. La premi\u00e8re exigence, nous l\u2019avons vu, consiste pour le candidat \u00e0 avoir mis un terme \u00e0 sa formation initiale depuis au moins 2 ou 3 ans, dans le cas o\u00f9 il ne disposerait pas du dipl\u00f4me n\u00e9cessaire \u00e0 son admission. L\u2019\u00e2ge est \u00e9galement un crit\u00e8re essentiel : le candidat doit avoir au minimum 20 ans au moment de l\u2019\u00e9tablissement de sa demande.<\/span><br \/>&nbsp;<br \/><span style=\"font-weight: 400\">Pour le reste, la validation des acquis peut \u00eatre atteinte selon les formations suivies par le candidat, son exp\u00e9rience professionnelle (que ce soit en tant que salari\u00e9, b\u00e9n\u00e9vole ou stagiaire) ou encore ses connaissances et les aptitudes acquises en dehors de toute formation. Pour plus de d\u00e9tails \u00e0 ce sujet, on pourra se r\u00e9f\u00e9rer au d\u00e9cret n\u00b0 85-906 du 23 ao\u00fbt 1985.<\/span><br \/>&nbsp;<br \/><span style=\"font-weight: 400\">Bien \u00e9videmment, la reprise des \u00e9tudes pour un cadre en activit\u00e9 ne peut se r\u00e9aliser que dans un cadre sp\u00e9cifique, aupr\u00e8s d\u2019institutions qualifi\u00e9es. Certaines d\u2019entre elles, bas\u00e9es \u00e0 Paris, permettent de r\u00e9pondre favorablement \u00e0 des projets en relation avec la reconversion ou la mobilit\u00e9 professionnelle. C\u2019est le cas par exemple de l\u2019ESG Executive Education, institut sp\u00e9cialis\u00e9 dans le management, le marketing ou encore le contr\u00f4le de gestion.<\/span><br \/>&nbsp;<br \/><span style=\"font-weight: 400\">Pour savoir si votre profil est \u00e9ligible, plusieurs d\u00e9marches successives sont \u00e0 mener aupr\u00e8s de l\u2019organisme. Un premier contact avec un conseiller formation se fait par t\u00e9l\u00e9phone ou par mail, pour obtenir les premi\u00e8res informations essentielles sur la proc\u00e9dure. Le Directeur de l\u2019\u00e9cole appr\u00e9cie ensuite la candidature et statue sur sa recevabilit\u00e9. Si la demande de VAP est accept\u00e9e, le candidat est amen\u00e9 \u00e0 remplir une demande officielle comportant certains documents indispensables (lettre de motivation, historique de l\u2019exp\u00e9rience professionnelle, CV et attestation de formations suivies). Vient ensuite et en dernier lieu le rassemblement d\u2019une commission p\u00e9dagogique, visant \u00e0 examiner le cursus professionnel du candidat et sa capacit\u00e9 \u00e0 suivre la formation demand\u00e9e.<\/span><br \/>&nbsp;<br \/>&nbsp;<br \/><img loading=\"lazy\" decoding=\"async\" src=\"http:\/\/1.gravatar.com\/avatar\/a6ef8c39e154cda59210a56fcf848847?s=40&#038;d=mm&#038;r=g\" width=\"40\" height=\"40\" alt=\"Avatar\" class=\"avatar avatar-40 wp-user-avatar wp-user-avatar-40 photo avatar-default\" \/><br \/>      \t  <strong class=\"auteur\">Florent White<\/strong><\/p>\n<p>Suivre<br \/>               jeudi 27 mai 2021,               par <strong class=\"auteur\">Florent White<\/strong>             <br \/>Votre objectif est d\u2019optimiser vos perspectives d\u2019embauche et de d\u00e9velopper vos comp\u00e9tences actuelles ? Les meilleurs programmes internationaux de MBA et EMBA peuvent vous aider \u00e0 assurer votre future carri\u00e8re lors du salon Access MBA.<br \/>               vendredi 22 novembre 2019,               par <strong class=\"auteur\">Florent White<\/strong>             <br \/>Et si investir dans une formation dipl\u00f4mante en management \u00e9tait la cl\u00e9\u00a0?\u00a0C\u2019est la question que nous nous poserons ensemble lors d\u2019un webinar de 30 minutes d\u00e9di\u00e9, le 28 novembre d\u00e8s 12h.<br \/><label for=\"author\">Nom <span class=\"required\">*<\/span><\/label><br \/><label for=\"email\">Email <span class=\"required\">*<\/span><\/label><br \/>  <label id=\"captcha_code_label\" for=\"captcha_code\">CAPTCHA Code<\/label><span class=\"required\"> *<\/span> <br \/><label for=\"comment\">Commentaire <span class=\"required\">*<\/span><\/label><textarea id=\"comment\" name=\"comment\" cols=\"45\" rows=\"8\" title=\"Veuillez renseigner ce champ.\"><\/textarea><br \/>* Champs obligatoires<\/p>\n<p>Publicit\u00e9<br \/>Partenaire<br \/>          Le Groupe CDI est une entreprise de m\u00e9dias et de services. Il \u00e9dite des magazines sp\u00e9cialis\u00e9s dans le management, l&#8217;emploi, la cr\u00e9ation d&rsquo;entreprise, la franchise et la vente directe, mais propose aussi de nombreuses solutions \u00e0 destination des d\u00e9cideurs.        <br \/>          <a href=\"http:\/\/courriercadres.com\/le-groupe-courrier-cadres\" title=\"En savoir plus\">En savoir plus<\/a>        <br \/>          Vous souhaitez communiquer dans nos magazines ou sur nos sites Internet&nbsp;?          <br \/>Les conseillers de notre r\u00e9gie publicitaire sont \u00e0 votre disposition&nbsp;!        <br \/>          <a href=\"http:\/\/courriercadres.com\/publicite\" title=\"En savoir plus\">En savoir plus<\/a>        <br \/>          Abonnez-vous en quelques clics \u00e0 nos magazines&nbsp;: L&rsquo;Officiel de la Franchise, Rebondir et Courrier Cadres ! Vous profiterez ainsi d&rsquo;offres Internet tr\u00e8s avantageuses&nbsp;!        <br \/>          <a href=\"http:\/\/courriercadres.com\/boutique\" title=\"S'abonner\">S&rsquo;abonner<\/a>        <\/p>\n<p><a href=\"http:\/\/courriercadres.com\/sponsorise\/cadre-en-activite-choisissez-une-formation-professionnelle-de-qualite-27012022\">source<\/a><\/p>\n<!--CusAds0-->\n<div style=\"font-size: 0px; height: 0px; line-height: 0px; margin: 0; padding: 0; clear: both;\"><\/div>","protected":false},"excerpt":{"rendered":"<p>L&rsquo;Officiel de la Franchise Groupe, une marque du Courrier Cadres Les derniers articlesUne fin de carri\u00e8re qui reste d\u00e9licate pour les cadres seniorsSalaires : trois secteurs en plein essorLes derniers articlesLes embauches de cadres reviennent \u00e0 leur niveau d\u2019avant-criseLe t\u00e9l\u00e9travail ne sera plus obligatoire \u00e0 compter du 2 f\u00e9vrierLes derniers articlesLes Fran\u00e7ais, satisfaits mais encore [&hellip;]<\/p>\n","protected":false},"author":1,"featured_media":0,"comment_status":"open","ping_status":"open","sticky":false,"template":"","format":"standard","meta":{"googlesitekit_rrm_CAow1sXXCw:productID":"","_jetpack_memberships_contains_paid_content":false,"footnotes":"","jetpack_publicize_message":"","jetpack_publicize_feature_enabled":true,"jetpack_social_post_already_shared":false,"jetpack_social_options":{"image_generator_settings":{"template":"highway","default_image_id":0,"font":"","enabled":false},"version":2}},"categories":[1],"tags":[],"class_list":["post-2863","post","type-post","status-publish","format-standard","hentry","category-non-classe"],"jetpack_publicize_connections":[],"jetpack_featured_media_url":"","jetpack_sharing_enabled":true,"_links":{"self":[{"href":"https:\/\/monblogeur.tech\/index.php\/wp-json\/wp\/v2\/posts\/2863","targetHints":{"allow":["GET"]}}],"collection":[{"href":"https:\/\/monblogeur.tech\/index.php\/wp-json\/wp\/v2\/posts"}],"about":[{"href":"https:\/\/monblogeur.tech\/index.php\/wp-json\/wp\/v2\/types\/post"}],"author":[{"embeddable":true,"href":"https:\/\/monblogeur.tech\/index.php\/wp-json\/wp\/v2\/users\/1"}],"replies":[{"embeddable":true,"href":"https:\/\/monblogeur.tech\/index.php\/wp-json\/wp\/v2\/comments?post=2863"}],"version-history":[{"count":0,"href":"https:\/\/monblogeur.tech\/index.php\/wp-json\/wp\/v2\/posts\/2863\/revisions"}],"wp:attachment":[{"href":"https:\/\/monblogeur.tech\/index.php\/wp-json\/wp\/v2\/media?parent=2863"}],"wp:term":[{"taxonomy":"category","embeddable":true,"href":"https:\/\/monblogeur.tech\/index.php\/wp-json\/wp\/v2\/categories?post=2863"},{"taxonomy":"post_tag","embeddable":true,"href":"https:\/\/monblogeur.tech\/index.php\/wp-json\/wp\/v2\/tags?post=2863"}],"curies":[{"name":"wp","href":"https:\/\/api.w.org\/{rel}","templated":true}]}}