{"id":2994,"date":"2022-01-29T08:26:19","date_gmt":"2022-01-29T07:26:19","guid":{"rendered":"https:\/\/monblogeur.tech\/index.php\/2022\/01\/29\/les-questions-demploi-et-de-chomage-ne-figurent-plus-parmi-les-principales-preoccupations-des-francais-le-monde\/"},"modified":"2022-01-29T08:26:19","modified_gmt":"2022-01-29T07:26:19","slug":"les-questions-demploi-et-de-chomage-ne-figurent-plus-parmi-les-principales-preoccupations-des-francais-le-monde","status":"publish","type":"post","link":"https:\/\/monblogeur.tech\/index.php\/2022\/01\/29\/les-questions-demploi-et-de-chomage-ne-figurent-plus-parmi-les-principales-preoccupations-des-francais-le-monde\/","title":{"rendered":"\u00ab Les questions d&#039;emploi et de ch\u00f4mage ne figurent plus parmi les principales pr\u00e9occupations des Fran\u00e7ais \u00bb &#8211; Le Monde"},"content":{"rendered":"<div class=\"cfbc967f0983488262956e73eca9483a\" data-index=\"1\" style=\"float: none; margin:10px 0 10px 0; text-align:center;\">\n<script async src=\"https:\/\/pagead2.googlesyndication.com\/pagead\/js\/adsbygoogle.js?client=ca-pub-3859091246952232\" crossorigin=\"anonymous\"><\/script>\r\n<!-- blok -->\r\n<ins class=\"adsbygoogle\" data-ad-client=\"ca-pub-3859091246952232\" data-ad-slot=\"1334354390\"><\/ins>\r\n<script>\r\n     (adsbygoogle = window.adsbygoogle || []).push({});\r\n<\/script>\r\n\n<\/div>\n<p>Consulter<br \/>le journal<br \/>Pr\u00e9sidentielle 2022\u00a0: la gauche suspendue au r\u00e9sultat de la Primaire populaire<br \/>Pr\u00e9sidentielle 2022\u00a0: la recomposition de l\u2019\u00e9chiquier politique occupe d\u00e9j\u00e0 les esprits<br \/>Marine Le Pen d\u00e9\u00e7ue par Marion Mar\u00e9chal, la proposition sur la sant\u00e9 de Val\u00e9rie P\u00e9cresse\u2026 Les infos politiques \u00e0 retenir de la journ\u00e9e<br \/>Val\u00e9rie P\u00e9cresse propose d\u2019augmenter le tarif des m\u00e9decins g\u00e9n\u00e9ralistes, \u00e0 30\u00a0euros la consultation<br \/>Les grands travaux qui attendent Christel Heydemann, nouvelle directrice g\u00e9n\u00e9rale d\u2019Orange<br \/>Derri\u00e8re le succ\u00e8s ahurissant d\u2019Apple, Tim Cook, orf\u00e8vre de la production et habile diplomate<br \/>Le conducteur peut saisir l\u2019assureur du responsable de l\u2019accident sans rien d\u00e9clarer \u00e0 sa propre assurance<br \/>\u00ab\u00a0Les Etats les plus en pointe sur le plan industriel concilient une strat\u00e9gie industrielle et logistique forte\u00a0\u00bb<br \/>Les 77\u00a0ans de la lib\u00e9ration d\u2019Auschwitz\u00a0: que savaient les Alli\u00e9s sur la Shoah\u00a0?<br \/>La France pourrait-elle totalement se passer des engrais chimiques\u00a0?<br \/>Comment le changement climatique va bouleverser l\u2019humanit\u00e9<br \/>Pr\u00e9sidentielle 2022\u00a0: y a-t-il de plus en plus d\u2019immigr\u00e9s en France ?<br \/>L\u2019emploi, meilleur alli\u00e9 du pouvoir d\u2019achat<br \/>\u00ab\u00a0La tentation est l\u00e0, au terme d\u2019une premi\u00e8re ann\u00e9e \u00e0 la Maison Blanche, d\u2019enterrer Joe Biden.\u00a0D\u00e9j\u00e0\u00a0?\u00a0\u00bb<br \/>\u00ab\u00a0Il est temps de d\u00e9poussi\u00e9rer le syst\u00e8me post-baccalaur\u00e9at public\u00a0\u00bb<br \/>\u00ab\u00a0Nous autres juristes devons abandonner notre pr\u00e9tention au savoir g\u00e9n\u00e9ral\u00a0\u00bb<br \/>\u00ab\u00a0Monsieur Tigre\u00a0\u00bb, figure populaire du cin\u00e9ma nippon, \u00e0 la Maison de la culture du Japon<br \/>\u00ab\u00a0Chroniques de l\u2019Europe\u00a0\u00bb\u00a0: l\u2019histoire europ\u00e9enne par la bande<br \/>\u00ab\u00a0Quand la vie priv\u00e9e devient publique\u00a0\u00bb, sur France Culture\u00a0: \u00ab\u00a0LSD\u00a0\u00bb sur les traces de Marie-Antoinette et de Mazarine Pingeot<br \/>Apr\u00e8s Neil Young, Joni Mitchell quitte Spotify, qu\u2019elle accuse aussi de d\u00e9sinformation sur le Covid-19<br \/>\u00ab\u00a0Quand les assiettes se touchent, l\u2019eau circule moins bien\u00a0\u00bb\u00a0: les dingues du lave-vaisselle<br \/>Po\u00e9tesse, peintre, prostitu\u00e9e\u2026 A la red\u00e9couverte de Gris\u00e9lidis R\u00e9al<br \/>S\u2019aimer comme on se quitte\u00a0: \u00ab\u00a0Je lui demande un bisou, elle arr\u00eate tout\u00a0\u00bb<br \/>La soupe aux moules et au haddock\u00a0: la recette d\u2019Antony Cointre<br \/>Services Le Monde<br \/>Services partenaires<br \/>Service Codes Promo<br \/>Suppl\u00e9ments partenaires<br \/>Bertrand Martinot<br \/>Economiste<br \/>L\u2019\u00e9conomiste Bertrand Martinot salue, dans une tribune au \u00ab\u00a0Monde\u00a0\u00bb, les r\u00e9formes men\u00e9es durant le quinquennat, mises en \u0153uvre selon quatre principes\u00a0: l\u2019assouplissement des r\u00e8gles, la reprise en main par l\u2019Etat, la responsabilisation des salari\u00e9s et ch\u00f4meurs, et la fin des aides aux emplois non marchands.<br \/> <span class=\"meta__date\">Publi\u00e9 hier \u00e0 15h08<\/span>  <span class=\"meta__reading-time meta__reading-time--opinion\"> <span class=\"icon__reading-time icon__reading-time--opinion\"><\/span> <span class=\"sr-only\">Temps de <\/span>Lecture 4 min. <\/span>  <br \/><span class=\"icon__premium\"><\/span>Article r\u00e9serv\u00e9 aux abonn\u00e9s<br \/><strong>Tribune.<\/strong> L\u2019emploi fait partie des domaines o\u00f9 le <em>\u00ab\u00a0en m\u00eame temps\u00a0\u00bb<\/em> pr\u00e9sidentiel a largement laiss\u00e9 la place \u00e0 une vision tr\u00e8s structur\u00e9e des r\u00e9formes \u00e0 conduire. Les intentions initiales comme la mise en \u0153uvre du programme ont, de fait, ob\u00e9i \u00e0 quatre principes implicites ou explicites.<br \/>La premi\u00e8re ligne directrice a consist\u00e9 \u00e0 lever certains freins \u00e0 la rupture du contrat de travail pour encourager cette prise de risque que constitue l\u2019acte d\u2019embauche pour l\u2019employeur. C\u2019est \u00e0 ce principe que se rattachent des mesures comme la bar\u00e9misation des dommages et int\u00e9r\u00eats prud\u2019homaux en cas de licenciement ill\u00e9gitime, la cr\u00e9ation de la rupture conventionnelle collective ou encore les assouplissements apport\u00e9s au contrat d\u2019apprentissage.<br \/>Le deuxi\u00e8me principe s\u2019est fond\u00e9 sur une d\u00e9fiance assez syst\u00e9matique envers la capacit\u00e9 des corps interm\u00e9diaires (r\u00e9gions et partenaires sociaux, en l\u2019occurrence), jug\u00e9s trop lourds, trop lents, trop peu r\u00e9formistes ou trop timor\u00e9s \u00e0 produire les r\u00e9formes n\u00e9cessaires\u2026 Il en est r\u00e9sult\u00e9 cette impression d\u2019un Etat \u00e0 la fois lib\u00e9ral et interventionniste, qui peut parfois d\u00e9router. S\u2019agissant des partenaires sociaux au niveau interprofessionnel, le quinquennat a sans doute achev\u00e9 un cycle ouvert depuis les ann\u00e9es 1960-1970, o\u00f9 les partenaires sociaux avaient obtenu un v\u00e9ritable r\u00f4le de \u00ab\u00a0col\u00e9gislateurs\u00a0\u00bb en mati\u00e8re de droit du travail. Fini le temps des grandes conf\u00e9rences sociales et autres Grenelle\u00a0! Le temps n\u2019est plus o\u00f9 les gouvernements, avec une scrupulosit\u00e9 quasi notariale, reprenaient dans la loi tous les accords interprofessionnels, malgr\u00e9 leur \u00e9vidente timidit\u00e9. Ce mouvement avait certes \u00e9t\u00e9 engag\u00e9 auparavant (pensons \u00e0 certaines r\u00e9formes du quinquennat Sarkozy), mais il faut bien admettre que ces cinq ann\u00e9es ont vu tomber ces deux derni\u00e8res forteresses paritaires qu\u2019\u00e9taient la formation professionnelle et l\u2019assurance-ch\u00f4mage. Dans les deux cas, que les n\u00e9gociations paritaires aient abouti ou pas, l\u2019Etat a suivi sa propre feuille de route\u00a0: reprise en main et pilotage des fonds de la formation professionnelle, fixation par d\u00e9cret de nouvelles r\u00e8gles pour l\u2019assurance-ch\u00f4mage\u2026<br \/>S\u2019agissant des r\u00e9gions, l\u2019Etat leur a retir\u00e9 sans autre forme de proc\u00e8s le pilotage et le financement de l\u2019apprentissage (une remise en cause in\u00e9dite du mouvement de d\u00e9centralisation) pour lib\u00e9raliser la cr\u00e9ation des centres de formation d\u2019apprentis. Et ce n\u2019est que sous une \u00e9troite surveillance, et pas int\u00e9gralement, qu\u2019il leur a confi\u00e9 la mise en \u0153uvre du plan d\u2019investissement dans les comp\u00e9tences.<br \/><strong>Il vous reste 59.34% de cet article \u00e0 lire. La suite est r\u00e9serv\u00e9e aux abonn\u00e9s.<\/strong><br \/>Lecture du <i>Monde<\/i> en cours sur un autre appareil.<br \/>Vous pouvez lire <i>Le Monde<\/i> sur un seul appareil \u00e0 la fois<br \/>Ce message s\u2019affichera sur l\u2019autre appareil.<br \/>Parce qu\u2019une autre personne (ou vous) est en train de lire <i>Le Monde<\/i> avec ce compte sur un autre appareil.<br \/>Vous ne pouvez lire <i>Le Monde<\/i> que sur <strong>un seul appareil<\/strong> \u00e0 la fois (ordinateur, t\u00e9l\u00e9phone ou tablette).<br \/>Comment ne plus voir ce message ?<br \/>En cliquant sur \u00ab\u00a0<button type=\"button\" class=\"capping__link js-capping-close js-capping-close-extended\">Continuer \u00e0 lire ici<\/button>\u00a0\u00bb et en vous assurant que vous \u00eates la seule personne \u00e0 consulter <i>Le Monde<\/i> avec ce compte.<br \/>Que se passera-t-il si vous continuez \u00e0 lire ici ?<br \/>Ce message s\u2019affichera sur l\u2019autre appareil. Ce dernier restera connect\u00e9 avec ce compte.<br \/>Y a-t-il d\u2019autres limites ?<br \/>Non. Vous pouvez vous connecter avec votre compte sur autant d\u2019appareils que vous le souhaitez, mais en les utilisant \u00e0 des moments diff\u00e9rents.<br \/>Vous ignorez qui est l\u2019autre personne ?<br \/>Nous vous conseillons de <a href=\"https:\/\/secure.lemonde.fr\/sfuser\/password\/lost\" class=\"capping__link js-capping-password\">modifier votre mot de passe<\/a>.<br \/>Acc\u00e9dez \u00e0 <strong>tous les contenus du Monde<\/strong> en illimit\u00e9.<br \/>Soutenez <strong>le journalisme d\u2019investigation et une r\u00e9daction ind\u00e9pendante<\/strong>.<br \/>Consultez le <strong>journal num\u00e9rique <span class=\"paywall__option-quickfix\">et ses suppl\u00e9ments, <\/span>chaque jour avant 13h<\/strong>.<br \/>Pour soutenir le travail de toute une r\u00e9daction, nous vous proposons de vous abonner.<br \/>Vous avez choisi <span class=\"gdpr-cs-parameters-link message__cmp-link js-register-banner-cookies\">de refuser le d\u00e9p\u00f4t de cookies<\/span> lors de votre navigation sur notre site, notamment des cookies de publicit\u00e9 personnalis\u00e9e.<br \/>Le contenu de ce site est le fruit du travail de 500 journalistes qui vous apportent chaque jour une information de qualit\u00e9, fiable, compl\u00e8te, et des services en ligne innovants. Ce travail s\u2019appuie sur les revenus compl\u00e9mentaires de la publicit\u00e9 et de l\u2019abonnement.<br \/>D\u00e9j\u00e0 abonn\u00e9 ? <a href=\"https:\/\/secure.lemonde.fr\/sfuser\/connexion\" class=\"message__link message__link--register js-register-banner-login\">Connectez-vous<\/a> <br \/>Newsletters du monde<br \/>Applications Mobiles<br \/>Abonnement<br \/>Suivez Le Monde<\/p>\n<p><a href=\"https:\/\/www.lemonde.fr\/idees\/article\/2022\/01\/28\/les-questions-d-emploi-et-de-chomage-ne-figurent-plus-parmi-les-principales-preoccupations-des-francais_6111396_3232.html\">source<\/a><\/p>\n<!--CusAds0-->\n<div style=\"font-size: 0px; height: 0px; line-height: 0px; margin: 0; padding: 0; clear: both;\"><\/div>","protected":false},"excerpt":{"rendered":"<p>Consulterle journalPr\u00e9sidentielle 2022\u00a0: la gauche suspendue au r\u00e9sultat de la Primaire populairePr\u00e9sidentielle 2022\u00a0: la recomposition de l\u2019\u00e9chiquier politique occupe d\u00e9j\u00e0 les espritsMarine Le Pen d\u00e9\u00e7ue par Marion Mar\u00e9chal, la proposition sur la sant\u00e9 de Val\u00e9rie P\u00e9cresse\u2026 Les infos politiques \u00e0 retenir de la journ\u00e9eVal\u00e9rie P\u00e9cresse propose d\u2019augmenter le tarif des m\u00e9decins g\u00e9n\u00e9ralistes, \u00e0 30\u00a0euros la [&hellip;]<\/p>\n","protected":false},"author":1,"featured_media":0,"comment_status":"open","ping_status":"open","sticky":false,"template":"","format":"standard","meta":{"googlesitekit_rrm_CAow1sXXCw:productID":"","_jetpack_memberships_contains_paid_content":false,"footnotes":"","jetpack_publicize_message":"","jetpack_publicize_feature_enabled":true,"jetpack_social_post_already_shared":false,"jetpack_social_options":{"image_generator_settings":{"template":"highway","default_image_id":0,"font":"","enabled":false},"version":2}},"categories":[1],"tags":[],"class_list":["post-2994","post","type-post","status-publish","format-standard","hentry","category-non-classe"],"jetpack_publicize_connections":[],"jetpack_featured_media_url":"","jetpack_sharing_enabled":true,"_links":{"self":[{"href":"https:\/\/monblogeur.tech\/index.php\/wp-json\/wp\/v2\/posts\/2994","targetHints":{"allow":["GET"]}}],"collection":[{"href":"https:\/\/monblogeur.tech\/index.php\/wp-json\/wp\/v2\/posts"}],"about":[{"href":"https:\/\/monblogeur.tech\/index.php\/wp-json\/wp\/v2\/types\/post"}],"author":[{"embeddable":true,"href":"https:\/\/monblogeur.tech\/index.php\/wp-json\/wp\/v2\/users\/1"}],"replies":[{"embeddable":true,"href":"https:\/\/monblogeur.tech\/index.php\/wp-json\/wp\/v2\/comments?post=2994"}],"version-history":[{"count":0,"href":"https:\/\/monblogeur.tech\/index.php\/wp-json\/wp\/v2\/posts\/2994\/revisions"}],"wp:attachment":[{"href":"https:\/\/monblogeur.tech\/index.php\/wp-json\/wp\/v2\/media?parent=2994"}],"wp:term":[{"taxonomy":"category","embeddable":true,"href":"https:\/\/monblogeur.tech\/index.php\/wp-json\/wp\/v2\/categories?post=2994"},{"taxonomy":"post_tag","embeddable":true,"href":"https:\/\/monblogeur.tech\/index.php\/wp-json\/wp\/v2\/tags?post=2994"}],"curies":[{"name":"wp","href":"https:\/\/api.w.org\/{rel}","templated":true}]}}