{"id":3058,"date":"2022-01-29T23:42:09","date_gmt":"2022-01-29T22:42:09","guid":{"rendered":"https:\/\/monblogeur.tech\/index.php\/2022\/01\/29\/lambassade-des-etats-unis-en-algerie-annonce-une-formation-pour-les-journalistes-observalgerie\/"},"modified":"2022-01-29T23:42:09","modified_gmt":"2022-01-29T22:42:09","slug":"lambassade-des-etats-unis-en-algerie-annonce-une-formation-pour-les-journalistes-observalgerie","status":"publish","type":"post","link":"https:\/\/monblogeur.tech\/index.php\/2022\/01\/29\/lambassade-des-etats-unis-en-algerie-annonce-une-formation-pour-les-journalistes-observalgerie\/","title":{"rendered":"L&#039;ambassade des \u00c9tats-Unis en Alg\u00e9rie annonce une formation pour les journalistes &#8211; Observ&#039;Alg\u00e9rie"},"content":{"rendered":"<div class=\"cfbc967f0983488262956e73eca9483a\" data-index=\"1\" style=\"float: none; margin:10px 0 10px 0; text-align:center;\">\n<script async src=\"https:\/\/pagead2.googlesyndication.com\/pagead\/js\/adsbygoogle.js?client=ca-pub-3859091246952232\" crossorigin=\"anonymous\"><\/script>\r\n<!-- blok -->\r\n<ins class=\"adsbygoogle\" data-ad-client=\"ca-pub-3859091246952232\" data-ad-slot=\"1334354390\"><\/ins>\r\n<script>\r\n     (adsbygoogle = window.adsbygoogle || []).push({});\r\n<\/script>\r\n\n<\/div>\n<p><strong>Apr\u00e8s les enseignants, l&rsquo;ambassade des \u00c9tats-Unis en Alg\u00e9rie initie une formation pour les journalistes alg\u00e9riens. Cette nouvelle a \u00e9t\u00e9 annonc\u00e9e par la repr\u00e9sentation diplomatique le 27 janvier 2022 sur sa page Facebook.\u00a0<\/strong><br \/>Le 3 janvier dernier, l&rsquo;ambassade des \u00c9tats-Unis d&rsquo;Am\u00e9rique en Alg\u00e9rie a annonc\u00e9 une <a href=\"https:\/\/observalgerie.com\/2022\/01\/05\/voyage\/usa-enseignants-algeriens\/\" \/>formation au profit des enseignants alg\u00e9riens<\/a>. \u00ab\u00a0<em>Vous \u00eates enseignant et vous souhaitez d\u00e9velopper vos comp\u00e9tences ? Le programme Fulbright Teaching Excellence and Achievement (TEA) offre des bourses compl\u00e8tes pour \u00e9tudier pendant 6 semaines aux USA<\/em> \u00bb, avait indiqu\u00e9, en effet, l&rsquo;ambassade US.<\/p>\n<div class=\"code-block code-block-6\" style=\"margin:8px auto;text-align:center;clear:both\"><span id=\"ezoic-pub-ad-placeholder-612\"><\/span><span class=\"ezoic-ad medrectangle-4 medrectangle-4612 adtester-container adtester-container-612\" data-ez-name=\"observalgerie_com-medrectangle-4\"><span id=\"div-gpt-ad-observalgerie_com-medrectangle-4-0\" style=\"padding:0;min-height:250px;min-width:300px\" class=\"ezoic-ad\">if(typeof __ez_fad_position!=&rsquo;undefined&rsquo;){__ez_fad_position(&lsquo;div-gpt-ad-observalgerie_com-medrectangle-4-0&rsquo;)};<\/span><\/span><\/div>\n<h2>Nouvelle formation pour les journalistes avec l&rsquo;ambassade des \u00c9tats-Unis<\/h2>\n<p>Jeudi 27 janvier la m\u00eame repr\u00e9sentation diplomatique annonce une formation pour les journalistes alg\u00e9riens. Cette formation consiste en fait en une initiation et des cours en langue anglaise, pr\u00e9cise la m\u00eame source, qui souligne que les inscriptions sont ouvertes \u00e0 tous les hommes et les femmes du m\u00e9tier.<br \/>\u00ab <em>Vous aimez le journalisme et souhaitez am\u00e9liorer votre anglais ? Venez suivre notre cours en ligne gratuit d&rsquo;anglais pour le journalisme, l&rsquo;inscription est ouverte \u00e0 tous<\/em> \u00bb, peut-on lire en effet dans le post de la repr\u00e9sentation diplomatique am\u00e9ricaine. La m\u00eame source pr\u00e9cise que \u00ab <em>dans ce cours, vous explorerez les m\u00e9dias imprim\u00e9s et num\u00e9riques tout en \u00e9largissant votre vocabulaire et en augmentant votre capacit\u00e9 \u00e0 rechercher et \u00e0 d\u00e9velopper des actualit\u00e9s locales et mondiales <\/em>\u00bb. Une belle offre en fait qui ne pourra que susciter l&rsquo;int\u00e9r\u00eat des journalistes alg\u00e9riens. Ces derniers en profiteront en effet certainement pour s&rsquo;initier et am\u00e9liorer leurs connaissances en anglais.<\/p>\n<div class=\"code-block code-block-8\" style=\"margin:8px auto;text-align:center;clear:both\"><span id=\"ezoic-pub-ad-placeholder-614\"><\/span><\/div>\n<div style=\"clear:both;margin-top:0;margin-bottom:1em\"><a href=\"https:\/\/observalgerie.com\/2022\/01\/26\/societe\/france-1100-etrangers-expulses\/\" target=\"_blank\" rel=\"dofollow noopener\" class=\"ud0b8902f8f0f0d26cd22a0833ed19f71\">.ud0b8902f8f0f0d26cd22a0833ed19f71{padding:0;margin:0;padding-top:1em!important;padding-bottom:1em!important;width:100%;display:block;font-weight:700;background-color:#e6e6e6;border:0!important;border-left:4px solid #27ae60!important;box-shadow:0 1px 2px rgba(0,0,0,.17);-moz-box-shadow:0 1px 2px rgba(0,0,0,.17);-o-box-shadow:0 1px 2px rgba(0,0,0,.17);-webkit-box-shadow:0 1px 2px rgba(0,0,0,.17);text-decoration:none}.ud0b8902f8f0f0d26cd22a0833ed19f71:active,.ud0b8902f8f0f0d26cd22a0833ed19f71:hover{opacity:1;transition:opacity 250ms;webkit-transition:opacity 250ms;text-decoration:none}.ud0b8902f8f0f0d26cd22a0833ed19f71{transition:background-color 250ms;webkit-transition:background-color 250ms;opacity:1;transition:opacity 250ms;webkit-transition:opacity 250ms}.ud0b8902f8f0f0d26cd22a0833ed19f71 .ctaText{font-weight:700;color:#27ae60;text-decoration:none;font-size:16px}.ud0b8902f8f0f0d26cd22a0833ed19f71 .postTitle{color:#000;text-decoration:underline!important;font-size:16px}.ud0b8902f8f0f0d26cd22a0833ed19f71:hover .postTitle{text-decoration:underline!important}<\/p>\n<div style=\"padding-left:1em;padding-right:1em\"><span class=\"ctaText\">\u00c0 lire aussi :<\/span>\u00a0 <span class=\"postTitle\">Plus de 1100 \u00e9trangers expuls\u00e9s de France durant les 6 derniers mois<\/span><\/div>\n<p><\/a><\/div>\n<p><\/p>\n<div class=\"code-block code-block-9\" style=\"margin:8px auto;text-align:center;clear:both\"><span id=\"ezoic-pub-ad-placeholder-615\"><\/span><\/div>\n<p>Twitter <span>Suivez-nous!<\/span><br \/>Facebook <span>Suivez-nous!<\/span><br \/>Linkedin <span>Rendez-nous visite !<\/span><br \/>Youtube <span>Regardez nos vid\u00e9os!<\/span><br \/>Telegram <span>Suivez-nous!<\/span><br \/><a href=\"https:\/\/observalgerie.com\/\" \/><strong>ObservAlg\u00e9rie<\/strong> <\/a>est un site d&rsquo;information ind\u00e9pendant sur l&rsquo;Alg\u00e9rie et la diaspora alg\u00e9rienne.<br \/>\ud83d\udc8c\u00a0<a href=\"https:\/\/observalgerie.com\/contact\/\" rel=\"nofollow\">Contact<\/a>\u00a0| \ud83d\udcc3\u00a0<a href=\"https:\/\/observalgerie.com\/a-propos\/mentions-legales\/\" rel=\"nofollow\">Mentions l\u00e9gales<\/a>\u00a0| \ud83d\udc81\u00a0<a href=\"https:\/\/observalgerie.com\/a-propos\/\" rel=\"nofollow\">\u00c0 propos<\/a>\u00a0| \ud83d\udcd1\u00a0<a href=\"https:\/\/observalgerie.com\/politique-de-confidentialite\/\" rel=\"nofollow\">Politique de confidentialit\u00e9<\/a> | \ud83d\udc24<br \/>\u00a9 2016 &#8211; 2022 <a title=\"Observateur d'Alg\u00e9rie et du Maghreb\" href=\"\/\" \/>ObservAlg\u00e9rie<\/a><br \/><a href=\"https:\/\/observalgerie.com\/\" \/><strong>ObservAlg\u00e9rie<\/strong> <\/a>est un site d&rsquo;information ind\u00e9pendant sur l&rsquo;Alg\u00e9rie et la diaspora alg\u00e9rienne.<br \/>\ud83d\udc8c\u00a0<a href=\"https:\/\/observalgerie.com\/contact\/\" rel=\"nofollow\">Contact<\/a>\u00a0| \ud83d\udcc3\u00a0<a href=\"https:\/\/observalgerie.com\/a-propos\/mentions-legales\/\" rel=\"nofollow\">Mentions l\u00e9gales<\/a>\u00a0| \ud83d\udc81\u00a0<a href=\"https:\/\/observalgerie.com\/a-propos\/\" rel=\"nofollow\">\u00c0 propos<\/a>\u00a0| \ud83d\udcd1\u00a0<a href=\"https:\/\/observalgerie.com\/politique-de-confidentialite\/\" rel=\"nofollow\">Politique de confidentialit\u00e9<\/a> | \ud83d\udc24<br \/>\u00a9 2016 &#8211; 2022 <a title=\"Observateur d'Alg\u00e9rie et du Maghreb\" href=\"\/\" \/>ObservAlg\u00e9rie<\/a><\/p>\n<p><a href=\"https:\/\/observalgerie.com\/2022\/01\/29\/societe\/ambassade-etats-unis-algerie-formation-journalistes\/\">source<\/a><\/p>\n<!--CusAds0-->\n<div style=\"font-size: 0px; height: 0px; line-height: 0px; margin: 0; padding: 0; clear: both;\"><\/div>","protected":false},"excerpt":{"rendered":"<p>Apr\u00e8s les enseignants, l&rsquo;ambassade des \u00c9tats-Unis en Alg\u00e9rie initie une formation pour les journalistes alg\u00e9riens. Cette nouvelle a \u00e9t\u00e9 annonc\u00e9e par la repr\u00e9sentation diplomatique le 27 janvier 2022 sur sa page Facebook.\u00a0Le 3 janvier dernier, l&rsquo;ambassade des \u00c9tats-Unis d&rsquo;Am\u00e9rique en Alg\u00e9rie a annonc\u00e9 une formation au profit des enseignants alg\u00e9riens. \u00ab\u00a0Vous \u00eates enseignant et vous [&hellip;]<\/p>\n","protected":false},"author":1,"featured_media":0,"comment_status":"open","ping_status":"open","sticky":false,"template":"","format":"standard","meta":{"googlesitekit_rrm_CAow1sXXCw:productID":"","_jetpack_memberships_contains_paid_content":false,"footnotes":"","jetpack_publicize_message":"","jetpack_publicize_feature_enabled":true,"jetpack_social_post_already_shared":false,"jetpack_social_options":{"image_generator_settings":{"template":"highway","default_image_id":0,"font":"","enabled":false},"version":2}},"categories":[1],"tags":[],"class_list":["post-3058","post","type-post","status-publish","format-standard","hentry","category-non-classe"],"jetpack_publicize_connections":[],"jetpack_featured_media_url":"","jetpack_sharing_enabled":true,"_links":{"self":[{"href":"https:\/\/monblogeur.tech\/index.php\/wp-json\/wp\/v2\/posts\/3058","targetHints":{"allow":["GET"]}}],"collection":[{"href":"https:\/\/monblogeur.tech\/index.php\/wp-json\/wp\/v2\/posts"}],"about":[{"href":"https:\/\/monblogeur.tech\/index.php\/wp-json\/wp\/v2\/types\/post"}],"author":[{"embeddable":true,"href":"https:\/\/monblogeur.tech\/index.php\/wp-json\/wp\/v2\/users\/1"}],"replies":[{"embeddable":true,"href":"https:\/\/monblogeur.tech\/index.php\/wp-json\/wp\/v2\/comments?post=3058"}],"version-history":[{"count":0,"href":"https:\/\/monblogeur.tech\/index.php\/wp-json\/wp\/v2\/posts\/3058\/revisions"}],"wp:attachment":[{"href":"https:\/\/monblogeur.tech\/index.php\/wp-json\/wp\/v2\/media?parent=3058"}],"wp:term":[{"taxonomy":"category","embeddable":true,"href":"https:\/\/monblogeur.tech\/index.php\/wp-json\/wp\/v2\/categories?post=3058"},{"taxonomy":"post_tag","embeddable":true,"href":"https:\/\/monblogeur.tech\/index.php\/wp-json\/wp\/v2\/tags?post=3058"}],"curies":[{"name":"wp","href":"https:\/\/api.w.org\/{rel}","templated":true}]}}