{"id":3065,"date":"2022-01-30T01:17:16","date_gmt":"2022-01-30T00:17:16","guid":{"rendered":"https:\/\/monblogeur.tech\/index.php\/2022\/01\/30\/erasmus-louverture-de-la-mobilite-a-tous-est-une-priorite-de-la-presidence-francaise-de-lue-centre-inffo\/"},"modified":"2022-01-30T01:17:16","modified_gmt":"2022-01-30T00:17:16","slug":"erasmus-louverture-de-la-mobilite-a-tous-est-une-priorite-de-la-presidence-francaise-de-lue-centre-inffo","status":"publish","type":"post","link":"https:\/\/monblogeur.tech\/index.php\/2022\/01\/30\/erasmus-louverture-de-la-mobilite-a-tous-est-une-priorite-de-la-presidence-francaise-de-lue-centre-inffo\/","title":{"rendered":"Erasmus + : l&#039;ouverture de la mobilit\u00e9 \u00e0 tous est une priorit\u00e9 de la pr\u00e9sidence fran\u00e7aise de l&#039;UE &#8211; Centre Inffo"},"content":{"rendered":"<div class=\"cfbc967f0983488262956e73eca9483a\" data-index=\"1\" style=\"float: none; margin:10px 0 10px 0; text-align:center;\">\n<script async src=\"https:\/\/pagead2.googlesyndication.com\/pagead\/js\/adsbygoogle.js?client=ca-pub-3859091246952232\" crossorigin=\"anonymous\"><\/script>\r\n<!-- blok -->\r\n<ins class=\"adsbygoogle\" data-ad-client=\"ca-pub-3859091246952232\" data-ad-slot=\"1334354390\"><\/ins>\r\n<script>\r\n     (adsbygoogle = window.adsbygoogle || []).push({});\r\n<\/script>\r\n\n<\/div>\n<p>Alors que la France acc\u00e8de \u00e0 la pr\u00e9sidence de l\u2019Union europ\u00e9enne, le pr\u00e9sident de la R\u00e9publique a salu\u00e9 la r\u00e9ussite du programme Erasmus, devenu \u00ab\u00a0un rite de passage\u00a0\u00bb, qui \u00ab\u00a0a d\u00e9j\u00e0 transform\u00e9 les regards, les esprits, parfois les existences de 12 millions d\u2019Europ\u00e9ennes et d\u2019Europ\u00e9ens depuis sa cr\u00e9ation en 1987\u00a0\u00bb lors de la conf\u00e9rence sur les 35 ans d\u2019Erasmus + organis\u00e9e jeudi 20 janvier.<br \/>Article r\u00e9serv\u00e9 \u00e0 nos abonn\u00e9s.<br \/>Par <a href=\"https:\/\/www.centre-inffo.fr\/author\/nafti\" title=\"Articles par Sarah Nafti\" rel=\"author\">Sarah Nafti<\/a> &#8211; Le 24 janvier 2022.<br \/>         \u2014 La suite est r\u00e9serv\u00e9e aux abonn\u00e9s \u2014     <br \/>D\u00e9j\u00e0 abonn\u00e9 ? <a href=\"https:\/\/www.centre-inffo.fr\/wp\/wp-login.php?redirect_to=https%3A%2F%2Fwww.centre-inffo.fr%2Fsite-centre-inffo%2Factualites-centre-inffo%2Fle-quotidien-de-la-formation-actualite-formation-professionnelle-apprentissage%2Farticles-2022%2Ferasmus-louverture-de-la-mobilite-a-tous-est-une-priorite-de-la-presidence-francaise-de-lue\">Se connecter<\/a><br \/>  Pour plus de flexibilit\u00e9 et pour r\u00e9pondre \u00e0 vos besoins&#8230; <br \/>  \t<a class=\"btn-ci-small\" href=\"\/produits-et-services\/notre-offre-de-formation\">Programmes et inscriptions<\/a>  <br \/>Inclus : un focus sur la reconversion professionnelle <\/p>\n<p>  \t  <img decoding=\"async\" src=\"\/content\/uploads\/2021\/10\/pave-barometre-ef-2021.jpg\" style=\"max-width: 100%;margin-bottom: 10px\" alt=\"\" \/>        \t<a class=\"btn-ci-small-blue\" href=\"https:\/\/www.centre-inffo.fr\/site-centre-inffo\/actualites-centre-inffo\/2e-edition-du-barometre-de-la-formation-et-de-lemploi-2021?utm_medium=site\">En savoir plus<\/a>  <br \/>  D\u00e9couvrez nos derniers produits pour rester inform\u00e9&#8230;<br \/>  \t<a class=\"btn-ci-small-blue\" href=\"\/produits-et-services\/nouveautes\">Voir les nouveaut\u00e9s<\/a>  <br \/>  <a href=\"https:\/\/www.etsglobal.org\/global\/fr\/content\/financer-test-toeic-avec-cpf?utm_source=centre-inffo.fr&amp;utm_medium=display&amp;utm_campaign=20220103_marketing_team_brand_awareness_banner_toeic_fr\"><img decoding=\"async\" src=\"\/content\/uploads\/2022\/01\/ets-global.jpg\" alt=\"ETS\" style=\"max-width:100%;border: 1px solid #eee\" \/><\/a><br \/>&nbsp;<br \/>Ne manquez aucune information<br \/>Suivez-nous<\/p>\n<p><a href=\"https:\/\/www.centre-inffo.fr\/site-centre-inffo\/actualites-centre-inffo\/le-quotidien-de-la-formation-actualite-formation-professionnelle-apprentissage\/articles-2022\/erasmus-louverture-de-la-mobilite-a-tous-est-une-priorite-de-la-presidence-francaise-de-lue\">source<\/a><\/p>\n<!--CusAds0-->\n<div style=\"font-size: 0px; height: 0px; line-height: 0px; margin: 0; padding: 0; clear: both;\"><\/div>","protected":false},"excerpt":{"rendered":"<p>Alors que la France acc\u00e8de \u00e0 la pr\u00e9sidence de l\u2019Union europ\u00e9enne, le pr\u00e9sident de la R\u00e9publique a salu\u00e9 la r\u00e9ussite du programme Erasmus, devenu \u00ab\u00a0un rite de passage\u00a0\u00bb, qui \u00ab\u00a0a d\u00e9j\u00e0 transform\u00e9 les regards, les esprits, parfois les existences de 12 millions d\u2019Europ\u00e9ennes et d\u2019Europ\u00e9ens depuis sa cr\u00e9ation en 1987\u00a0\u00bb lors de la conf\u00e9rence sur [&hellip;]<\/p>\n","protected":false},"author":1,"featured_media":0,"comment_status":"open","ping_status":"open","sticky":false,"template":"","format":"standard","meta":{"googlesitekit_rrm_CAow1sXXCw:productID":"","_jetpack_memberships_contains_paid_content":false,"footnotes":"","jetpack_publicize_message":"","jetpack_publicize_feature_enabled":true,"jetpack_social_post_already_shared":false,"jetpack_social_options":{"image_generator_settings":{"template":"highway","default_image_id":0,"font":"","enabled":false},"version":2}},"categories":[1],"tags":[],"class_list":["post-3065","post","type-post","status-publish","format-standard","hentry","category-non-classe"],"jetpack_publicize_connections":[],"jetpack_featured_media_url":"","jetpack_sharing_enabled":true,"_links":{"self":[{"href":"https:\/\/monblogeur.tech\/index.php\/wp-json\/wp\/v2\/posts\/3065","targetHints":{"allow":["GET"]}}],"collection":[{"href":"https:\/\/monblogeur.tech\/index.php\/wp-json\/wp\/v2\/posts"}],"about":[{"href":"https:\/\/monblogeur.tech\/index.php\/wp-json\/wp\/v2\/types\/post"}],"author":[{"embeddable":true,"href":"https:\/\/monblogeur.tech\/index.php\/wp-json\/wp\/v2\/users\/1"}],"replies":[{"embeddable":true,"href":"https:\/\/monblogeur.tech\/index.php\/wp-json\/wp\/v2\/comments?post=3065"}],"version-history":[{"count":0,"href":"https:\/\/monblogeur.tech\/index.php\/wp-json\/wp\/v2\/posts\/3065\/revisions"}],"wp:attachment":[{"href":"https:\/\/monblogeur.tech\/index.php\/wp-json\/wp\/v2\/media?parent=3065"}],"wp:term":[{"taxonomy":"category","embeddable":true,"href":"https:\/\/monblogeur.tech\/index.php\/wp-json\/wp\/v2\/categories?post=3065"},{"taxonomy":"post_tag","embeddable":true,"href":"https:\/\/monblogeur.tech\/index.php\/wp-json\/wp\/v2\/tags?post=3065"}],"curies":[{"name":"wp","href":"https:\/\/api.w.org\/{rel}","templated":true}]}}