{"id":3067,"date":"2022-01-30T01:26:30","date_gmt":"2022-01-30T00:26:30","guid":{"rendered":"https:\/\/monblogeur.tech\/index.php\/2022\/01\/30\/soutien-informatique-une-nouvelle-formation-offerte-au-cfp-pozer-leclaireur-progres\/"},"modified":"2022-01-30T01:26:30","modified_gmt":"2022-01-30T00:26:30","slug":"soutien-informatique-une-nouvelle-formation-offerte-au-cfp-pozer-leclaireur-progres","status":"publish","type":"post","link":"https:\/\/monblogeur.tech\/index.php\/2022\/01\/30\/soutien-informatique-une-nouvelle-formation-offerte-au-cfp-pozer-leclaireur-progres\/","title":{"rendered":"Soutien informatique : une nouvelle formation offerte au CFP Pozer &#8211; L&#039;\u00c9claireur Progr\u00e8s"},"content":{"rendered":"<div class=\"cfbc967f0983488262956e73eca9483a\" data-index=\"1\" style=\"float: none; margin:10px 0 10px 0; text-align:center;\">\n<script async src=\"https:\/\/pagead2.googlesyndication.com\/pagead\/js\/adsbygoogle.js?client=ca-pub-3859091246952232\" crossorigin=\"anonymous\"><\/script>\r\n<!-- blok -->\r\n<ins class=\"adsbygoogle\" data-ad-client=\"ca-pub-3859091246952232\" data-ad-slot=\"1334354390\"><\/ins>\r\n<script>\r\n     (adsbygoogle = window.adsbygoogle || []).push({});\r\n<\/script>\r\n\n<\/div>\n<p>\u00c9DUCATION. Le centre de formation professionnelle Pozer (CFP Pozer) a annonc\u00e9 l&rsquo;ajout d&rsquo;un cours en Soutien informatique \u00e0 son offre de formations pour un dipl\u00f4me d&rsquo;\u00e9tudes professionnelles (DEP) d\u00e8s la session d&rsquo;automne 2022.<br \/>Avec ce programme de 1 800 heures, les futurs dipl\u00f4m\u00e9s seront form\u00e9s pour r\u00e9aliser diverses interventions de premi\u00e8re ligne en cas de probl\u00e8mes informatiques. Ils pourront exercer des m\u00e9tiers comme installateur, r\u00e9parateur ou technicien de mat\u00e9riel et de r\u00e9seau informatique.<br \/>Pr\u00e9cisons que le cours est offert en formule Duplex. Au terme de leurs \u00e9tudes, les \u00e9l\u00e8ves obtiendiont leur dipl\u00f4me d&rsquo;\u00e9tudes secondaires en plus de leur DEP.<br \/>Les candidats int\u00e9ress\u00e9s pourront faire une demande d&rsquo;admission \u00e0 partir du 15 f\u00e9vrier 2022 sur le site inforoutefpt.org ou en t\u00e9l\u00e9phonant au 418 228-5541, poste 26200.<br \/> \t\t\t\t\tLe 25 janvier dernier, le C\u00e9gep Beauce-Appalaches (CBA) a nomm\u00e9 Carole Bourgault pr\u00e9sidente de son&hellip;\t\t\t\t<\/p>\n<p>La Direction du C\u00e9gep Beauce-Appalaches (CBA) a annonc\u00e9 que, comme pr\u00e9vu, tous les \u00e9tudiants des trois campus ont pu commencer&hellip;<br \/> \t\t\t\t\tAujourd&rsquo;hui, le 17 janvier 2022, les cours sont suspendus pour tous les \u00e9l\u00e8ves des \u00e9coles primaires et secondaires, ainsi que pour tous les \u00e9l\u00e8ves des centres d\u2019\u00e9ducation&hellip;\t\t\t\t<br \/><span>1480, boulevard Dionne, suite 208<\/span>,<br \/> \t\t\t\t\t\t<span>Saint-Georges<\/span>, <span>Qu\u00e9bec<\/span><br \/> \t\t\t\t\t\t<span>G5Y 3V8<\/span><br \/><a href=\"http:\/\/icimedias.ca\/\"><img decoding=\"async\" loading=\"lazy\" class=\"alignnone wp-image-39693\" src=\"wp-content\/uploads\/sites\/33\/2019\/02\/icimedias_logo-11.png\" alt=\"\" width=\"289\" height=\"56\" \/><\/a><br \/>380, 6e Avenue,<br \/> St-Jean-sur-Richelieu, QC<br \/> J2X 1R2<br \/> 438 315-0960<br \/><img decoding=\"async\" loading=\"lazy\" class=\"alignnone wp-image-113052 size-full\" src=\"https:\/\/www.leclaireurprogres.ca\/wp-content\/uploads\/sites\/33\/2021\/10\/logo_appui_gouvernement.png\" alt=\"\" width=\"639\" height=\"184\" \/><br \/>Plateforme EZ Newzsite par <a href=\"http:\/\/www.textuel.ca\/services_txt.asp\" target=\"_blank\" rel=\"noopener\">Textuel<\/a> et <a target=\"_blank\" title=\"Agence Web de Terrebonne\" href=\"https:\/\/toll\u00e9.marketing\/?utm_source=eznewz&amp;utm_medium=web&amp;utm_campaign=client\" rel=\"noopener\">Toll\u00e9<\/a><br \/>Donn\u00e9es m\u00e9t\u00e9o fournies par OpenWeatherMap.<\/p>\n<p><a href=\"https:\/\/www.leclaireurprogres.ca\/soutien-informatique-une-nouvelle-formation-offerte-au-cfp-pozer\/\">source<\/a><\/p>\n<!--CusAds0-->\n<div style=\"font-size: 0px; height: 0px; line-height: 0px; margin: 0; padding: 0; clear: both;\"><\/div>","protected":false},"excerpt":{"rendered":"<p>\u00c9DUCATION. Le centre de formation professionnelle Pozer (CFP Pozer) a annonc\u00e9 l&rsquo;ajout d&rsquo;un cours en Soutien informatique \u00e0 son offre de formations pour un dipl\u00f4me d&rsquo;\u00e9tudes professionnelles (DEP) d\u00e8s la session d&rsquo;automne 2022.Avec ce programme de 1 800 heures, les futurs dipl\u00f4m\u00e9s seront form\u00e9s pour r\u00e9aliser diverses interventions de premi\u00e8re ligne en cas de probl\u00e8mes [&hellip;]<\/p>\n","protected":false},"author":1,"featured_media":0,"comment_status":"open","ping_status":"open","sticky":false,"template":"","format":"standard","meta":{"googlesitekit_rrm_CAow1sXXCw:productID":"","_jetpack_memberships_contains_paid_content":false,"footnotes":"","jetpack_publicize_message":"","jetpack_publicize_feature_enabled":true,"jetpack_social_post_already_shared":false,"jetpack_social_options":{"image_generator_settings":{"template":"highway","default_image_id":0,"font":"","enabled":false},"version":2}},"categories":[1],"tags":[],"class_list":["post-3067","post","type-post","status-publish","format-standard","hentry","category-non-classe"],"jetpack_publicize_connections":[],"jetpack_featured_media_url":"","jetpack_sharing_enabled":true,"_links":{"self":[{"href":"https:\/\/monblogeur.tech\/index.php\/wp-json\/wp\/v2\/posts\/3067","targetHints":{"allow":["GET"]}}],"collection":[{"href":"https:\/\/monblogeur.tech\/index.php\/wp-json\/wp\/v2\/posts"}],"about":[{"href":"https:\/\/monblogeur.tech\/index.php\/wp-json\/wp\/v2\/types\/post"}],"author":[{"embeddable":true,"href":"https:\/\/monblogeur.tech\/index.php\/wp-json\/wp\/v2\/users\/1"}],"replies":[{"embeddable":true,"href":"https:\/\/monblogeur.tech\/index.php\/wp-json\/wp\/v2\/comments?post=3067"}],"version-history":[{"count":0,"href":"https:\/\/monblogeur.tech\/index.php\/wp-json\/wp\/v2\/posts\/3067\/revisions"}],"wp:attachment":[{"href":"https:\/\/monblogeur.tech\/index.php\/wp-json\/wp\/v2\/media?parent=3067"}],"wp:term":[{"taxonomy":"category","embeddable":true,"href":"https:\/\/monblogeur.tech\/index.php\/wp-json\/wp\/v2\/categories?post=3067"},{"taxonomy":"post_tag","embeddable":true,"href":"https:\/\/monblogeur.tech\/index.php\/wp-json\/wp\/v2\/tags?post=3067"}],"curies":[{"name":"wp","href":"https:\/\/api.w.org\/{rel}","templated":true}]}}