{"id":3068,"date":"2022-01-30T01:47:22","date_gmt":"2022-01-30T00:47:22","guid":{"rendered":"https:\/\/monblogeur.tech\/index.php\/2022\/01\/30\/le-canada-dispose-a-appuyer-la-formation-professionnelle-et-technique-en-rdc-radio-okapi\/"},"modified":"2022-01-30T01:47:22","modified_gmt":"2022-01-30T00:47:22","slug":"le-canada-dispose-a-appuyer-la-formation-professionnelle-et-technique-en-rdc-radio-okapi","status":"publish","type":"post","link":"https:\/\/monblogeur.tech\/index.php\/2022\/01\/30\/le-canada-dispose-a-appuyer-la-formation-professionnelle-et-technique-en-rdc-radio-okapi\/","title":{"rendered":"Le Canada dispos\u00e9 \u00e0 appuyer la formation professionnelle et technique en RDC &#8211; Radio Okapi"},"content":{"rendered":"<div class=\"cfbc967f0983488262956e73eca9483a\" data-index=\"1\" style=\"float: none; margin:10px 0 10px 0; text-align:center;\">\n<script async src=\"https:\/\/pagead2.googlesyndication.com\/pagead\/js\/adsbygoogle.js?client=ca-pub-3859091246952232\" crossorigin=\"anonymous\"><\/script>\r\n<!-- blok -->\r\n<ins class=\"adsbygoogle\" data-ad-client=\"ca-pub-3859091246952232\" data-ad-slot=\"1334354390\"><\/ins>\r\n<script>\r\n     (adsbygoogle = window.adsbygoogle || []).push({});\r\n<\/script>\r\n\n<\/div>\n<p>FM: Kinshasa 103.5 :: Bunia 104.9 :: Bukavu 95.3 :: Goma 95.5 :: Kindu 103.0 :: Kisangani 94.8 :: Lubumbashi 95.8 :: Matadi 102.0 :: Mbandaka 103.0 :: Mbuji-mayi 93.8<br \/>Publi\u00e9 le ven, 28\/01\/2022 &#8211; 20:56 | Modifi\u00e9 le ven, 28\/01\/2022 &#8211; 21:02<br \/><img decoding=\"async\" class=\"gem_picasa_caption big_wrapper_class\" src=\"https:\/\/photos.radiookapi.net\/picture\/20220128193132856267_Senat.jfif?imgmax=500\" title=\"Beno\u00eet-Pierre Larm\u00e9e, ambassadeur du Canada en RDC (devant les micros), \u00e0 l\u2019issue d\u2019un entretien avec le pr\u00e9sident du S\u00e9nat, Modeste Bahati, vendredi 28 janvier 2022.&lt;\/p&gt;&#010;&lt;p&gt;&lt;br \/&gt;Photo\/S\u00e9nat\" \/><br \/>Le Canada veut accompagner la R\u00e9publique d\u00e9mocratique du Congo dans le secteur de la formation professionnelle et technique, selon son ambassadeur accr\u00e9dit\u00e9 \u00e0 Kinshasa, Beno\u00eet-Pierre Laram\u00e9e. Ce dernier a fait annonce \u00e0 Modeste Bahati Lukwebo, pr\u00e9sident du S\u00e9nat, qui l\u2019a re\u00e7u ce vendredi 28 janvier au Palais du peuple.<br \/>Pour concr\u00e9tiser cet appui, le diplomate canadien s&rsquo;est\u00a0fait accompagner du conduit le directeur des projets de CEGEP-TROIS RIVI\u00c8RES, une structure canadienne sp\u00e9cialis\u00e9e dans la formation professionnelle.<br \/>Beno\u00eet-Pierre Laram\u00e9e dit r\u00e9agir au plaidoyer fait par Modeste Bahati\u00a0:<br \/>\u00ab\u00a0Lorsque j\u2019ai rencontr\u00e9 le pr\u00e9sident du S\u00e9nat, il m\u2019a fait part de tous les besoins qu\u2019a le Congo en mati\u00e8re de formation professionnelle. J\u2019ai voulu r\u00e9pondre \u00e0 ces besoins en introduisant une grande institution canadienne, le CEGEP-TROIS RIVI\u00c8RES, qui a une grande exp\u00e9rience dans ce secteur, autant au Canada &#8211; pour former des jeunes qui vont trouver des emplois \u2013 qu\u2019en Afrique et en Am\u00e9rique latine. Donc, c&rsquo;est\u00a0une opportunit\u00e9 pour la R\u00e9publique d\u00e9mocratique du Congo de pouvoir b\u00e9n\u00e9ficier de cette expertise\u00a0\u00bb.<br \/>Selon Philippe Mpeck, directeur des projets de \u00ab\u00a0CEGEP TROIS-RIVIERES\u00a0\u00bb, cette structure propose la formation dans plusieurs secteurs. Elle est pr\u00e9sente dans plusieurs pays africains, dont la C\u00f4te-d\u2019Ivoire, le Cameroun et le Burkina Faso.<br \/>Donnez votre adresse email dans ce formulaire afin de recevoir tous nos articles dans votre bo&icirc;te email. Vous recevrez un message de confirmation avec un lien sur lequel il vous faudra cliquer afin que l&#039;envoi d&#039;emails devienne effectif.<br \/><strong>Si vous ne voyez pas l&#8217;email de confirmation dans votre bo\u00eete de r\u00e9ception, allez chercher dans vos spams et marquez le message comme \u00ab\u00a0non spam\u00a0\u00bb.<\/strong> &nbsp;<br \/>Votre adresse email :<\/p>\n<p>Service offert par <a href=\"https:\/\/feedburner.google.com\" target=\"_blank\" rel=\"noopener\">FeedBurner<\/a><br \/>\u00a0<br \/><a href=\"\/page\/abonnements\">Vous pouvez recevoir des alertes des publications de radiookapi.net par e-mail. Cliquer dans cette zone et suivez les instructions.<\/a><\/p>\n<p><a href=\"https:\/\/www.radiookapi.net\/2022\/01\/28\/actualite\/education\/le-canada-dispose-appuyer-la-formation-professionnelle-et-technique\">source<\/a><\/p>\n<!--CusAds0-->\n<div style=\"font-size: 0px; height: 0px; line-height: 0px; margin: 0; padding: 0; clear: both;\"><\/div>","protected":false},"excerpt":{"rendered":"<p>FM: Kinshasa 103.5 :: Bunia 104.9 :: Bukavu 95.3 :: Goma 95.5 :: Kindu 103.0 :: Kisangani 94.8 :: Lubumbashi 95.8 :: Matadi 102.0 :: Mbandaka 103.0 :: Mbuji-mayi 93.8Publi\u00e9 le ven, 28\/01\/2022 &#8211; 20:56 | Modifi\u00e9 le ven, 28\/01\/2022 &#8211; 21:02Le Canada veut accompagner la R\u00e9publique d\u00e9mocratique du Congo dans le secteur de la [&hellip;]<\/p>\n","protected":false},"author":1,"featured_media":0,"comment_status":"open","ping_status":"open","sticky":false,"template":"","format":"standard","meta":{"googlesitekit_rrm_CAow1sXXCw:productID":"","_jetpack_memberships_contains_paid_content":false,"footnotes":"","jetpack_publicize_message":"","jetpack_publicize_feature_enabled":true,"jetpack_social_post_already_shared":false,"jetpack_social_options":{"image_generator_settings":{"template":"highway","default_image_id":0,"font":"","enabled":false},"version":2}},"categories":[1],"tags":[],"class_list":["post-3068","post","type-post","status-publish","format-standard","hentry","category-non-classe"],"jetpack_publicize_connections":[],"jetpack_featured_media_url":"","jetpack_sharing_enabled":true,"_links":{"self":[{"href":"https:\/\/monblogeur.tech\/index.php\/wp-json\/wp\/v2\/posts\/3068","targetHints":{"allow":["GET"]}}],"collection":[{"href":"https:\/\/monblogeur.tech\/index.php\/wp-json\/wp\/v2\/posts"}],"about":[{"href":"https:\/\/monblogeur.tech\/index.php\/wp-json\/wp\/v2\/types\/post"}],"author":[{"embeddable":true,"href":"https:\/\/monblogeur.tech\/index.php\/wp-json\/wp\/v2\/users\/1"}],"replies":[{"embeddable":true,"href":"https:\/\/monblogeur.tech\/index.php\/wp-json\/wp\/v2\/comments?post=3068"}],"version-history":[{"count":0,"href":"https:\/\/monblogeur.tech\/index.php\/wp-json\/wp\/v2\/posts\/3068\/revisions"}],"wp:attachment":[{"href":"https:\/\/monblogeur.tech\/index.php\/wp-json\/wp\/v2\/media?parent=3068"}],"wp:term":[{"taxonomy":"category","embeddable":true,"href":"https:\/\/monblogeur.tech\/index.php\/wp-json\/wp\/v2\/categories?post=3068"},{"taxonomy":"post_tag","embeddable":true,"href":"https:\/\/monblogeur.tech\/index.php\/wp-json\/wp\/v2\/tags?post=3068"}],"curies":[{"name":"wp","href":"https:\/\/api.w.org\/{rel}","templated":true}]}}