{"id":3077,"date":"2022-01-30T03:00:47","date_gmt":"2022-01-30T02:00:47","guid":{"rendered":"https:\/\/monblogeur.tech\/index.php\/2022\/01\/30\/la-protection-civile-dotee-dune-nouvelle-ambulance-et-dun-centre-de-formation-a-montpellier-midi-libre\/"},"modified":"2022-01-30T03:00:47","modified_gmt":"2022-01-30T02:00:47","slug":"la-protection-civile-dotee-dune-nouvelle-ambulance-et-dun-centre-de-formation-a-montpellier-midi-libre","status":"publish","type":"post","link":"https:\/\/monblogeur.tech\/index.php\/2022\/01\/30\/la-protection-civile-dotee-dune-nouvelle-ambulance-et-dun-centre-de-formation-a-montpellier-midi-libre\/","title":{"rendered":"La protection civile dot\u00e9e d&#039;une nouvelle ambulance et d&#039;un centre de formation \u00e0 Montpellier &#8211; Midi Libre"},"content":{"rendered":"<div class=\"cfbc967f0983488262956e73eca9483a\" data-index=\"1\" style=\"float: none; margin:10px 0 10px 0; text-align:center;\">\n<script async src=\"https:\/\/pagead2.googlesyndication.com\/pagead\/js\/adsbygoogle.js?client=ca-pub-3859091246952232\" crossorigin=\"anonymous\"><\/script>\r\n<!-- blok -->\r\n<ins class=\"adsbygoogle\" data-ad-client=\"ca-pub-3859091246952232\" data-ad-slot=\"1334354390\"><\/ins>\r\n<script>\r\n     (adsbygoogle = window.adsbygoogle || []).push({});\r\n<\/script>\r\n\n<\/div>\n<p>                                                                 La protection civile de l&#039;H\u00e9rault vient d&#039;inaugurer un centre de formation, dans le quartier de Tournezy \u00e0 Montpellier, et s&#039;est \u00e9quip\u00e9e d&#039;une nouvelle ambulance financ\u00e9e par le budget participatif du d\u00e9partement de l&#039;H\u00e9rault.&nbsp;                             <br \/>Double inauguration ce samedi matin \u00e0 Montpellier. La protection civile de l&#039;H\u00e9rault a officiellement ouvert son centre de formation, am\u00e9nag\u00e9 au rez-de-chauss\u00e9e d&#039;un immeuble d&#039;ACM Habitat dans le quartier Tournezy, et pr\u00e9sent\u00e9 sa nouvelle ambulance.&nbsp;<br \/>&quot;Nous avons sign\u00e9 une convention avec ACM Habitat&quot;&nbsp;d\u00e9taille&nbsp;Dylan Bondon, pr\u00e9sident de la protection civile 34. &quot;Depuis deux \u00e9t\u00e9s cela a permis \u00e0 nos b\u00e9n\u00e9voles d&#039;intervenir pour de la pr\u00e9vention aux gestes contre la canicule dans les quartiers o\u00f9 est pr\u00e9sent le bailleur social. Nous intervenons \u00e9galement pour des missions de portage de courses et de m\u00e9dicaments.&quot;<br \/>Le centre de formation, am\u00e9nag\u00e9 par les b\u00e9n\u00e9voles de la protection civile dans un ancien restaurant, place de Tib\u00e9riade \u00e0 Montpellier, va permettre aussi bien de sensibiliser la population aux gestes qui sauvent (deux heures d&#039;initiation) que&nbsp;la PSC1 (pr\u00e9vention secours civile niveau 1).<br \/>Une formation, comme l&#039;explique Alexandre Baron, directeur des op\u00e9rations et de la communication,&nbsp;&quot;qui balaie l&#039;ensemble des risques potentiels du quotidien (br\u00fblure, massage cardiaque&#8230;). Nous avons ensuite ce qu&#039;on nomme premiers secours en \u00e9quipe qui se rapprochent de celles des pompiers pour l&#039;utilisation du mat\u00e9riel.&quot;&nbsp;<br \/>&quot;L&#039;apprentissage des gestes qui sauvent a \u00e9t\u00e9 d\u00e9cr\u00e9t\u00e9 grande cause nationale&quot; insiste Dylan Bondon. &quot;Mais, \u00e0 ce jour, \u00e0 peine un tiers de la population est form\u00e9. Ce nouveau centre devrait donc contribuer \u00e0 une formation concr\u00e8te au plus pr\u00e8s des citoyens.&quot;<br \/>Autre nouveaut\u00e9 : une ambulance (baptis\u00e9e VPS Salagou) acquise gr\u00e2ce au budget participatif mis en place par le d\u00e9partement de l&#039;H\u00e9rault. Soit une op\u00e9ration \u00e0 96 000 &euro; pour un v\u00e9hicule de secours puissant et \u00e9quip\u00e9 des derni\u00e8res technologies de secours, notamment un brancard automatis\u00e9, un d\u00e9fibrillateur nouvelle g\u00e9n\u00e9ration&#8230;<br \/>&quot;Jusqu&#039;ici nos ambulances \u00e9taient des dons du SDIS (service d\u00e9partemental d&#039;incendie et de secours)&quot; d\u00e9taille Dylan Bondon.&nbsp;&quot;Et la plus r\u00e9cente datait de 2002&#8230;&quot; &nbsp;<br \/>J&rsquo;ai d\u00e9j\u00e0 un compte<br \/>Je n&rsquo;ai pas de compte<br \/>Vous souhaitez suivre ce fil de discussion ?<br \/>Souhaitez-vous recevoir une notification lors de la r\u00e9ponse d\u2019un(e) internaute \u00e0 votre commentaire ?<br \/>En France on aime bien les redondances, ce qui fait double, triple quadruple emploi&#8230;.<br \/>  Il y a  les pompiers, le SAMU, les ambulanciers priv\u00e9s, la croix rouge, la protection civile  &#8230;.<br \/>Mais le jour o\u00f9 vous en aurez besoin &#8230;&#8230;.<br \/>Il vaut bien mieux UN service bien organis\u00e9,  comp\u00e9tent,  performant, et qui se d\u00e9place en cas de besoin urgent, que une multitude de service qui se renvoie les obligations les uns aux autres<\/p>\n<p><a href=\"https:\/\/www.midilibre.fr\/2022\/01\/29\/la-protection-civile-dotee-dune-nouvelle-ambulance-et-dun-centre-de-formation-a-montpellier-10076395.php\">source<\/a><\/p>\n<!--CusAds0-->\n<div style=\"font-size: 0px; height: 0px; line-height: 0px; margin: 0; padding: 0; clear: both;\"><\/div>","protected":false},"excerpt":{"rendered":"<p>La protection civile de l&#039;H\u00e9rault vient d&#039;inaugurer un centre de formation, dans le quartier de Tournezy \u00e0 Montpellier, et s&#039;est \u00e9quip\u00e9e d&#039;une nouvelle ambulance financ\u00e9e par le budget participatif du d\u00e9partement de l&#039;H\u00e9rault.&nbsp; Double inauguration ce samedi matin \u00e0 Montpellier. La protection civile de l&#039;H\u00e9rault a officiellement ouvert son centre de formation, am\u00e9nag\u00e9 au rez-de-chauss\u00e9e [&hellip;]<\/p>\n","protected":false},"author":1,"featured_media":0,"comment_status":"open","ping_status":"open","sticky":false,"template":"","format":"standard","meta":{"googlesitekit_rrm_CAow1sXXCw:productID":"","_jetpack_memberships_contains_paid_content":false,"footnotes":"","jetpack_publicize_message":"","jetpack_publicize_feature_enabled":true,"jetpack_social_post_already_shared":false,"jetpack_social_options":{"image_generator_settings":{"template":"highway","default_image_id":0,"font":"","enabled":false},"version":2}},"categories":[1],"tags":[],"class_list":["post-3077","post","type-post","status-publish","format-standard","hentry","category-non-classe"],"jetpack_publicize_connections":[],"jetpack_featured_media_url":"","jetpack_sharing_enabled":true,"_links":{"self":[{"href":"https:\/\/monblogeur.tech\/index.php\/wp-json\/wp\/v2\/posts\/3077","targetHints":{"allow":["GET"]}}],"collection":[{"href":"https:\/\/monblogeur.tech\/index.php\/wp-json\/wp\/v2\/posts"}],"about":[{"href":"https:\/\/monblogeur.tech\/index.php\/wp-json\/wp\/v2\/types\/post"}],"author":[{"embeddable":true,"href":"https:\/\/monblogeur.tech\/index.php\/wp-json\/wp\/v2\/users\/1"}],"replies":[{"embeddable":true,"href":"https:\/\/monblogeur.tech\/index.php\/wp-json\/wp\/v2\/comments?post=3077"}],"version-history":[{"count":0,"href":"https:\/\/monblogeur.tech\/index.php\/wp-json\/wp\/v2\/posts\/3077\/revisions"}],"wp:attachment":[{"href":"https:\/\/monblogeur.tech\/index.php\/wp-json\/wp\/v2\/media?parent=3077"}],"wp:term":[{"taxonomy":"category","embeddable":true,"href":"https:\/\/monblogeur.tech\/index.php\/wp-json\/wp\/v2\/categories?post=3077"},{"taxonomy":"post_tag","embeddable":true,"href":"https:\/\/monblogeur.tech\/index.php\/wp-json\/wp\/v2\/tags?post=3077"}],"curies":[{"name":"wp","href":"https:\/\/api.w.org\/{rel}","templated":true}]}}