{"id":3085,"date":"2022-01-30T04:41:10","date_gmt":"2022-01-30T03:41:10","guid":{"rendered":"https:\/\/monblogeur.tech\/index.php\/2022\/01\/30\/le-centre-de-formation-et-de-creation-la-cure-ouvre-ses-portes-au-public-midi-libre\/"},"modified":"2022-01-30T04:41:10","modified_gmt":"2022-01-30T03:41:10","slug":"le-centre-de-formation-et-de-creation-la-cure-ouvre-ses-portes-au-public-midi-libre","status":"publish","type":"post","link":"https:\/\/monblogeur.tech\/index.php\/2022\/01\/30\/le-centre-de-formation-et-de-creation-la-cure-ouvre-ses-portes-au-public-midi-libre\/","title":{"rendered":"Le centre de formation et de cr\u00e9ation La Cure ouvre ses portes au public &#8211; Midi Libre"},"content":{"rendered":"<div class=\"cfbc967f0983488262956e73eca9483a\" data-index=\"1\" style=\"float: none; margin:10px 0 10px 0; text-align:center;\">\n<script async src=\"https:\/\/pagead2.googlesyndication.com\/pagead\/js\/adsbygoogle.js?client=ca-pub-3859091246952232\" crossorigin=\"anonymous\"><\/script>\r\n<!-- blok -->\r\n<ins class=\"adsbygoogle\" data-ad-client=\"ca-pub-3859091246952232\" data-ad-slot=\"1334354390\"><\/ins>\r\n<script>\r\n     (adsbygoogle = window.adsbygoogle || []).push({});\r\n<\/script>\r\n\n<\/div>\n<p>Le Centre de formation et de cr\u00e9ation La Cure, situ\u00e9 au 15, rue Henri-Mallol, ouvrira ses portes \u00e0 celles et ceux qui d\u00e9sirent d\u00e9couvrir ce lieu plein de promesses pour le village. Les visites seront organis\u00e9es les mardis et jeudis de f\u00e9vrier entre 14 heures et 17 heures, sur rendez-vous.<br \/>En fonctionnement depuis plusieurs mois d\u00e9j\u00e0, La Cure n\u2019a toujours pas pu \u00eatre inaugur\u00e9e en bonne et due forme, en raison de la crise sanitaire.<br \/>Jo\u00ebl Dos Santos, ing\u00e9nieur du son, embauch\u00e9 en tant qu\u2019employ\u00e9 municipal \u00e0 mi-temps pour s\u2019occuper du lieu, a ouvert ses portes \u00e0 <span class=\"txt-cit\">Midi Libre<\/span>.<br \/>Le b\u00e2timent, ancien logement du cur\u00e9 en tr\u00e8s mauvais \u00e9tat, a \u00e9t\u00e9 refait \u00e0 neuf au terme d\u2019un chantier de pr\u00e8s de 900 000 \u20ac. Les participations financi\u00e8res de l\u2019\u00c9tat, de l\u2019Europe et des collectivit\u00e9s (R\u00e9gion, D\u00e9partement, communaut\u00e9 de communes) ont permis \u00e0 la commune de contenir son investissement \u00e0 un peu plus d\u2019un quart du budget des travaux.<br \/>Ce projet voulu par la municipalit\u00e9, dote le village d\u2019un \u00e9quipement hors du commun pour une commune de cette taille. <span class=\"txt-cit\">&quot;\u00c0 ce jour, La Cure compte un studio son, trait\u00e9 acoustiquement pour accueillir des enregistrements professionnels, avec sa cabine de mixage ; une station de montage vid\u00e9o \u00e9quip\u00e9e et une dizaine de salles, dont trois sont \u00e9quip\u00e9es de vid\u00e9oprojecteurs qui peuvent accueillir des r\u00e9unions, des formations, des s\u00e9minaires et autres.&quot;<\/span><br \/>Dirig\u00e9e par le conseil municipal, La Cure s\u2019appuie \u00e9galement sur un comit\u00e9 de pilotage comprenant des \u00e9lus de la majorit\u00e9, de l\u2019opposition, des personnes individuelles et des repr\u00e9sentants d\u2019associations (Viv\u2019Alto, Champ\/contrechamp, Vaisseau M\u00e8re, ou l\u2019Universit\u00e9 sauvage et populaire).<br \/>Si La Cure est aujourd\u2019hui op\u00e9rationnelle, le projet du lieu est encore en train d\u2019\u00eatre b\u00e2ti. Une association sera bient\u00f4t cr\u00e9\u00e9e en ce sens, pour continuer \u00e0 imaginer ce qu\u2019elle pourrait \u00eatre demain.<br \/>Centre de ressources polyvalent est ouvert aux professionnels du son et de l\u2019image, mais aussi \u00e0 d\u2019autres usages individuels et collectifs (formation, coworking\u2026).<br \/>La municipalit\u00e9 ambitionne d\u2019y d\u00e9velopper pas \u00e0 pas un lieu de r\u00e9f\u00e9rence situ\u00e9 \u00e0 l\u2019interface entre musique et cin\u00e9ma et, pourquoi pas, une Acad\u00e9mie qui prendrait le relais de projets pass\u00e9s ou actuels accueillis par le village. Les portes ouvertes de f\u00e9vrier sont donc un encouragement, pour les Lasallois, \u00e0 venir d\u00e9couvrir et conna\u00eetre le lieu et \u00e0 s\u2019en saisir. Les derniers tarifs d\u2019acc\u00e8s \u00e0 l\u2019\u00e9quipement ont \u00e9t\u00e9 vot\u00e9s en d\u00e9cembre et comprennent deux grilles : une \u00e0 destination des associations locales et une autre, \u00e0 destination des usagers ext\u00e9rieurs.<br \/>260000 &euro;<br \/>Dans un petit village au coeur des C\u00e9vennes, superbe maison enti\u00e9rement r\u00e9n[&#8230;]<br \/>30000 &euro;<br \/>Terrain de loisirs arbor\u00e9 d&#039;une surface de 3200 m2 bord\u00e9 par la riviere Ter[&#8230;]<br \/>450000 &euro;<br \/>Lasalle, ancien TEMPLE, r\u00e9novation contemporaine sur une surface totale de [&#8230;]<br \/>J&rsquo;ai d\u00e9j\u00e0 un compte<br \/>Je n&rsquo;ai pas de compte<br \/>Souhaitez-vous recevoir une notification lors de la r\u00e9ponse d\u2019un(e) internaute \u00e0 votre commentaire ?<\/p>\n<p><a href=\"https:\/\/www.midilibre.fr\/2022\/01\/29\/le-centre-de-formation-et-de-creation-la-cure-ouvre-ses-portes-au-public-10075230.php\">source<\/a><\/p>\n<!--CusAds0-->\n<div style=\"font-size: 0px; height: 0px; line-height: 0px; margin: 0; padding: 0; clear: both;\"><\/div>","protected":false},"excerpt":{"rendered":"<p>Le Centre de formation et de cr\u00e9ation La Cure, situ\u00e9 au 15, rue Henri-Mallol, ouvrira ses portes \u00e0 celles et ceux qui d\u00e9sirent d\u00e9couvrir ce lieu plein de promesses pour le village. Les visites seront organis\u00e9es les mardis et jeudis de f\u00e9vrier entre 14 heures et 17 heures, sur rendez-vous.En fonctionnement depuis plusieurs mois d\u00e9j\u00e0, [&hellip;]<\/p>\n","protected":false},"author":1,"featured_media":0,"comment_status":"open","ping_status":"open","sticky":false,"template":"","format":"standard","meta":{"googlesitekit_rrm_CAow1sXXCw:productID":"","_jetpack_memberships_contains_paid_content":false,"footnotes":"","jetpack_publicize_message":"","jetpack_publicize_feature_enabled":true,"jetpack_social_post_already_shared":false,"jetpack_social_options":{"image_generator_settings":{"template":"highway","default_image_id":0,"font":"","enabled":false},"version":2}},"categories":[1],"tags":[],"class_list":["post-3085","post","type-post","status-publish","format-standard","hentry","category-non-classe"],"jetpack_publicize_connections":[],"jetpack_featured_media_url":"","jetpack_sharing_enabled":true,"_links":{"self":[{"href":"https:\/\/monblogeur.tech\/index.php\/wp-json\/wp\/v2\/posts\/3085","targetHints":{"allow":["GET"]}}],"collection":[{"href":"https:\/\/monblogeur.tech\/index.php\/wp-json\/wp\/v2\/posts"}],"about":[{"href":"https:\/\/monblogeur.tech\/index.php\/wp-json\/wp\/v2\/types\/post"}],"author":[{"embeddable":true,"href":"https:\/\/monblogeur.tech\/index.php\/wp-json\/wp\/v2\/users\/1"}],"replies":[{"embeddable":true,"href":"https:\/\/monblogeur.tech\/index.php\/wp-json\/wp\/v2\/comments?post=3085"}],"version-history":[{"count":0,"href":"https:\/\/monblogeur.tech\/index.php\/wp-json\/wp\/v2\/posts\/3085\/revisions"}],"wp:attachment":[{"href":"https:\/\/monblogeur.tech\/index.php\/wp-json\/wp\/v2\/media?parent=3085"}],"wp:term":[{"taxonomy":"category","embeddable":true,"href":"https:\/\/monblogeur.tech\/index.php\/wp-json\/wp\/v2\/categories?post=3085"},{"taxonomy":"post_tag","embeddable":true,"href":"https:\/\/monblogeur.tech\/index.php\/wp-json\/wp\/v2\/tags?post=3085"}],"curies":[{"name":"wp","href":"https:\/\/api.w.org\/{rel}","templated":true}]}}