{"id":3115,"date":"2022-01-30T11:28:31","date_gmt":"2022-01-30T10:28:31","guid":{"rendered":"https:\/\/monblogeur.tech\/index.php\/2022\/01\/30\/stade-brestois-la-gambardella-un-accelerateur-de-formation-le-telegramme\/"},"modified":"2022-01-30T11:28:31","modified_gmt":"2022-01-30T10:28:31","slug":"stade-brestois-la-gambardella-un-accelerateur-de-formation-le-telegramme","status":"publish","type":"post","link":"https:\/\/monblogeur.tech\/index.php\/2022\/01\/30\/stade-brestois-la-gambardella-un-accelerateur-de-formation-le-telegramme\/","title":{"rendered":"Stade Brestois. La Gambardella, un acc\u00e9l\u00e9rateur de formation &#8211; Le T\u00e9l\u00e9gramme"},"content":{"rendered":"<div class=\"cfbc967f0983488262956e73eca9483a\" data-index=\"1\" style=\"float: none; margin:10px 0 10px 0; text-align:center;\">\n<script async src=\"https:\/\/pagead2.googlesyndication.com\/pagead\/js\/adsbygoogle.js?client=ca-pub-3859091246952232\" crossorigin=\"anonymous\"><\/script>\r\n<!-- blok -->\r\n<ins class=\"adsbygoogle\" data-ad-client=\"ca-pub-3859091246952232\" data-ad-slot=\"1334354390\"><\/ins>\r\n<script>\r\n     (adsbygoogle = window.adsbygoogle || []).push({});\r\n<\/script>\r\n\n<\/div>\n<p>                     <span class=\"close\" id=\"miseEnAvantBigClose\"><\/span>                 <br \/>                     <a style=\"text-decoration: underline\"><\/a>                 <br \/>                 <span class=\"close\" id=\"miseEnAvantSmallClose\"><\/span>             <br \/>\u00c0 la t\u00eate de l\u2019effectif des U19 nationaux du <a href=\"https:\/\/www.letelegramme.fr\/football\/stade-brestois-29\/\">Stade Brestois<\/a>, Franck Kerdil\u00e8s s\u2019attend \u00e0 \u00ab\u00a0un vrai match de coupe\u00a0\u00bb, ce dimanche, face au Stade Briochin, club \u00e9voluant en R\u00e9gional 1, soit un niveau sous celui des Brestois en championnat. \u00ab\u00a0La vigilance sera de mise par rapport \u00e0 cette \u00e9quipe bien organis\u00e9e, dot\u00e9e de quelques individualit\u00e9s, et qui a quand m\u00eame sorti <a href=\"https:\/\/footamateur.letelegramme.fr\/12887129\/football-gambardella-le-stade-briochin-renverse-en-avant-guingamp\/\">Guingamp<\/a> puis <a href=\"https:\/\/footamateur.letelegramme.fr\/12902044\/football-gambardella-le-reve-continue-pour-le-stade-briochin\/\">M\u00e9rignac<\/a> (deux clubs \u00e9voluant en Nationaux) aux tours pr\u00e9c\u00e9dents\u00a0\u00bb, pr\u00e9vient-il.<br \/>La Gambardella ne concernant que les U19 premi\u00e8res ann\u00e9es, Kerdil\u00e8s devra se passer de ses deuxi\u00e8mes ann\u00e9es, des \u00e9l\u00e9ments-cl\u00e9s de la formation qu\u2019il aligne d\u2019ordinaire en championnat comme\u00a0Gatien Foll, Antoine Kerriou, Math\u00e9o Da Silva ou Kilian Liri. \u00ab\u00a0C\u2019est quasiment la moiti\u00e9 de mon \u00e9quipe de championnat que je ne peux pas aligner en coupe\u00a0\u00bb, indique le coach.<br \/>Si ce r\u00e8glement implique des contraintes, li\u00e9es au collectif notamment, la situation pr\u00e9sente aussi de \u00ab\u00a0gros points positifs\u00a0\u00bb, poursuit-il. \u00ab\u00a0M\u00eame s\u2019il nous arrive r\u00e9guli\u00e8rement de faire des passerelles entre les U17 et les U19, la Gambardella permet de faire monter des jeunes un cran au-dessus, ce qui permet de gagner du temps sur l\u2019\u00e9valuation de certains joueurs\u00a0\u00bb, explique ainsi Franck Kerdil\u00e8s. Pour ces matchs de coupe, \u00ab\u00a0on travaille en bin\u00f4me avec Olivier Auriac\u00a0\u00bb, qui g\u00e8re, lui, les U17, et \u00ab\u00a0on mixe les U19 premi\u00e8re ann\u00e9e avec les deuxi\u00e8mes ann\u00e9es des U17\u00a0\u00bb.<br \/>Contre Concarneau et Laval, aux tours pr\u00e9c\u00e9dents, le Stade Brestois a ainsi align\u00e9 des joueurs \u00e9voluant normalement en U17 nationaux, tels\u00a0Tommy Le Verge, Marvin Dossche, Lucas Jegat, Thomas Colleaux, Guillaume Le Roux ou Pierre Marques. \u00c9galement \u00e2g\u00e9 de 17 ans, L\u00e9o Botz, \u00ab<a href=\"https:\/\/www.letelegramme.fr\/football\/stade-brestois-29\/leo-botz-et-axel-camblan-la-jeunesse-brestoise-d-attaque-20-11-2021-12870906.php\" target=\"_blank\" rel=\"noopener\">\u00a0qui n\u2019a d\u00e9montr\u00e9 que de belles choses depuis qu\u2019il est mont\u00e9 avec nous<\/a>\u00a0\u00bb, selon Kerdil\u00e8s, a d\u00e9j\u00e0 franchi le pas en championnat. Surclass\u00e9 et titulaire avec les U19, il sera bien \u00e9videmment sur le terrain ce dimanche pour affronter Saint-Brieuc. Avec l\u2019ambition, bien s\u00fbr, de faire un r\u00e9sultat. \u00ab\u00a0Comme tous comp\u00e9titeurs, on aimerait aller le plus loin possible, explique l\u2019entra\u00eeneur des U19. Car outre le fait qu\u2019on rentre sur un terrain dans le but de gagner, la Gambardella est une comp\u00e9tition qui permet de faire progresser plus vite nos jeunes joueurs\u00a0\u00bb.<br \/><span class=\"buttonOutline\"><a href=\"https:\/\/footamateur.letelegramme.fr\/club\/stade-brestois-29\/\">Toute l\u2019actualit\u00e9 du Stade Brestois<\/a><\/span><br \/>             <span class=\"close\" id=\"miseEnAvantSmallMobileClose\"><\/span>         <\/p>\n<p><a href=\"https:\/\/www.letelegramme.fr\/football\/stade-brestois-29\/la-gambardella-un-accelerateur-de-formation-30-01-2022-12913878.php\">source<\/a><\/p>\n<!--CusAds0-->\n<div style=\"font-size: 0px; height: 0px; line-height: 0px; margin: 0; padding: 0; clear: both;\"><\/div>","protected":false},"excerpt":{"rendered":"<p>\u00c0 la t\u00eate de l\u2019effectif des U19 nationaux du Stade Brestois, Franck Kerdil\u00e8s s\u2019attend \u00e0 \u00ab\u00a0un vrai match de coupe\u00a0\u00bb, ce dimanche, face au Stade Briochin, club \u00e9voluant en R\u00e9gional 1, soit un niveau sous celui des Brestois en championnat. \u00ab\u00a0La vigilance sera de mise par rapport \u00e0 cette \u00e9quipe bien organis\u00e9e, dot\u00e9e de quelques [&hellip;]<\/p>\n","protected":false},"author":1,"featured_media":0,"comment_status":"open","ping_status":"open","sticky":false,"template":"","format":"standard","meta":{"googlesitekit_rrm_CAow1sXXCw:productID":"","_jetpack_memberships_contains_paid_content":false,"footnotes":"","jetpack_publicize_message":"","jetpack_publicize_feature_enabled":true,"jetpack_social_post_already_shared":false,"jetpack_social_options":{"image_generator_settings":{"template":"highway","default_image_id":0,"font":"","enabled":false},"version":2}},"categories":[1],"tags":[],"class_list":["post-3115","post","type-post","status-publish","format-standard","hentry","category-non-classe"],"jetpack_publicize_connections":[],"jetpack_featured_media_url":"","jetpack_sharing_enabled":true,"_links":{"self":[{"href":"https:\/\/monblogeur.tech\/index.php\/wp-json\/wp\/v2\/posts\/3115","targetHints":{"allow":["GET"]}}],"collection":[{"href":"https:\/\/monblogeur.tech\/index.php\/wp-json\/wp\/v2\/posts"}],"about":[{"href":"https:\/\/monblogeur.tech\/index.php\/wp-json\/wp\/v2\/types\/post"}],"author":[{"embeddable":true,"href":"https:\/\/monblogeur.tech\/index.php\/wp-json\/wp\/v2\/users\/1"}],"replies":[{"embeddable":true,"href":"https:\/\/monblogeur.tech\/index.php\/wp-json\/wp\/v2\/comments?post=3115"}],"version-history":[{"count":0,"href":"https:\/\/monblogeur.tech\/index.php\/wp-json\/wp\/v2\/posts\/3115\/revisions"}],"wp:attachment":[{"href":"https:\/\/monblogeur.tech\/index.php\/wp-json\/wp\/v2\/media?parent=3115"}],"wp:term":[{"taxonomy":"category","embeddable":true,"href":"https:\/\/monblogeur.tech\/index.php\/wp-json\/wp\/v2\/categories?post=3115"},{"taxonomy":"post_tag","embeddable":true,"href":"https:\/\/monblogeur.tech\/index.php\/wp-json\/wp\/v2\/tags?post=3115"}],"curies":[{"name":"wp","href":"https:\/\/api.w.org\/{rel}","templated":true}]}}