{"id":3129,"date":"2022-01-30T14:15:33","date_gmt":"2022-01-30T13:15:33","guid":{"rendered":"https:\/\/monblogeur.tech\/index.php\/2022\/01\/30\/quimper-une-formation-de-baby-sitter-a-la-mpt-de-penhars-le-telegramme\/"},"modified":"2022-01-30T14:15:33","modified_gmt":"2022-01-30T13:15:33","slug":"quimper-une-formation-de-baby-sitter-a-la-mpt-de-penhars-le-telegramme","status":"publish","type":"post","link":"https:\/\/monblogeur.tech\/index.php\/2022\/01\/30\/quimper-une-formation-de-baby-sitter-a-la-mpt-de-penhars-le-telegramme\/","title":{"rendered":"Quimper &#8211; Une formation de baby-sitter \u00e0 la MPT de Penhars &#8211; Le T\u00e9l\u00e9gramme"},"content":{"rendered":"<div class=\"cfbc967f0983488262956e73eca9483a\" data-index=\"1\" style=\"float: none; margin:10px 0 10px 0; text-align:center;\">\n<script async src=\"https:\/\/pagead2.googlesyndication.com\/pagead\/js\/adsbygoogle.js?client=ca-pub-3859091246952232\" crossorigin=\"anonymous\"><\/script>\r\n<!-- blok -->\r\n<ins class=\"adsbygoogle\" data-ad-client=\"ca-pub-3859091246952232\" data-ad-slot=\"1334354390\"><\/ins>\r\n<script>\r\n     (adsbygoogle = window.adsbygoogle || []).push({});\r\n<\/script>\r\n\n<\/div>\n<p>                     <span class=\"close\" id=\"miseEnAvantBigClose\"><\/span>                 <br \/>                     <a style=\"text-decoration: underline\"><\/a>                 <br \/>                 <span class=\"close\" id=\"miseEnAvantSmallClose\"><\/span>             <br \/>La Maison pour tous de Penhars s\u2019associe au Relais petite enfance pour proposer une formation au baby-sitting. Celle-ci sera gratuite, sous condition d\u2019adh\u00e9sion \u00e0 la MPT, et aura lieu les mercredi\u00a09 et jeudi 10\u00a0f\u00e9vrier. Elle s\u2019adresse aux jeunes de plus de 16 ans, prioritairement du quartier de Penhars.<br \/>Une pu\u00e9ricultrice, une \u00e9ducatrice de jeunes enfants et des animateurs jeunesse de la MPT encadreront les douze stagiaires pendant une quinzaine d\u2019heures pour leur apporter les connaissances essentielles sur diff\u00e9rentes th\u00e9matiques\u00a0: change, soin, alimentation, activit\u00e9s adapt\u00e9es aux besoins de l\u2019enfant, sensibilisation aux gestes de premiers secours petite enfance, information sur la l\u00e9gislation,\u00a0etc.<br \/>\u00ab\u00a0Ce projet r\u00e9pond \u00e0 deux besoins, explique David Mathie, coordinateur secteur familles tout public, accompagner des jeunes sur leur premier job et accompagner les parents qui cherchent un mode de garde ponctuel pour leurs enfants \u00e2g\u00e9s de 0 \u00e0 12 ans\u00a0\u00bb. \u00c0 l\u2019issue du stage, les jeunes pourront s\u2019inscrire sur un fichier baby-sitters qui sera mis \u00e0 disposition des parents du quartier \u00e0 la MPT. \u00ab\u00a0Nous encouragerons au maximum le baby-sitting sous contrat car il offre certaines garanties\u00a0\u00bb.<br \/>\u00ab\u00a0Il faut aussi que les parents sachent, pr\u00e9cise Val\u00e9rie Moulin du Relais petite enfance, qu\u2019avec un contrat ils peuvent obtenir de l\u2019aide de la Caf et une r\u00e9duction d\u2019imp\u00f4ts\u00a0\u00bb. Une aide pourra leur \u00eatre apport\u00e9e pour la r\u00e9daction du contrat.<br \/>Renseignement et inscription \u00e0 la MPT de Penhars, 39, boulevard de Bretagne. T\u00e9l.\u00a002\u00a098\u00a055\u00a020\u00a061.<br \/>             <span class=\"close\" id=\"miseEnAvantSmallMobileClose\"><\/span>         <\/p>\n<p><a href=\"https:\/\/www.letelegramme.fr\/finistere\/quimper\/une-formation-de-baby-sitter-a-la-mpt-de-penhars-29-01-2022-12913494.php\">source<\/a><\/p>\n<!--CusAds0-->\n<div style=\"font-size: 0px; height: 0px; line-height: 0px; margin: 0; padding: 0; clear: both;\"><\/div>","protected":false},"excerpt":{"rendered":"<p>La Maison pour tous de Penhars s\u2019associe au Relais petite enfance pour proposer une formation au baby-sitting. Celle-ci sera gratuite, sous condition d\u2019adh\u00e9sion \u00e0 la MPT, et aura lieu les mercredi\u00a09 et jeudi 10\u00a0f\u00e9vrier. Elle s\u2019adresse aux jeunes de plus de 16 ans, prioritairement du quartier de Penhars.Une pu\u00e9ricultrice, une \u00e9ducatrice de jeunes enfants et [&hellip;]<\/p>\n","protected":false},"author":1,"featured_media":0,"comment_status":"open","ping_status":"open","sticky":false,"template":"","format":"standard","meta":{"googlesitekit_rrm_CAow1sXXCw:productID":"","_jetpack_memberships_contains_paid_content":false,"footnotes":"","jetpack_publicize_message":"","jetpack_publicize_feature_enabled":true,"jetpack_social_post_already_shared":false,"jetpack_social_options":{"image_generator_settings":{"template":"highway","default_image_id":0,"font":"","enabled":false},"version":2}},"categories":[1],"tags":[],"class_list":["post-3129","post","type-post","status-publish","format-standard","hentry","category-non-classe"],"jetpack_publicize_connections":[],"jetpack_featured_media_url":"","jetpack_sharing_enabled":true,"_links":{"self":[{"href":"https:\/\/monblogeur.tech\/index.php\/wp-json\/wp\/v2\/posts\/3129","targetHints":{"allow":["GET"]}}],"collection":[{"href":"https:\/\/monblogeur.tech\/index.php\/wp-json\/wp\/v2\/posts"}],"about":[{"href":"https:\/\/monblogeur.tech\/index.php\/wp-json\/wp\/v2\/types\/post"}],"author":[{"embeddable":true,"href":"https:\/\/monblogeur.tech\/index.php\/wp-json\/wp\/v2\/users\/1"}],"replies":[{"embeddable":true,"href":"https:\/\/monblogeur.tech\/index.php\/wp-json\/wp\/v2\/comments?post=3129"}],"version-history":[{"count":0,"href":"https:\/\/monblogeur.tech\/index.php\/wp-json\/wp\/v2\/posts\/3129\/revisions"}],"wp:attachment":[{"href":"https:\/\/monblogeur.tech\/index.php\/wp-json\/wp\/v2\/media?parent=3129"}],"wp:term":[{"taxonomy":"category","embeddable":true,"href":"https:\/\/monblogeur.tech\/index.php\/wp-json\/wp\/v2\/categories?post=3129"},{"taxonomy":"post_tag","embeddable":true,"href":"https:\/\/monblogeur.tech\/index.php\/wp-json\/wp\/v2\/tags?post=3129"}],"curies":[{"name":"wp","href":"https:\/\/api.w.org\/{rel}","templated":true}]}}