{"id":3136,"date":"2022-01-30T15:46:31","date_gmt":"2022-01-30T14:46:31","guid":{"rendered":"https:\/\/monblogeur.tech\/index.php\/2022\/01\/30\/responsable-administratif-et-financier-h-f-coordination-sud\/"},"modified":"2022-01-30T15:46:31","modified_gmt":"2022-01-30T14:46:31","slug":"responsable-administratif-et-financier-h-f-coordination-sud","status":"publish","type":"post","link":"https:\/\/monblogeur.tech\/index.php\/2022\/01\/30\/responsable-administratif-et-financier-h-f-coordination-sud\/","title":{"rendered":"Responsable administratif et financier (H\/F) &#8211; Coordination SUD"},"content":{"rendered":"<div class=\"cfbc967f0983488262956e73eca9483a\" data-index=\"1\" style=\"float: none; margin:10px 0 10px 0; text-align:center;\">\n<script async src=\"https:\/\/pagead2.googlesyndication.com\/pagead\/js\/adsbygoogle.js?client=ca-pub-3859091246952232\" crossorigin=\"anonymous\"><\/script>\r\n<!-- blok -->\r\n<ins class=\"adsbygoogle\" data-ad-client=\"ca-pub-3859091246952232\" data-ad-slot=\"1334354390\"><\/ins>\r\n<script>\r\n     (adsbygoogle = window.adsbygoogle || []).push({});\r\n<\/script>\r\n\n<\/div>\n<p>The translation is produced by a computer. It may not be fully accurate.<br \/>Vous cherchez un emploi ? C&rsquo;est ici !<br \/>DESCRIPTION DE L\u2019ASSOCIATION<br \/> Cr\u00e9e en 1989 le Groupement des Educateurs sans Fronti\u00e8res (GREF) est une association (loi 1901) nationale avec la particularit\u00e9 d\u2019une vie associative qui se d\u00e9cline dans le cadre de 15 D\u00e9l\u00e9gations R\u00e9gionales. Compos\u00e9 de pr\u00e8s de 300 adh\u00e9rents, le GREF intervient dans une vingtaine de pays dans le cadre de missions d\u2019appuis \u00e0 l\u2019\u00e9ducation (formelle ou non formelle, formation professionnelle). Ces activit\u00e9s de formation de formateurs et de cadres \u00e9ducatifs se m\u00e8nent soit \u00e0 l\u2019\u00e9chelon local, soit \u00e0 l\u2019\u00e9chelle d\u2019un pays dans le cadre de Programmes Multi Pays financ\u00e9s par l\u2019AFD et autres financeurs. Le GREF intervient \u00e9galement en France dans des activit\u00e9s d\u2019\u00e9ducation en direction des migrants, des prisonniers et participe \u00e0 des activit\u00e9s d\u2019Education \u00e0 la Citoyennet\u00e9 et \u00e0 la Solidarit\u00e9 Internationale (ECSI).Site&nbsp;: www.gref.asso.fr<br \/>FINALITE du Poste<br \/> Sous l\u2019autorit\u00e9 du tr\u00e9sorier, la personne assurera la responsabilit\u00e9 de la gestion et comptabilit\u00e9 au Secteur Administratif et Financier. Ce travail de suivi administratif et financier se fera en collaboration avec les responsables des diff\u00e9rents secteurs du GREF, tous b\u00e9n\u00e9voles. Il apportera son concours aux diff\u00e9rentes instances (nationales et r\u00e9gionales) pour faciliter le fonctionnement g\u00e9n\u00e9ral de l\u2019association.<br \/> Il sera l\u2019un des interlocuteurs des porteurs de projet pour les accompagner dans le montage des dossiers sur les aspects conventionnels et financiers dont il suivra les diff\u00e9rentes \u00e9tapes. Elle sera le responsable hi\u00e9rarchique des personnes recrut\u00e9es en CDD dans le cas d\u2019augmentation de charge de travail (cotisations d\u00e9but d\u2019ann\u00e9e, retour de mission de printemps et d\u2019automne,\u2026)<br \/>Comp\u00e9tences et exp\u00e9riences<br \/><strong><em>Une exp\u00e9rience professionnelle effective et significative d\u2019au moins 2 ans dans un poste semblable (comptabilit\u00e9, gestion financi\u00e8re et administrative dans le secteur associatif) sera un atout important.<\/em><\/strong><br \/>&nbsp;<br \/>Ou<br \/>&nbsp;<br \/>Poste Cadre ; rattachement \u00e0 la convention collective ECLAT (Ex-Animation)\u00a0 n\u00b0 IDCC = 1518<br \/>Salaire brut annuel : 36 000 \u20ac<br \/>Tickets restaurant sur 11 mois<br \/>Possibilit\u00e9 d&#8217;adh\u00e9rer \u00e0 la mutuelle sant\u00e9<br \/>CDD temps plein de 12 mois. Prolongation en CDD ou CDI selon l&#8217;activit\u00e9 Projets<br \/>&nbsp;<br \/>Pour se porter candidat (h\/f) :<br \/>Adresser CV et lettre de motivation avant le 15\/02\/2022 aux personnes suivantes :<br \/>Jacques GUILLAUD &#8211; Pr\u00e9sident du GREF- jacques.guillaud38@orange.fr<br \/>Philippe Dhaussy &#8211; Tr\u00e9sorier &#8211; phdhaussy@gmail.com<br \/>Jean-Jacques Pell\u00e9 &#8211; VP &#8211; Ressources &#8211; jean-jacques.pelle@wanadoo.fr<br \/>Jean-Louis Cuvier &#8211; Responsable du Service administratif et finnacier &#8211; pmp@gref.asso.fr<br \/>&nbsp;<br \/>En visitant ce site vous acceptez l&rsquo;utilisation des cookies. Cliquez sur \u00ab Configurer  \u00bb pour plus d&rsquo;options.<br \/>Nous sommes susceptibles d&rsquo;enregistrer des cookies sur votre dispositif. Nous utilisons les cookies pour savoir quand vous visitez notre site, comment vous interagissez avec notre site, et pour am\u00e9liorer votre exp\u00e9rience en tant qu&rsquo;utilisateur du site.<br \/>Cliquez sur les diff\u00e9rents intitul\u00e9s de cat\u00e9gorie pour en savoir plus. Vous pouvez \u00e9galement modifier certaines de vos pr\u00e9f\u00e9rences. Veuillez noter que le blocage de certains types de cookies peut impacter votre exp\u00e9rience sur notre site et les services que nous sommes en mesure d&rsquo;offrir.<br \/>Ces cookies sont strictement n\u00e9cessaires \u00e0 la bonne utilisation des services offerts par notre site.<br \/>Du fait que ces cookies soient essentiels au fonctionnement de notre site, vous ne pouvez les refuser sans impacter en m\u00eame temps la mani\u00e8re dont fonctionne le site. Vous pouvez bloquer ou supprimer ces cookies en modifiant vos r\u00e9glages navigateur et en bloquant tous les cookies sur notre site.<\/p>\n<div class=\"av-switch-aviaPrivacyEssentialCookiesEnabled av-toggle-switch av-cookie-disable-external-toggle av-cookie-save-checked av-cookie-default-checked\"><label><span class=\"toggle-track\"><\/span><span class=\"toggle-label-content\">Cliquer pour autoriser \/ refuser les cookies essentiels au site.<\/span><\/label><\/div>\n<p>Ces cookies collectent des informations utilis\u00e9es soit de mani\u00e8re agr\u00e9g\u00e9e pour nous permettre de mieux comprendre la mani\u00e8re dont est utilis\u00e9e notre site, soit pour d\u00e9terminer l&rsquo;efficacit\u00e9 de nos campagnes, dans le but d&rsquo;am\u00e9liorer votre exp\u00e9rience sur le site.<br \/>Si vous ne souhaitez pas que nous traquions vos visites sur notre site vous pouvez d\u00e9sactiver le tracking ici:<\/p>\n<div data-disabled_by_browser=\"Merci d&#039;activer cette fonctionnalit\u00e9 dans vos r\u00e9glages navigateur et rechargez la page.\" class=\"av-switch-aviaPrivacyGoogleTrackingDisabled av-toggle-switch av-cookie-disable-external-toggle av-cookie-save-unchecked av-cookie-default-checked\"><label><span class=\"toggle-track\"><\/span><span class=\"toggle-label-content\">Cliquer pour autoriser \/ refuser le tracking Google Analytics.<\/span><\/label><\/div>\n<p>Nous utilisons \u00e9galement diff\u00e9rents services externes comme les fournisseurs de service vid\u00e9o tiers. Ces fournisseurs de service sont susceptibles de collecter des donn\u00e9es personnelles comme votre adresse IP, et nous vous permettons de les bloquer ici. Merci de noter que cela risque d&rsquo;impacter votre exp\u00e9rience sur notre site et r\u00e9duire ses fonctionnalit\u00e9s de m\u00eame que son apparence. Les modifications seront prises en compte une fois la page recharg\u00e9e.<br \/>R\u00e9glages Vimeo et Youtube:<\/p>\n<div class=\"av-switch-aviaPrivacyVideoEmbedsDisabled av-toggle-switch av-cookie-disable-external-toggle av-cookie-save-unchecked av-cookie-default-checked\"><label><span class=\"toggle-track\"><\/span><span class=\"toggle-label-content\">Cliquez pour activer\/d\u00e9sactiver l&rsquo;incorporation de vid\u00e9os.<\/span><\/label><\/div>\n<p>Vous pouvez lire notre politique de cookies et de vie priv\u00e9e en d\u00e9tail sur notre page de <a href='https:\/\/www.coordinationsud.org\/politique-de-vie-privee\/' target='_blank' rel=\"noopener\">Politique de vie priv\u00e9e<\/a><\/p>\n<p><a href=\"https:\/\/www.coordinationsud.org\/offre-emploi\/responsable-administratif-et-financier-h-f-10\/\">source<\/a><\/p>\n<!--CusAds0-->\n<div style=\"font-size: 0px; height: 0px; line-height: 0px; margin: 0; padding: 0; clear: both;\"><\/div>","protected":false},"excerpt":{"rendered":"<p>The translation is produced by a computer. It may not be fully accurate.Vous cherchez un emploi ? C&rsquo;est ici !DESCRIPTION DE L\u2019ASSOCIATION Cr\u00e9e en 1989 le Groupement des Educateurs sans Fronti\u00e8res (GREF) est une association (loi 1901) nationale avec la particularit\u00e9 d\u2019une vie associative qui se d\u00e9cline dans le cadre de 15 D\u00e9l\u00e9gations R\u00e9gionales. Compos\u00e9 [&hellip;]<\/p>\n","protected":false},"author":1,"featured_media":0,"comment_status":"open","ping_status":"open","sticky":false,"template":"","format":"standard","meta":{"googlesitekit_rrm_CAow1sXXCw:productID":"","_jetpack_memberships_contains_paid_content":false,"footnotes":"","jetpack_publicize_message":"","jetpack_publicize_feature_enabled":true,"jetpack_social_post_already_shared":false,"jetpack_social_options":{"image_generator_settings":{"template":"highway","default_image_id":0,"font":"","enabled":false},"version":2}},"categories":[1],"tags":[],"class_list":["post-3136","post","type-post","status-publish","format-standard","hentry","category-non-classe"],"jetpack_publicize_connections":[],"jetpack_featured_media_url":"","jetpack_sharing_enabled":true,"_links":{"self":[{"href":"https:\/\/monblogeur.tech\/index.php\/wp-json\/wp\/v2\/posts\/3136","targetHints":{"allow":["GET"]}}],"collection":[{"href":"https:\/\/monblogeur.tech\/index.php\/wp-json\/wp\/v2\/posts"}],"about":[{"href":"https:\/\/monblogeur.tech\/index.php\/wp-json\/wp\/v2\/types\/post"}],"author":[{"embeddable":true,"href":"https:\/\/monblogeur.tech\/index.php\/wp-json\/wp\/v2\/users\/1"}],"replies":[{"embeddable":true,"href":"https:\/\/monblogeur.tech\/index.php\/wp-json\/wp\/v2\/comments?post=3136"}],"version-history":[{"count":0,"href":"https:\/\/monblogeur.tech\/index.php\/wp-json\/wp\/v2\/posts\/3136\/revisions"}],"wp:attachment":[{"href":"https:\/\/monblogeur.tech\/index.php\/wp-json\/wp\/v2\/media?parent=3136"}],"wp:term":[{"taxonomy":"category","embeddable":true,"href":"https:\/\/monblogeur.tech\/index.php\/wp-json\/wp\/v2\/categories?post=3136"},{"taxonomy":"post_tag","embeddable":true,"href":"https:\/\/monblogeur.tech\/index.php\/wp-json\/wp\/v2\/tags?post=3136"}],"curies":[{"name":"wp","href":"https:\/\/api.w.org\/{rel}","templated":true}]}}