{"id":3249,"date":"2022-02-01T02:05:49","date_gmt":"2022-02-01T01:05:49","guid":{"rendered":"https:\/\/monblogeur.tech\/index.php\/2022\/02\/01\/club-du-droit-second-tour-de-la-presidentielle-quelle-analyse-juridique-des-programmes-formation-et-apprentissage-centre-inffo\/"},"modified":"2022-02-01T02:05:49","modified_gmt":"2022-02-01T01:05:49","slug":"club-du-droit-second-tour-de-la-presidentielle-quelle-analyse-juridique-des-programmes-formation-et-apprentissage-centre-inffo","status":"publish","type":"post","link":"https:\/\/monblogeur.tech\/index.php\/2022\/02\/01\/club-du-droit-second-tour-de-la-presidentielle-quelle-analyse-juridique-des-programmes-formation-et-apprentissage-centre-inffo\/","title":{"rendered":"[Club du droit] Second tour de la pr\u00e9sidentielle : quelle analyse juridique des programmes formation et apprentissage ? &#8211; Centre Inffo"},"content":{"rendered":"<div class=\"cfbc967f0983488262956e73eca9483a\" data-index=\"1\" style=\"float: none; margin:10px 0 10px 0; text-align:center;\">\n<script async src=\"https:\/\/pagead2.googlesyndication.com\/pagead\/js\/adsbygoogle.js?client=ca-pub-3859091246952232\" crossorigin=\"anonymous\"><\/script>\r\n<!-- blok -->\r\n<ins class=\"adsbygoogle\" data-ad-client=\"ca-pub-3859091246952232\" data-ad-slot=\"1334354390\"><\/ins>\r\n<script>\r\n     (adsbygoogle = window.adsbygoogle || []).push({});\r\n<\/script>\r\n\n<\/div>\n<p>1er Club du droit de l&rsquo;ann\u00e9e afin d\u2019analyser les programmes en mati\u00e8re de formation et d\u2019apprentissage des finalistes de l\u2019\u00e9lection pr\u00e9sidentielle.<br \/> Rendez-vous le 14 avril 2022.<br \/>Par <a href=\"https:\/\/www.centre-inffo.fr\/author\/valerie\" title=\"Articles par Centre Inffo\" rel=\"author\">Centre Inffo<\/a> &#8211; Le 19 janvier 2022.<br \/>Programm\u00e9 entre les deux tours de l\u2019\u00e9lection pr\u00e9sidentielle, ce premier rendez de l\u2019ann\u00e9e a pour objet d\u2019analyser sur le plan juridique les programmes en mati\u00e8re de formation et d\u2019apprentissage des deux finalistes de l\u2019\u00e9lection pr\u00e9sidentielle.<br \/><a href='https:\/\/boutique.centre-inffo.fr\/evenement\/club-du-droit-second-tour-de-la-presidentielle%e2%80%af-quelle-analyse-juridique-des-programmes-formation-et-apprentissage%e2%80%af\/' class='arconix-button arconix-button-medium arconix-button-yellow'>Inscription en ligne<\/a>\u00a0 <a href='https:\/\/www.centre-inffo.fr\/content\/uploads\/2022\/01\/club-droit-de-la-formation-2022-sans-assistance-juridique.pdf' class='arconix-button arconix-button-medium arconix-button-blue'>T\u00e9l\u00e9charger le programme<\/a><br \/><b>Fouzi Fethi, <\/b>Responsable du p\u00f4le droit et politiques formation<br \/><b>Aur\u00e9lie Nedjar, <\/b>Juriste-Expert droit et politiques formation<br \/><b>Val\u00e9rie Michelet,\u00a0<\/b>Juriste-Expert droit et politiques formation<br \/><span class=\"s1\"><b>Avec la participation <\/b><\/span>de repr\u00e9sentants des acteurs institutionnels ou politiques de la formation professionnelle<br \/><strong>Un rendez-vous du \u00ab\u00a0<em>Club du droit de la formation\u00a0\u00bb<\/em>, c\u2019est&#8230;<\/strong><br \/>  Pour plus de flexibilit\u00e9 et pour r\u00e9pondre \u00e0 vos besoins&#8230; <br \/>  \t<a class=\"btn-ci-small\" href=\"\/produits-et-services\/notre-offre-de-formation\">Programmes et inscriptions<\/a>  <br \/>Inclus : un focus sur la reconversion professionnelle <\/p>\n<p>  \t  <img decoding=\"async\" src=\"\/content\/uploads\/2021\/10\/pave-barometre-ef-2021.jpg\" style=\"max-width: 100%;margin-bottom: 10px\" alt=\"\" \/>        \t<a class=\"btn-ci-small-blue\" href=\"https:\/\/www.centre-inffo.fr\/site-centre-inffo\/actualites-centre-inffo\/2e-edition-du-barometre-de-la-formation-et-de-lemploi-2021?utm_medium=site\">En savoir plus<\/a>  <br \/>  D\u00e9couvrez nos derniers produits pour rester inform\u00e9&#8230;<br \/>  \t<a class=\"btn-ci-small-blue\" href=\"\/produits-et-services\/nouveautes\">Voir les nouveaut\u00e9s<\/a>  <br \/>  <a href=\"https:\/\/www.cegos.fr\/formations\/les-nouveautes?utm_source=centre-inffo.fr&amp;utm_medium=cpc&amp;utm_campaign=%5BNouveautes%202022%5D%5Binter%5D&amp;utm_term=%5BRF%5D&amp;utm_content=%5Bbanniere%5D\"><img decoding=\"async\" src=\"\/content\/uploads\/2022\/01\/nouvelles-formations-centreinffo-370x370-v2.png\" alt=\"Cegos\" style=\"max-width:100%;border: 1px solid #eee\" \/><\/a><br \/>Ne manquez aucune information<br \/>Suivez-nous<\/p>\n<p><a href=\"https:\/\/www.centre-inffo.fr\/evenements\/club-du-droit-second-tour-de-la-presidentielle%E2%80%AF-quelle-analyse-juridique-des-programmes-formation-et-apprentissage%E2%80%AF\">source<\/a><\/p>\n<!--CusAds0-->\n<div style=\"font-size: 0px; height: 0px; line-height: 0px; margin: 0; padding: 0; clear: both;\"><\/div>","protected":false},"excerpt":{"rendered":"<p>1er Club du droit de l&rsquo;ann\u00e9e afin d\u2019analyser les programmes en mati\u00e8re de formation et d\u2019apprentissage des finalistes de l\u2019\u00e9lection pr\u00e9sidentielle. Rendez-vous le 14 avril 2022.Par Centre Inffo &#8211; Le 19 janvier 2022.Programm\u00e9 entre les deux tours de l\u2019\u00e9lection pr\u00e9sidentielle, ce premier rendez de l\u2019ann\u00e9e a pour objet d\u2019analyser sur le plan juridique les programmes [&hellip;]<\/p>\n","protected":false},"author":1,"featured_media":0,"comment_status":"open","ping_status":"open","sticky":false,"template":"","format":"standard","meta":{"googlesitekit_rrm_CAow1sXXCw:productID":"","_jetpack_memberships_contains_paid_content":false,"footnotes":"","jetpack_publicize_message":"","jetpack_publicize_feature_enabled":true,"jetpack_social_post_already_shared":false,"jetpack_social_options":{"image_generator_settings":{"template":"highway","default_image_id":0,"font":"","enabled":false},"version":2}},"categories":[1],"tags":[],"class_list":["post-3249","post","type-post","status-publish","format-standard","hentry","category-non-classe"],"jetpack_publicize_connections":[],"jetpack_featured_media_url":"","jetpack_sharing_enabled":true,"_links":{"self":[{"href":"https:\/\/monblogeur.tech\/index.php\/wp-json\/wp\/v2\/posts\/3249","targetHints":{"allow":["GET"]}}],"collection":[{"href":"https:\/\/monblogeur.tech\/index.php\/wp-json\/wp\/v2\/posts"}],"about":[{"href":"https:\/\/monblogeur.tech\/index.php\/wp-json\/wp\/v2\/types\/post"}],"author":[{"embeddable":true,"href":"https:\/\/monblogeur.tech\/index.php\/wp-json\/wp\/v2\/users\/1"}],"replies":[{"embeddable":true,"href":"https:\/\/monblogeur.tech\/index.php\/wp-json\/wp\/v2\/comments?post=3249"}],"version-history":[{"count":0,"href":"https:\/\/monblogeur.tech\/index.php\/wp-json\/wp\/v2\/posts\/3249\/revisions"}],"wp:attachment":[{"href":"https:\/\/monblogeur.tech\/index.php\/wp-json\/wp\/v2\/media?parent=3249"}],"wp:term":[{"taxonomy":"category","embeddable":true,"href":"https:\/\/monblogeur.tech\/index.php\/wp-json\/wp\/v2\/categories?post=3249"},{"taxonomy":"post_tag","embeddable":true,"href":"https:\/\/monblogeur.tech\/index.php\/wp-json\/wp\/v2\/tags?post=3249"}],"curies":[{"name":"wp","href":"https:\/\/api.w.org\/{rel}","templated":true}]}}