{"id":3326,"date":"2022-02-01T18:39:01","date_gmt":"2022-02-01T17:39:01","guid":{"rendered":"https:\/\/monblogeur.tech\/index.php\/2022\/02\/01\/formation-brest-business-school-monte-en-grade-bretagne-economique\/"},"modified":"2022-02-01T18:39:01","modified_gmt":"2022-02-01T17:39:01","slug":"formation-brest-business-school-monte-en-grade-bretagne-economique","status":"publish","type":"post","link":"https:\/\/monblogeur.tech\/index.php\/2022\/02\/01\/formation-brest-business-school-monte-en-grade-bretagne-economique\/","title":{"rendered":"Formation. Brest Business School monte en grade &#8211; Bretagne Economique"},"content":{"rendered":"<div class=\"cfbc967f0983488262956e73eca9483a\" data-index=\"1\" style=\"float: none; margin:10px 0 10px 0; text-align:center;\">\n<script async src=\"https:\/\/pagead2.googlesyndication.com\/pagead\/js\/adsbygoogle.js?client=ca-pub-3859091246952232\" crossorigin=\"anonymous\"><\/script>\r\n<!-- blok -->\r\n<ins class=\"adsbygoogle\" data-ad-client=\"ca-pub-3859091246952232\" data-ad-slot=\"1334354390\"><\/ins>\r\n<script>\r\n     (adsbygoogle = window.adsbygoogle || []).push({});\r\n<\/script>\r\n\n<\/div>\n<p> \t\t\t\t\t\t<i class=\"fa fa-thumb-tack\" aria-hidden=\"true\"><\/i>                       ,\tle 26.01.2022\t\t\t\t\t<br \/>Le minist\u00e8re de l\u2019Enseignement Sup\u00e9rieur, de la Recherche et de l\u2019Innovation autorise l\u2019\u00e9cole de commerce et de management Brest Business School \u00e0 d\u00e9livrer le grade de licence pour son Bachelor in International Management. Le programme Grande \u00c9cole de l\u2019\u00e9tablissement obtient, lui,\u00a0le renouvellement de son grade de Master pour quatre ans, soit une ann\u00e9e de plus que lors du pr\u00e9c\u00e9dent renouvellement.<br \/>Pour l&rsquo;ann\u00e9e de ses 60 ans, c&rsquo;est une belle reconnaissance qui vient d&rsquo;\u00eatre attibu\u00e9e \u00e0 Brest Business School. <strong>L&rsquo;\u00e9cole de commerce et de management obtient\u00a0le grade de Licence pour son Bachelor in International Management.<\/strong><br \/>Depuis 2004, ce programme de management en trois ans est r\u00e9solument tourn\u00e9 vers l\u2019international. \u00ab\u00a0<em>D\u00e8s la premi\u00e8re ann\u00e9e, les \u00e9tudiants suivent un parcours d\u2019enseignement 100 % anglophone, et obtiennent un double-dipl\u00f4me gr\u00e2ce \u00e0 12 mois d\u2019\u00e9change universitaire chez un partenaire international. Sept\u00a0sp\u00e9cialit\u00e9s sont d\u00e9velopp\u00e9es en derni\u00e8re ann\u00e9e : management du sport, communication internationale, organisation internationale, g\u00e9opolitique, tourisme, marketing et logistique\u00a0\u00bb<\/em>, d\u00e9taille le communiqu\u00e9.<br \/>Poir Dai Shen, directeur g\u00e9n\u00e9ral de Brest Business School, \u00ab <em><strong>l\u2019obtention et le renouvellement du grade de Licence et de Master est une vraie reconnaissance du haut niveau de nos formations<\/strong>, et de leur compl\u00e8te adaptation aux besoins actuels du monde professionnel. Coupl\u00e9e \u00e0 l\u2019accr\u00e9ditation AACSB et au label 4DIGITAL obtenus en 2021, cette tr\u00e8s bonne nouvelle atteste de l\u2019efficacit\u00e9 des orientations strat\u00e9giques suivies par Brest Business School depuis maintenant 6 ans.<\/em> \u00bb<br \/><span style=\"color:#2F4F4F\"><strong>&gt;&gt;&gt; Lire aussi <\/strong><\/span>:<a href=\"https:\/\/www.bretagne-economique.com\/actualites\/formation-brest-business-school-mise-sur-lenseignement-distance\" target=\"_blank\" rel=\"noopener\">Brest Business School mise sur l&rsquo;enseignement \u00e0 distance<\/a><br \/>Le gaz est 6 fois plus cher\u00a0et l\u2019\u00e9lectricit\u00e9\u00a05 fois plus ch\u00e8re qu&rsquo;en 2020 !\u00a0Les prix \u00e9lev\u00e9s du gaz et de l&rsquo;\u00e9lectricit\u00e9 mettent l\u2019\u00e9conomie fran\u00e7aise en p\u00e9ril et impactent lourdement la rentabilit\u00e9 de nombreuses entreprises.\u00a0<br \/>Pour en parler, la CCIMBO propose un webinaire anim\u00e9 par\u00a0 Arnaud Guihard, directeur d&rsquo;Orace et St\u00e9phane Sorin, du collectif Energie,<br \/>le mardi 1er f\u00e9vrier de 14h \u00e0 15h00.<br \/>Evenement gratuit, sur inscription\u00a0pr\u00e9alable<br \/>   Avec un taux de ch\u00f4mage de 7,2% enregistr\u00e9 en Bretagne au premier trimestre 2019 (1,2 points en dessous de la moyenne nationale), trouver de la ressource qualifi\u00e9e est devenu&#8230;<br \/><i class=\"fa fa-thumb-tack\" aria-hidden=\"true\"><\/i> Le 18.10.2019<br \/>   Pas besoin d&rsquo;\u00eatre une importante PME pour exporter son savoir-faire hors les fronti\u00e8res. A Brest, le couple form\u00e9 par Eric Nion et Katerina Shuvaloff mise sur les nouvelles&#8230;<br \/><i class=\"fa fa-thumb-tack\" aria-hidden=\"true\"><\/i> Le 11.09.2019<br \/>   Le projet ivoirien de Plateforme num\u00e9rique de d\u00e9veloppement et de promotion de l\u2019artisanat (PNDPA) va voir le jour avec le concours du consortium conduit par Weidong Cloud&#8230;<br \/><i class=\"fa fa-thumb-tack\" aria-hidden=\"true\"><\/i> Le 05.07.2019<br \/>   CESI et Sup\u2019Ifac, le centre de formation sup\u00e9rieures par alternance de la CCI m\u00e9tropolitaine Bretagne ouest (CCIMBO) s&rsquo;associent pour ouvrir un cursus de formation&#8230;<br \/><i class=\"fa fa-thumb-tack\" aria-hidden=\"true\"><\/i> Le 07.01.2022<br \/>   Partenaires historiques des arm\u00e9es, l&rsquo;entreprise Arquus, leader fran\u00e7ais des v\u00e9hicules blind\u00e9s, et l\u2019\u00e9cole d\u2019ing\u00e9nieurs ENSTA Bretagne ont sign\u00e9 un accord de coop\u00e9ration dans&#8230;<br \/><i class=\"fa fa-thumb-tack\" aria-hidden=\"true\"><\/i> Le 22.12.2021<\/p>\n<p><a href=\"https:\/\/www.bretagne-economique.com\/actualites\/formation-brest-business-school-monte-en-grade\">source<\/a><\/p>\n<!--CusAds0-->\n<div style=\"font-size: 0px; height: 0px; line-height: 0px; margin: 0; padding: 0; clear: both;\"><\/div>","protected":false},"excerpt":{"rendered":"<p>, le 26.01.2022 Le minist\u00e8re de l\u2019Enseignement Sup\u00e9rieur, de la Recherche et de l\u2019Innovation autorise l\u2019\u00e9cole de commerce et de management Brest Business School \u00e0 d\u00e9livrer le grade de licence pour son Bachelor in International Management. Le programme Grande \u00c9cole de l\u2019\u00e9tablissement obtient, lui,\u00a0le renouvellement de son grade de Master pour quatre ans, soit une [&hellip;]<\/p>\n","protected":false},"author":1,"featured_media":0,"comment_status":"open","ping_status":"open","sticky":false,"template":"","format":"standard","meta":{"googlesitekit_rrm_CAow1sXXCw:productID":"","_jetpack_memberships_contains_paid_content":false,"footnotes":"","jetpack_publicize_message":"","jetpack_publicize_feature_enabled":true,"jetpack_social_post_already_shared":false,"jetpack_social_options":{"image_generator_settings":{"template":"highway","default_image_id":0,"font":"","enabled":false},"version":2}},"categories":[1],"tags":[],"class_list":["post-3326","post","type-post","status-publish","format-standard","hentry","category-non-classe"],"jetpack_publicize_connections":[],"jetpack_featured_media_url":"","jetpack_sharing_enabled":true,"_links":{"self":[{"href":"https:\/\/monblogeur.tech\/index.php\/wp-json\/wp\/v2\/posts\/3326","targetHints":{"allow":["GET"]}}],"collection":[{"href":"https:\/\/monblogeur.tech\/index.php\/wp-json\/wp\/v2\/posts"}],"about":[{"href":"https:\/\/monblogeur.tech\/index.php\/wp-json\/wp\/v2\/types\/post"}],"author":[{"embeddable":true,"href":"https:\/\/monblogeur.tech\/index.php\/wp-json\/wp\/v2\/users\/1"}],"replies":[{"embeddable":true,"href":"https:\/\/monblogeur.tech\/index.php\/wp-json\/wp\/v2\/comments?post=3326"}],"version-history":[{"count":0,"href":"https:\/\/monblogeur.tech\/index.php\/wp-json\/wp\/v2\/posts\/3326\/revisions"}],"wp:attachment":[{"href":"https:\/\/monblogeur.tech\/index.php\/wp-json\/wp\/v2\/media?parent=3326"}],"wp:term":[{"taxonomy":"category","embeddable":true,"href":"https:\/\/monblogeur.tech\/index.php\/wp-json\/wp\/v2\/categories?post=3326"},{"taxonomy":"post_tag","embeddable":true,"href":"https:\/\/monblogeur.tech\/index.php\/wp-json\/wp\/v2\/tags?post=3326"}],"curies":[{"name":"wp","href":"https:\/\/api.w.org\/{rel}","templated":true}]}}