{"id":3463,"date":"2022-02-03T04:15:13","date_gmt":"2022-02-03T03:15:13","guid":{"rendered":"https:\/\/monblogeur.tech\/index.php\/2022\/02\/03\/aubin-la-section-maconnerie-est-menacee-au-lycee-des-metiers-du-bois-et-de-lhabitat-centre-presse-aveyron\/"},"modified":"2022-02-03T04:15:13","modified_gmt":"2022-02-03T03:15:13","slug":"aubin-la-section-maconnerie-est-menacee-au-lycee-des-metiers-du-bois-et-de-lhabitat-centre-presse-aveyron","status":"publish","type":"post","link":"https:\/\/monblogeur.tech\/index.php\/2022\/02\/03\/aubin-la-section-maconnerie-est-menacee-au-lycee-des-metiers-du-bois-et-de-lhabitat-centre-presse-aveyron\/","title":{"rendered":"Aubin : la section &quot;ma\u00e7onnerie&quot; est menac\u00e9e au lyc\u00e9e des m\u00e9tiers du bois et de l&#039;habitat &#8211; Centre Presse Aveyron"},"content":{"rendered":"<div class=\"cfbc967f0983488262956e73eca9483a\" data-index=\"1\" style=\"float: none; margin:10px 0 10px 0; text-align:center;\">\n<script async src=\"https:\/\/pagead2.googlesyndication.com\/pagead\/js\/adsbygoogle.js?client=ca-pub-3859091246952232\" crossorigin=\"anonymous\"><\/script>\r\n<!-- blok -->\r\n<ins class=\"adsbygoogle\" data-ad-client=\"ca-pub-3859091246952232\" data-ad-slot=\"1334354390\"><\/ins>\r\n<script>\r\n     (adsbygoogle = window.adsbygoogle || []).push({});\r\n<\/script>\r\n\n<\/div>\n<p>                                                                 La section est menac\u00e9e de fermeture d\u00e8s la rentr\u00e9e prochaine. La communaut\u00e9 de communes est tr\u00e8s en col\u00e8re.<br \/> &nbsp;                             <br \/>V<span class=\"txt-cit\">eut-on tuer le lyc\u00e9e des M\u00e9tiers du Bois et de l&rsquo;Habitat d&rsquo;Aubin (Lep)&quot;<\/span> ?, s&rsquo;interrogeaient mardi matin les enseignants de ce lyc\u00e9e lors d&rsquo;une action de d\u00e9brayage apr\u00e8s avoir appris la d\u00e9cision unilat\u00e9rale de fermer d\u00e8s la rentr\u00e9e 2022 la fili\u00e8re ma\u00e7onnerie (ORGO).<br \/>Sachant qu&rsquo;en amont, d&rsquo;autres fermetures de sections sans ouvertures compensatrices se sont produites.<br \/><span class=\"txt-cit\">&quot;Fermer la Premi\u00e8re &quot;gros \u0153uvre&quot; ne permet pas aux actuels \u00e9l\u00e8ves de Seconde qui veulent continuer, de poursuivre dans cette voie. Pourtant les gros investissements r\u00e9alis\u00e9s par la R\u00e9gion Occitanie au cours des 10 derni\u00e8res ann\u00e9es, permettent aux \u00e9l\u00e8ves de b\u00e9n\u00e9ficier de conditions de travail tr\u00e8s confortables. Cette d\u00e9cision nous a sid\u00e9r\u00e9s. Elle est uniquement motiv\u00e9e par une logique comptable et elle va \u00e0 l&rsquo;encontre de la promotion de la formation professionnelle et \u00e0 l&rsquo;am\u00e9nagement du territoire&quot;,<\/span> indiquent les manifestants.<br \/>Et de poursuivre :<span class=\"txt-cit\"> &quot;70 % des \u00e9l\u00e8ves rentr\u00e9s en seconde &lsquo;&rsquo;famille des m\u00e9tiers Construction Durable du B\u00e2timent et des Travaux Publics&rsquo;&rsquo;sont venus pour \u00eatre ma\u00e7on. Imaginez leur d\u00e9sarroi et celui de leurs familles, notamment sur le plan financier. Les dommages collat\u00e9raux sont multiples : perte d&rsquo;un poste enseignant, fragilisation de plusieurs autres. La FFBTP12, qui nous soutient souligne que cette fermeture privera les entreprises locales du seul lieu de formation en ma\u00e7onnerie du d\u00e9partement et du nord de l&rsquo;Acad\u00e9mie&quot;<\/span>.<br \/>Selon les manifestants, la faiblesse de recrutement est \u00e0 l&rsquo;origine de ce jeu comptable qui peut s&rsquo;expliquer par la r\u00e9forme du Bac pro. En effet, <span class=\"txt-cit\">&quot;La cr\u00e9ation des familles de m\u00e9tiers, regroupant 6 m\u00e9tiers du b\u00e2timent, limite la capacit\u00e9 de remplissage de nos fili\u00e8res. Une classe de seconde \u00e0 15 \u00e9l\u00e8ves ne peut fournir l&rsquo;effectif suffisant pour 6 classes&quot;. <\/span>\u00c0 cela, il convient aussi d&rsquo;ajouter la crise sanitaire qui n&rsquo;a pas favoris\u00e9 le recrutement. Et pour cause les visites aupr\u00e8s des coll\u00e8ges et les Journ\u00e9es portes ouvertes ont \u00e9t\u00e9 supprim\u00e9es.<br \/><span class=\"txt-cit\">&quot;C&rsquo;est pourquoi vu tous ces param\u00e8tres, nous demandons le maintien de la fili\u00e8re ORGO en formation initiale sur le plateau technique du lyc\u00e9e des m\u00e9tiers d&rsquo;Aubin, et l&rsquo;ouverture de nouvelles formations afin de compl\u00e9ter le p\u00f4le d&rsquo;excellence du futur campus des m\u00e9tiers en cours de cr\u00e9ation&quot;,<\/span> mart\u00e8lent les enseignants.<br \/>Aux c\u00f4t\u00e9s des enseignants et \u00e9l\u00e8ves concern\u00e9s par cette fermeture de section, Laurent Alexandre, maire d&rsquo;Aubin et vice pr\u00e9sident de Decazeville Communaut\u00e9 ainsi que Pascal Mazet, conseiller r\u00e9gional participaient \u00e0 ce mouvement de contestation. Pascal Mazet rappelant que &laquo; le lyc\u00e9e est sous la gestion de la R\u00e9gion. Sa pr\u00e9sidente Carole Delgat ainsi que son vice-pr\u00e9sident en charge de l&rsquo;\u00e9ducation Kamel Chibli, sont inform\u00e9s de la situation et ont \u00e9tabli des contacts avec le rectorat de Toulouse pour d\u00e9noncer cette d\u00e9cision de fermeture. Je suis totalement solidaire de cette action et du mouvement engag\u00e9 par les enseignants du lyc\u00e9e, car cette fili\u00e8re sous tension est en recherche constante de salari\u00e9s. L&rsquo;\u00c9tat et l&rsquo;Education Nationale doivent maintenir et d\u00e9velopper cette section ma\u00e7onnerie &raquo;. Pour Laurent Alexandre maire d&rsquo;Aubin et vice-pr\u00e9sident de Decazeville Communaut\u00e9 &laquo; Cette d\u00e9cision unilat\u00e9rale de fermeture de cette section ma\u00e7onnerie fragilise l&rsquo;attractivit\u00e9 du Lyc\u00e9e, et par cons\u00e9quent de la ville d&rsquo;Aubin et du territoire inter-communautaire. Donc c&rsquo;est \u00e0 double titre que je m&rsquo;insurge et d\u00e9nonce cette d\u00e9cision de fermeture qui est pr\u00e9judiciable \u00e0 l&rsquo;attractivit\u00e9 de notre territoire &raquo;.<\/p>\n<p> &nbsp;<br \/>511 &euro;<br \/>Un hall d&#039;entr\u00e9e (avec un d\u00e9gagement), une pi\u00e8ce principale, une cuisine (a[&#8230;]<br \/>19000 &euro;<br \/>Decazeville, proche du centre, venez d\u00e9couvrir ce terrain sur les hauteurs [&#8230;]<br \/>101650 &euro;<br \/>DECAZEVILLE &#8211; Immeuble d&#039;habitation avec 2 appartements duplex de 65 m\u00b2, pr[&#8230;]<br \/>J&rsquo;ai d\u00e9j\u00e0 un compte<br \/>Je n&rsquo;ai pas de compte<br \/>Souhaitez-vous recevoir une notification lors de la r\u00e9ponse d\u2019un(e) internaute \u00e0 votre commentaire ?<\/p>\n<p><a href=\"https:\/\/www.centrepresseaveyron.fr\/2022\/02\/01\/aubin-la-section-maconnerie-est-menacee-au-lycee-des-metiers-du-bois-et-de-lhabitat-10082598.php\">source<\/a><\/p>\n<!--CusAds0-->\n<div style=\"font-size: 0px; height: 0px; line-height: 0px; margin: 0; padding: 0; clear: both;\"><\/div>","protected":false},"excerpt":{"rendered":"<p>La section est menac\u00e9e de fermeture d\u00e8s la rentr\u00e9e prochaine. La communaut\u00e9 de communes est tr\u00e8s en col\u00e8re. &nbsp; Veut-on tuer le lyc\u00e9e des M\u00e9tiers du Bois et de l&rsquo;Habitat d&rsquo;Aubin (Lep)&quot; ?, s&rsquo;interrogeaient mardi matin les enseignants de ce lyc\u00e9e lors d&rsquo;une action de d\u00e9brayage apr\u00e8s avoir appris la d\u00e9cision unilat\u00e9rale de fermer d\u00e8s [&hellip;]<\/p>\n","protected":false},"author":1,"featured_media":0,"comment_status":"open","ping_status":"open","sticky":false,"template":"","format":"standard","meta":{"googlesitekit_rrm_CAow1sXXCw:productID":"","_jetpack_memberships_contains_paid_content":false,"footnotes":"","jetpack_publicize_message":"","jetpack_publicize_feature_enabled":true,"jetpack_social_post_already_shared":false,"jetpack_social_options":{"image_generator_settings":{"template":"highway","default_image_id":0,"font":"","enabled":false},"version":2}},"categories":[1],"tags":[],"class_list":["post-3463","post","type-post","status-publish","format-standard","hentry","category-non-classe"],"jetpack_publicize_connections":[],"jetpack_featured_media_url":"","jetpack_sharing_enabled":true,"_links":{"self":[{"href":"https:\/\/monblogeur.tech\/index.php\/wp-json\/wp\/v2\/posts\/3463","targetHints":{"allow":["GET"]}}],"collection":[{"href":"https:\/\/monblogeur.tech\/index.php\/wp-json\/wp\/v2\/posts"}],"about":[{"href":"https:\/\/monblogeur.tech\/index.php\/wp-json\/wp\/v2\/types\/post"}],"author":[{"embeddable":true,"href":"https:\/\/monblogeur.tech\/index.php\/wp-json\/wp\/v2\/users\/1"}],"replies":[{"embeddable":true,"href":"https:\/\/monblogeur.tech\/index.php\/wp-json\/wp\/v2\/comments?post=3463"}],"version-history":[{"count":0,"href":"https:\/\/monblogeur.tech\/index.php\/wp-json\/wp\/v2\/posts\/3463\/revisions"}],"wp:attachment":[{"href":"https:\/\/monblogeur.tech\/index.php\/wp-json\/wp\/v2\/media?parent=3463"}],"wp:term":[{"taxonomy":"category","embeddable":true,"href":"https:\/\/monblogeur.tech\/index.php\/wp-json\/wp\/v2\/categories?post=3463"},{"taxonomy":"post_tag","embeddable":true,"href":"https:\/\/monblogeur.tech\/index.php\/wp-json\/wp\/v2\/tags?post=3463"}],"curies":[{"name":"wp","href":"https:\/\/api.w.org\/{rel}","templated":true}]}}