{"id":3487,"date":"2022-02-03T09:28:42","date_gmt":"2022-02-03T08:28:42","guid":{"rendered":"https:\/\/monblogeur.tech\/index.php\/2022\/02\/03\/les-epreuves-de-specialite-du-bac-sont-reportees-en-mai-2022-actualites-service-public-fr\/"},"modified":"2022-02-03T09:28:42","modified_gmt":"2022-02-03T08:28:42","slug":"les-epreuves-de-specialite-du-bac-sont-reportees-en-mai-2022-actualites-service-public-fr","status":"publish","type":"post","link":"https:\/\/monblogeur.tech\/index.php\/2022\/02\/03\/les-epreuves-de-specialite-du-bac-sont-reportees-en-mai-2022-actualites-service-public-fr\/","title":{"rendered":"Les \u00e9preuves de sp\u00e9cialit\u00e9 du Bac sont report\u00e9es en mai 2022 &#8211; Actualit\u00e9s service-public.fr"},"content":{"rendered":"<div class=\"cfbc967f0983488262956e73eca9483a\" data-index=\"1\" style=\"float: none; margin:10px 0 10px 0; text-align:center;\">\n<script async src=\"https:\/\/pagead2.googlesyndication.com\/pagead\/js\/adsbygoogle.js?client=ca-pub-3859091246952232\" crossorigin=\"anonymous\"><\/script>\r\n<!-- blok -->\r\n<ins class=\"adsbygoogle\" data-ad-client=\"ca-pub-3859091246952232\" data-ad-slot=\"1334354390\"><\/ins>\r\n<script>\r\n     (adsbygoogle = window.adsbygoogle || []).push({});\r\n<\/script>\r\n\n<\/div>\n<p>Javascript est d\u00e9sactiv\u00e9 dans votre navigateur. Vous ne pourrez pas avoir acc\u00e8s aux     fonctionnalit\u00e9s de modification ou de suppression des informations et documents de votre compte.<br \/>Cr\u00e9er un espace association<br \/>Les champs marqu\u00e9s d\u2019un <span class=\"symbol-required\">* <\/span>sont obligatoires.<br \/><strong>Des erreurs sont pr\u00e9sentes dans le formulaire<\/strong><br \/><label id=\"associationNameLabel\" for=\"associationName\"><span class=\"symbol-required\">* <\/span> Quel est le nom de votre association&nbsp;?               <span class=\"hidden\" data-rv-fielderror=\"fieldErrors.errorMap.associationName\"><\/span><\/label><br \/><button class=\"btn btn-link btn-close\" data-toggle=\"collapse\" data-target=\"#account-access-disable\" title=\"Fermer la fen\u00eatre de connexion \u00e0 Mon compte\">Fermer<\/button><br \/>L\u2019acc\u00e8s au compte est temporairement d\u00e9sactiv\u00e9 pour maintenance.<br \/>Veuillez nous excuser pour ce d\u00e9sagrement. Essayez ult\u00e9rieurement.<br \/><button id=\"nav-close-btn\" class=\"btn btn-close\" type=\"button\" title=\"Fermer le menu Particuliers\">         Fermer       <\/button><br \/><a href=\"https:\/\/www.service-public.fr\/\">Particuliers<\/a><br \/>\u00c9pid\u00e9mie Coronavirus (Covid-19), tout ce qu&#039;il faut savoir :&nbsp;<a href=\"https:\/\/www.service-public.fr\/particuliers\/actualites\/A13995\" title=\"lire l&#039;actualit\u00e9\" data-test=\"bloc-crise-lien\">lire l&#039;actualit\u00e9<\/a><br \/><button title=\"Fermer le menu du th\u00e8me Papiers - Citoyennet\u00e9\" class=\"btn-close\" type=\"button\" data-target=\"#nav-main-N19810\">         Fermer       <\/button><br \/>\u00c9tat civil<br \/>Identit\u00e9 &#8211; Authentification<br \/>Citoyennet\u00e9<br \/>Relations avec l\u2019administration<br \/>Fichiers et protection de la vie priv\u00e9e<br \/>       Voir aussi&nbsp;:     <br \/><a href=\"https:\/\/www.service-public.fr\/particuliers\/vosdroits\/N19810\">Afficher le th\u00e8me Papiers &#8211; Citoyennet\u00e9<\/a><br \/><button title=\"Fermer le menu du th\u00e8me Famille\" class=\"btn-close\" type=\"button\" data-target=\"#nav-main-N19805\">         Fermer       <\/button><br \/>Couple<br \/>Enfant<br \/>Scolarit\u00e9<br \/>\u00c9tudes sup\u00e9rieures<br \/>Protection des personnes<br \/>D\u00e9c\u00e8s<br \/>Succession<br \/><a href=\"https:\/\/www.service-public.fr\/particuliers\/vosdroits\/N19805\">Afficher le th\u00e8me Famille<\/a><br \/><button title=\"Fermer le menu du th\u00e8me Social - Sant\u00e9\" class=\"btn-close\" type=\"button\" data-target=\"#nav-main-N19811\">         Fermer       <\/button><br \/>Aides sociales<br \/>Ch\u00f4mage<br \/>S\u00e9curit\u00e9 sociale<br \/>Droits des patients<br \/>Sant\u00e9<br \/>Handicap<br \/>H\u00e9bergement<br \/>       Voir aussi&nbsp;:     <br \/><a href=\"https:\/\/www.service-public.fr\/particuliers\/vosdroits\/N19811\">Afficher le th\u00e8me Social &#8211; Sant\u00e9<\/a><br \/><button title=\"Fermer le menu du th\u00e8me Travail\" class=\"btn-close\" type=\"button\" data-target=\"#nav-main-N19806\">         Fermer       <\/button><br \/>Recrutement<br \/>R\u00e9mun\u00e9ration<br \/>Contrats et carri\u00e8re<br \/>Cong\u00e9s<br \/>Formation<br \/>Sant\u00e9, s\u00e9curit\u00e9 et conditions de travail<br \/>Relations individuelles et collectives<br \/>Temps de travail<br \/>Quitter son emploi<br \/>Particulier employeur<br \/>Retraite<br \/>       Voir aussi&nbsp;:     <br \/><a href=\"https:\/\/www.service-public.fr\/particuliers\/vosdroits\/N19806\">Afficher le th\u00e8me Travail<\/a><br \/><button title=\"Fermer le menu du th\u00e8me Logement\" class=\"btn-close\" type=\"button\" data-target=\"#nav-main-N19808\">         Fermer       <\/button><br \/>Achat immobilier<br \/>Aides financi\u00e8res<br \/>Location immobili\u00e8re<br \/>Expropriation &#8211; Pr\u00e9emption<br \/>Protection et s\u00e9curit\u00e9 de l\u2019habitat<br \/>Urbanisme<br \/>Copropri\u00e9t\u00e9<br \/>Vie pratique dans un logement<br \/>       Voir aussi&nbsp;:     <br \/><a href=\"https:\/\/www.service-public.fr\/particuliers\/vosdroits\/N19808\">Afficher le th\u00e8me Logement<\/a><br \/><button title=\"Fermer le menu du th\u00e8me Transports\" class=\"btn-close\" type=\"button\" data-target=\"#nav-main-N19812\">         Fermer       <\/button><br \/>       Voir aussi&nbsp;:     <br \/><a href=\"https:\/\/www.service-public.fr\/particuliers\/vosdroits\/N19812\">Afficher le th\u00e8me Transports<\/a><br \/><button title=\"Fermer le menu du th\u00e8me Argent\" class=\"btn-close\" type=\"button\" data-target=\"#nav-main-N19803\">         Fermer       <\/button><br \/>Assurance<br \/>Banque<br \/>Consommation<br \/>Cr\u00e9dit et surendettement<br \/>\u00c9pargne<br \/>Imp\u00f4ts, taxes et douane<br \/>       Voir aussi&nbsp;:     <br \/><a href=\"https:\/\/www.service-public.fr\/particuliers\/vosdroits\/N19803\">Afficher le th\u00e8me Argent<\/a><br \/><button title=\"Fermer le menu du th\u00e8me Justice\" class=\"btn-close\" type=\"button\" data-target=\"#nav-main-N19807\">         Fermer       <\/button><br \/>Organisation de la justice<br \/>Proc\u00e9dures judiciaires<br \/>Infractions<br \/>Sanctions p\u00e9nales<br \/>R\u00e9paration du pr\u00e9judice<br \/>Justice des mineurs<br \/>       Voir aussi&nbsp;:     <br \/><a href=\"https:\/\/www.service-public.fr\/particuliers\/vosdroits\/N19807\">Afficher le th\u00e8me Justice<\/a><br \/><button title=\"Fermer le menu du th\u00e8me \u00c9tranger\" class=\"btn-close\" type=\"button\" data-target=\"#nav-main-N19804\">         Fermer       <\/button><br \/>\u00c9tranger en France<br \/>Fran\u00e7ais \u00e0 l\u2019\u00e9tranger<br \/><a href=\"https:\/\/www.service-public.fr\/particuliers\/vosdroits\/N19804\">Afficher le th\u00e8me \u00c9tranger<\/a><br \/><button title=\"Fermer le menu du th\u00e8me Loisirs\" class=\"btn-close\" type=\"button\" data-target=\"#nav-main-N19809\">         Fermer       <\/button><br \/>Chasse et p\u00eache<br \/>Temps libre<br \/>Vacances<br \/>       Voir aussi&nbsp;:     <br \/><a href=\"https:\/\/www.service-public.fr\/particuliers\/vosdroits\/N19809\">Afficher le th\u00e8me Loisirs<\/a><br \/><button class=\"btn-link see-breadcrumb\" type=\"button\">Voir le fil d&#039;ariane<\/button><br \/><span><a href=\"https:\/\/www.service-public.fr\/particuliers\">Accueil Particuliers<\/a><\/span><span class=\"breadcrumb-separator\">&nbsp;&gt;<\/span><span><a href=\"https:\/\/www.service-public.fr\/particuliers\/actualites\">Actualit\u00e9s<\/a><span class=\"breadcrumb-separator\">&nbsp;&gt;<\/span><\/span><strong class=\"active\">Les \u00e9preuves de sp\u00e9cialit\u00e9 du Bac sont report\u00e9es en mai 2022<\/strong><br \/>Pour vous abonner \u00e0 vos sujets d&rsquo;actualit\u00e9 pr\u00e9f\u00e9r\u00e9s,<strong> vous devez           activer votre espace personnel.<\/strong><br \/>Vous serez <strong>alert\u00e9(e) par courriel<\/strong> d\u00e8s qu&rsquo;un article sera publi\u00e9 par la r\u00e9daction.         <br \/><button type=\"submit\" class=\"btn btn-primary btn-part\" data-xiti-name=\"Particuliers::Actualite::Abonnement::activer_mon_espace_personnel\" data-xiti-type=\"action\">               ACTIVER MON ESPACE PERSONNEL             <\/button><br \/>Vous serez <strong>alert\u00e9(e) par courriel<\/strong> d\u00e8s qu&rsquo;un article sera publi\u00e9 par la r\u00e9daction sur&nbsp;:           <strong id=\"subscription_succeeded_sujet\"><\/strong><br \/>Vous pouvez choisir d&rsquo;autres sujets d&rsquo;actualit\u00e9 dans <a href=\"\/compte\/mes-alertes\">Mes alertes<\/a>.<br \/>Choisissez vos sujets d&rsquo;actualit\u00e9 pr\u00e9f\u00e9r\u00e9s dans <a href=\"\/compte\/mes-alertes\">Mes alertes<\/a>.<br \/><strong>Ce sujet vous int\u00e9resse&nbsp;?<\/strong><br \/>           Connectez-vous et recevez une           <strong>alerte par mail<\/strong>           d\u00e8s qu&rsquo;un article sera publi\u00e9 par la r\u00e9daction.         <br \/><a href=\"https:\/\/www.service-public.fr\/compte\/se-connecter?targetUrl=&amp;targetUrlAbonnement=\/particuliers\/actualites\/A15475\/abonnement\" class=\"btn btn-primary\" data-xiti-name=\"Particuliers::Actualite::Valider::Actualites_abonnement\" data-xiti-type=\"action\">Se connecter<\/a><br \/>Le lien vers cette page a \u00e9t\u00e9 envoy\u00e9 avec succ\u00e8s aux destinataires.<br \/>La s\u00e9lection d&#039;une langue d\u00e9clenchera automatiquement la traduction du contenu de la page.<br \/>Publi\u00e9 le 01 f\u00e9vrier 2022 &#8211; Direction de l&#039;information l\u00e9gale et administrative (Premier ministre)<br \/><img class=\"lozad img-desc img\" data-src=\"https:\/\/www.service-public.fr\/webapp\/images\/actu\/small\/I4195.jpg\" alt=\"Mains d&#039;un \u00e9tudiant sur sa copie d&#039;examen\" data-test-redimensionnable=\"true\" \/><br \/>Initialement programm\u00e9es mi-mars, les \u00e9preuves de sp\u00e9cialit\u00e9 du bac g\u00e9n\u00e9ral et technologique sont report\u00e9es du 11\u00a0au 13\u00a0mai\u00a02022, en raison des perturbations caus\u00e9es par la cinqui\u00e8me vague de l&rsquo;\u00e9pid\u00e9mie de Covid-19. Les \u00e9preuves orales du bac de fran\u00e7ais sont all\u00e9g\u00e9es et le calendrier de la formation professionnelle est am\u00e9nag\u00e9.<br \/>Le minist\u00e8re de l&rsquo;\u00c9ducation nationale a annonc\u00e9 le 28\u00a0janvier\u00a02022 le report des \u00e9preuves de sp\u00e9cialit\u00e9, en raison de la situation sanitaire actuelle, apr\u00e8s une concertation avec les syndicats des personnels et les repr\u00e9sentants de parents et d&rsquo;\u00e9l\u00e8ves.<br \/>Pr\u00e9vues les 14, 15 et 16\u00a0mars\u00a02022, les \u00e9preuves \u00e9crites de sp\u00e9cialit\u00e9 du baccalaur\u00e9at g\u00e9n\u00e9ral et technologique sont report\u00e9es aux 11, 12 et 13\u00a0mai\u00a02022, pour laisser aux lyc\u00e9ens le temps n\u00e9cessaire aux r\u00e9visions, que la cinqui\u00e8me vague du Covid-19 a pu perturber, provoquant ainsi des in\u00e9galit\u00e9s de situation. Les \u00e9preuves \u00ab d&rsquo;\u00e9valuation des capacit\u00e9s exp\u00e9rimentales \u00bb se d\u00e9rouleront dans les jours suivant.<br \/>Le programme des \u00e9preuves de sp\u00e9cialit\u00e9 sera identique, sans plus de sujets \u00e0 r\u00e9viser. Les notes de ces \u00e9preuves, qui devaient \u00eatre int\u00e9gr\u00e9es dans les dossiers de Parcoursup, seront remplac\u00e9es par les moyennes obtenues dans les mati\u00e8res concern\u00e9es en classe de premi\u00e8re, et au cours des deux premiers trimestres de la terminale.<br \/>D&rsquo;autre part, pour offrir les meilleurs conditions d&rsquo;examen aux candidats\u00a0:<br \/>En \u00e9ducation physique et sportive, les trois contr\u00f4les pr\u00e9vus au cours de l&rsquo;ann\u00e9e pourront \u00eatre r\u00e9duits \u00e0 deux.<br \/>En 1<sup>re<\/sup> g\u00e9n\u00e9rale, les \u00e9preuves anticip\u00e9es de fran\u00e7ais sont all\u00e9g\u00e9es, avec 16\u00a0textes \u00e0 pr\u00e9parer \u00e0 l&rsquo;oral\u00a0; en 1<sup>re<\/sup>\u00a0technologique, ils sont r\u00e9duits \u00e0 9. Le calendrier de ces oraux, fix\u00e9 par les acad\u00e9mies, pourra \u00eatre am\u00e9nag\u00e9 en fonction des situations locales.<br \/>Dans la voie professionnelle, afin d&rsquo;accorder plus de temps de r\u00e9vision aux candidats, les p\u00e9riodes de formation en milieu professionnel seront r\u00e9duites de deux semaines, le programme reste inchang\u00e9.<br \/><a href=\"https:\/\/www.service-public.fr\/particuliers\/vosdroits\/F10004\" data-xiti-name=\"Particuliers::Actualite::Navigation_Directe::Baccalaur\u00e9at\">Baccalaur\u00e9at<\/a><br \/><a href=\"https:\/\/www.service-public.fr\/particuliers\/actualites\/A15464\" data-xiti-name=\"Particuliers::Actualite::Navigation_Directe::Parcoursup_:_vous_pouvez_vous_inscrire_et_formuler_vos_voeux_jusqu\u2019au_29_mars_2022\">Parcoursup\u00a0:\u00a0vous pouvez vous inscrire et formuler vos voeux jusqu\u2019au 29\u00a0mars\u00a02022<\/a><br \/><a href=\"https:\/\/www.service-public.fr\/particuliers\/actualites\/A15212\" data-xiti-name=\"Particuliers::Actualite::Navigation_Directe::Brevet,_baccalaur\u00e9at_et_CAP_:_le_calendrier_des_examens_en_2022\">Brevet, baccalaur\u00e9at et CAP\u00a0:\u00a0le calendrier des examens en 2022<\/a><br \/><a href=\"https:\/\/www.education.gouv.fr\/baccalaureat-2022-amenagements-des-epreuves-compte-tenu-de-la-situation-sanitaire-327122\" target=\"_blank\" rel=\"noopener noreferrer\" title=\"Baccalaur\u00e9at 2022 : am\u00e9nagements des \u00e9preuves compte tenu de la situation sanitaire - education.gouv.fr - Nouvelle fen\u00eatre\" data-xiti-name=\"Particuliers::Actualite::Navigation_Directe::Baccalaur\u00e9at_2022_:_am\u00e9nagements_des_\u00e9preuves_compte_tenu_de_la_situation_sanitaire\" data-xiti-type=\"exit\">Baccalaur\u00e9at 2022 : am\u00e9nagements des \u00e9preuves compte tenu de la situation sanitaire\u00a0<span aria-hidden=\"true\" class=\"icon icon-external-link\"><\/span><\/a><br \/>Minist\u00e8re charg\u00e9 de l&#039;\u00e9ducation<br \/><a href=\"https:\/\/www.education.gouv.fr\/ajustement-pour-le-baccalaureat-general-et-technologique-compter-de-la-session-2022-324134\" target=\"_blank\" rel=\"noopener noreferrer\" title=\"Ajustement pour le baccalaur\u00e9at g\u00e9n\u00e9ral et technologique \u00e0 compter de la session 2022 - education.gouv.fr - Nouvelle fen\u00eatre\" data-xiti-name=\"Particuliers::Actualite::Navigation_Directe::Ajustement_pour_le_baccalaur\u00e9at_g\u00e9n\u00e9ral_et_technologique_\u00e0_compter_de_la_session_2022\" data-xiti-type=\"exit\">Ajustement pour le baccalaur\u00e9at g\u00e9n\u00e9ral et technologique \u00e0 compter de la session 2022\u00a0<span aria-hidden=\"true\" class=\"icon icon-external-link\"><\/span><\/a><br \/>Minist\u00e8re charg\u00e9 de l&#039;\u00e9ducation<br \/><span>Cinqui\u00e8me vague de Covid-19<\/span><br \/><a href=\"https:\/\/www.service-public.fr\/particuliers\/actualites\/A15460\" data-test=\"titreActu\" data-xiti-name=\"Particuliers::Actualite::Navigation_Directe::All\u00e8gement_progressif_des_mesures_sanitaires_\u00e0_partir_du_2_f\u00e9vrier_2022\">All\u00e8gement progressif des mesures sanitaires \u00e0 partir du 2 f\u00e9vrier 2022<\/a><br \/><span data-test=\"dateActu\">Publi\u00e9 le 02 f\u00e9vrier 2022<\/span><br \/><span>Passe vaccinal valide<\/span><br \/><a href=\"https:\/\/www.service-public.fr\/particuliers\/actualites\/A15473\" data-test=\"titreActu\" data-xiti-name=\"Particuliers::Actualite::Navigation_Directe::Qui_est_concern\u00e9_par_la_mise_\u00e0_jour_de_l&#039;attestation_de_vaccination_au_1er_f\u00e9vrier_2022_?\">Qui est concern\u00e9 par la mise \u00e0 jour de l&#039;attestation de vaccination au 1er\u00a0f\u00e9vrier\u00a02022\u00a0?<\/a><br \/><span data-test=\"dateActu\">Publi\u00e9 le 01 f\u00e9vrier 2022<\/span><br \/><span>Sant\u00e9 et s\u00e9curit\u00e9<\/span><br \/><a href=\"https:\/\/www.service-public.fr\/particuliers\/actualites\/A15338\" data-test=\"titreActu\" data-xiti-name=\"Particuliers::Actualite::Navigation_Directe::Protocole_sanitaire_au_travail_:_quelles_sont_les_\u00e9volutions_au_25_janvier_2022_?\">Protocole sanitaire au travail\u00a0: quelles sont les \u00e9volutions au 25\u00a0janvier\u00a02022\u00a0?<\/a><br \/><span data-test=\"dateActu\">Publi\u00e9 le 31 janvier 2022<\/span><br \/><a href=\"https:\/\/www.service-public.fr\/particuliers\/actualites\/liste-breves\" data-xiti-name=\"Particuliers::Actualite::Navigation_standard::null\">Toutes les actualit\u00e9s<\/a><br \/><span>Passe sanitaire<\/span><br \/><a href=\"https:\/\/www.service-public.fr\/particuliers\/actualites\/A15121\" data-test=\"titreActu\" data-xiti-name=\"Particuliers::Actualite::Navigation_Directe::Tout_savoir_sur_le_passe_vaccinal\">Tout savoir sur le passe vaccinal<\/a><br \/><span data-test=\"dateActu\">Publi\u00e9 le 28 janvier 2022<\/span><br \/><span>Sant\u00e9 et citoyennet\u00e9<\/span><br \/><a href=\"https:\/\/www.service-public.fr\/particuliers\/actualites\/A13995\" data-test=\"titreActu\" data-xiti-name=\"Particuliers::Actualite::Navigation_Directe::\u00c9pid\u00e9mie_Coronavirus_(Covid-19)_:_ce_qu&#039;il_faut_savoir\">\u00c9pid\u00e9mie Coronavirus (Covid-19)\u00a0: ce qu&#039;il faut savoir<\/a><br \/><span data-test=\"dateActu\">Publi\u00e9 le 24 janvier 2022<\/span><br \/><span>Rep\u00e8res<\/span><br \/><a href=\"https:\/\/www.service-public.fr\/particuliers\/actualites\/A15424\" data-test=\"titreActu\" data-xiti-name=\"Particuliers::Actualite::Navigation_Directe::Ce_qui_change_en_janvier_2022\">Ce qui change en janvier 2022<\/a><br \/><span data-test=\"dateActu\">Publi\u00e9 le 19 janvier 2022<\/span><br \/><a href=\"https:\/\/www.service-public.fr\/particuliers\/actualites\/liste-dossiers\" data-xiti-name=\"Particuliers::Actualite::Navigation_standard::null\">Tous les dossiers<\/a><br \/><a href=\"https:\/\/www.service-public.fr\/particuliers\/actualites\/agenda\" data-xiti-name=\"Particuliers::Actualite::Navigation_standard::null\">Toutes les \u00e9ch\u00e9ances<\/a><br \/>     Le r\u00f4le des Actualit\u00e9s est de signaler rapidement des mesures susceptibles de modifier ou pr\u00e9ciser des droits et     obligations. Ces br\u00e8ves d\u2019actualit\u00e9 rendent compte \u00e9galement des modifications apport\u00e9es aux d\u00e9marches pratiques     pour exercer ces droits. La r\u00e9daction n&rsquo;est pas \u00e0 l&rsquo;origine de ces d\u00e9cisions et son r\u00f4le n\u2019est pas d\u2019en     discuter. Tous ces courts articles mentionnent les sources \u00e0 consulter. Il convient de s&rsquo;y reporter soit pour     v\u00e9rifier l&rsquo;information, en cas de besoin, soit pour en savoir plus. Vous pouvez en revanche signaler \u00e0 la     r\u00e9daction de service-public.fr d&rsquo;\u00e9ventuelles coquilles ou erreurs pr\u00e9sentes dans l\u2019article :     <a rel=\"nofollow\" href=\"https:\/\/www.service-public.fr\/contact\/remarque?type=actu&amp;titreFiche=Les%20%C3%A9preuves%20de%20sp%C3%A9cialit%C3%A9%20du%20Bac%20sont%20report%C3%A9es%20en%20mai%202022&amp;urlFiche=https:\/\/www.service-public.fr\/particuliers\/actualites\/A15475&amp;audienceFiche=Particuliers\"><span>\u00c9crire \u00e0 la r\u00e9daction<\/span><\/a><br \/><a href=\"#top\"><span>Retour en haut de page<\/span><\/a><br \/><a class=\"btn btn-default btn-twitter\" href=\"https:\/\/twitter.com\/servicepublicfr\" target=\"_blank\" rel=\"noopener noreferrer\" title=\"service-public.fr sur twitter - twitter.com (Nouvelle fen\u00eatre)\" data-xiti-name=\"Social::Twitter::Particuliers::Actualite\" data-xiti-type=\"exit\"><span aria-hidden=\"true\" class=\"icon icon-twitter\"><\/span>             @servicepublicfr<\/a><br \/>Abonnement hebdomadaire gratuit<br \/><label class=\"sr-only\" for=\"abo-newsletterSubscriber\">Votre adresse \u00e9lectronique (exemple : nom@exemple.fr)&nbsp;:<\/label><span class=\"input-group-btn\"><button class=\"btn btn-primary\" type=\"submit\" data-xiti-name=\"Particuliers::Actualite::Valider::Newsletter_abonnement\" data-xiti-type=\"action\">M\u2019inscrire<\/button><\/span><br \/><a class=\"btn btn-primary btn-facebook\" href=\"https:\/\/www.facebook.com\/ServicePublicFr\" target=\"_blank\" rel=\"noopener noreferrer\" title=\"service-public.fr sur facebook - www.facebook.com (nouvelle fen\u00eatre)\" data-xiti-name=\"Social::Facebook::Particuliers::Actualite\" data-xiti-type=\"exit\"><span aria-hidden=\"true\" class=\"icon icon-facebook\"><\/span> ServicePublicFr           <\/a><br \/>R\u00e9publique <br \/>Fran\u00e7aise<br \/>Service Public vous informe et vous oriente vers les services qui permettent de conna\u00eetre vos obligations, d&rsquo;exercer vos droits et de faire vos d\u00e9marches du quotidien.<br \/><span>Il est \u00e9dit\u00e9 par la <\/span><a href=\"https:\/\/www.dila.premier-ministre.gouv.fr\/\" rel=\"noopener noreferrer\" target=\"_blank\" title=\"Direction de l'information l\u00e9gale et administrative - Nouvelle fen\u00eatre\" data-xiti-name=\"Footer::Direction_de_l_information_legale_et_administrative::Particuliers::null\" data-xiti-type=\"exit\">Direction de l\u2019information l\u00e9gale et administrative<\/a> et r\u00e9alis\u00e9 en partenariat avec les administrations nationales et locales.         <br \/><span>Sauf mention contraire, tous les textes de ce site sont sous <\/span><a href=\"https:\/\/github.com\/etalab\/licence-ouverte\/blob\/master\/LO.md\" rel=\"noopener noreferrer\" target=\"_blank\" title=\"licence etalab-2.0 - nouvelle fen\u00eatre\">licence etalab-2.0<\/a><\/p>\n<p><a href=\"https:\/\/www.service-public.fr\/particuliers\/actualites\/A15475\">source<\/a><\/p>\n<!--CusAds0-->\n<div style=\"font-size: 0px; height: 0px; line-height: 0px; margin: 0; padding: 0; clear: both;\"><\/div>","protected":false},"excerpt":{"rendered":"<p>Javascript est d\u00e9sactiv\u00e9 dans votre navigateur. Vous ne pourrez pas avoir acc\u00e8s aux fonctionnalit\u00e9s de modification ou de suppression des informations et documents de votre compte.Cr\u00e9er un espace associationLes champs marqu\u00e9s d\u2019un * sont obligatoires.Des erreurs sont pr\u00e9sentes dans le formulaire* Quel est le nom de votre association&nbsp;? FermerL\u2019acc\u00e8s au compte est temporairement d\u00e9sactiv\u00e9 pour [&hellip;]<\/p>\n","protected":false},"author":1,"featured_media":0,"comment_status":"open","ping_status":"open","sticky":false,"template":"","format":"standard","meta":{"googlesitekit_rrm_CAow1sXXCw:productID":"","_jetpack_memberships_contains_paid_content":false,"footnotes":"","jetpack_publicize_message":"","jetpack_publicize_feature_enabled":true,"jetpack_social_post_already_shared":false,"jetpack_social_options":{"image_generator_settings":{"template":"highway","default_image_id":0,"font":"","enabled":false},"version":2}},"categories":[1],"tags":[],"class_list":["post-3487","post","type-post","status-publish","format-standard","hentry","category-non-classe"],"jetpack_publicize_connections":[],"jetpack_featured_media_url":"","jetpack_sharing_enabled":true,"_links":{"self":[{"href":"https:\/\/monblogeur.tech\/index.php\/wp-json\/wp\/v2\/posts\/3487","targetHints":{"allow":["GET"]}}],"collection":[{"href":"https:\/\/monblogeur.tech\/index.php\/wp-json\/wp\/v2\/posts"}],"about":[{"href":"https:\/\/monblogeur.tech\/index.php\/wp-json\/wp\/v2\/types\/post"}],"author":[{"embeddable":true,"href":"https:\/\/monblogeur.tech\/index.php\/wp-json\/wp\/v2\/users\/1"}],"replies":[{"embeddable":true,"href":"https:\/\/monblogeur.tech\/index.php\/wp-json\/wp\/v2\/comments?post=3487"}],"version-history":[{"count":0,"href":"https:\/\/monblogeur.tech\/index.php\/wp-json\/wp\/v2\/posts\/3487\/revisions"}],"wp:attachment":[{"href":"https:\/\/monblogeur.tech\/index.php\/wp-json\/wp\/v2\/media?parent=3487"}],"wp:term":[{"taxonomy":"category","embeddable":true,"href":"https:\/\/monblogeur.tech\/index.php\/wp-json\/wp\/v2\/categories?post=3487"},{"taxonomy":"post_tag","embeddable":true,"href":"https:\/\/monblogeur.tech\/index.php\/wp-json\/wp\/v2\/tags?post=3487"}],"curies":[{"name":"wp","href":"https:\/\/api.w.org\/{rel}","templated":true}]}}